{"id":6894,"date":"2020-03-24T11:28:40","date_gmt":"2020-03-24T10:28:40","guid":{"rendered":"https:\/\/www.culturalusa.com\/news\/?p=6894"},"modified":"2020-09-24T15:04:47","modified_gmt":"2020-09-24T13:04:47","slug":"face-a-une-forte-demande-de-respirateurs-lindustrie-sorganise","status":"publish","type":"post","link":"https:\/\/www.culturalusa.com\/news\/technologie\/face-a-une-forte-demande-de-respirateurs-lindustrie-sorganise\/","title":{"rendered":"Face \u00e0 une forte demande de \u00ab\u00a0Respirateurs\u00a0\u00bb, l&rsquo;industrie s&rsquo;organise"},"content":{"rendered":"<p>Apr\u00e8s la <strong>p\u00e9nurie de gants et de masques<\/strong>, la demande en <strong>respirateurs<\/strong> augmente face \u00e0 la <strong>pand\u00e9mie de Covid-19<\/strong>. Pour y r\u00e9pondre, des industriels s&rsquo;organisent et essaient de d\u00e9velopper des solutions innovantes.<\/p>\n<p>\u00ab\u00a0Alors que la pand\u00e9mie mondiale \u00e9volue, il existe une demande sans pr\u00e9c\u00e9dent d&rsquo;<strong>\u00e9quipements m\u00e9dicaux<\/strong>, notamment de respirateurs\u00a0\u00bb, a ainsi d\u00e9clar\u00e9 Kieran Murphy, le PDG de GE Healthcare. La soci\u00e9t\u00e9 am\u00e9ricaine d&rsquo;appareils m\u00e9dicaux a augment\u00e9 sa capacit\u00e9 de fabrication d&rsquo;\u00e9quipements, et renforc\u00e9 ses \u00e9quipes qui produisent d\u00e9sormais 24 heures sur 24.<\/p>\n<p>Le fabricant su\u00e9dois Getinge indique lui aussi avoir augment\u00e9 ses capacit\u00e9s de production \u00ab\u00a0face \u00e0 la demande exponentielle en France et dans le monde\u00a0\u00bb. \u00ab\u00a0Tous nos \u00e9quipements utilis\u00e9s habituellement dans le cadre de d\u00e9monstrations, de formations ou lors de congr\u00e8s ont \u00e9t\u00e9 mis imm\u00e9diatement \u00e0 disposition de nos clients\u00a0\u00bb, explique-t-il dans un communiqu\u00e9.<\/p>\n<p>M\u00eame effort chez le fran\u00e7ais Air Liquide, qui a agrandi sa ligne d&rsquo;assemblage: de 500 ventilateurs de r\u00e9animation produits par mois actuellement, il compte passer \u00e0 1.100 en avril, tandis que les ventilateurs non invasifs de sant\u00e9 \u00e0 domicile vont voir leur production passer de 200 \u00e0 600 sur cette p\u00e9riode.<\/p>\n<p>En Allemagne, le g\u00e9ant des technologies m\u00e9dicales Dr\u00e4ger dit \u00e9galement avoir \u00ab\u00a0doubl\u00e9\u00a0\u00bb sa production de respirateurs ces derni\u00e8res semaines, et L\u00f6wenstein doit honorer une commande du gouvernement pour 6.500 appareils respiratoires dans les trois prochains mois.<br \/>\nL&rsquo;entreprise avait commenc\u00e9 en f\u00e9vrier \u00e0 augmenter consid\u00e9rablement sa production, notamment en raison de la demande de Chine.<\/p>\n<p><strong>Besoins en personnel<\/strong><\/p>\n<p>Est-ce que ce sera suffisant? L&rsquo;\u00e9pid\u00e9mie de coronavirus provoque un afflux de patients dans les h\u00f4pitaux, o\u00f9 certains services de r\u00e9animation \u00ab\u00a0sont d\u00e9j\u00e0 d\u00e9bord\u00e9s\u00a0\u00bb et risquent de manquer de respirateurs artificiels, ont r\u00e9cemment alert\u00e9 des responsables hospitaliers fran\u00e7ais.<\/p>\n<p>En Italie, face \u00e0 la saturation des h\u00f4pitaux, la Soci\u00e9t\u00e9 italienne d&rsquo;anesth\u00e9sie, r\u00e9animation et soins intensifs envisageait m\u00eame d\u00e9but mars une limite d&rsquo;\u00e2ge pour l&rsquo;admission en soins intensifs.<\/p>\n<p>En r\u00e9ponse, les pouvoirs publics se tournent vers d&rsquo;autres industries susceptibles de venir en aide aux h\u00f4pitaux. Dimanche, le pr\u00e9sident am\u00e9ricain Donald Trump a donn\u00e9 sur Twitter un \u00ab\u00a0feu vert\u00a0\u00bb pour que les groupes automobiles General Motors, Ford et Tesla fabriquent ou aident \u00e0 augmenter la production de respirateurs. <\/p>\n<p>Comme ses homologues am\u00e9ricains, le constructeur fran\u00e7ais PSA a indiqu\u00e9 \u00e0 l&rsquo;AFP \u00e9tudier \u00ab\u00a0tr\u00e8s s\u00e9rieusement la faisabilit\u00e9\u00a0\u00bb de s&rsquo;associer \u00e0 la fabrication de machines de respiration artificielle.<\/p>\n<p>Les collaborations se multiplient, et les technologies innovantes comme l&rsquo;impression 3D sont mises \u00e0 contribution. Ainsi, l&rsquo;entreprise n\u00e9erlandaise Ultimaker met \u00e0 disposition des h\u00f4pitaux ses centres d&rsquo;impression 3D, ses experts et ses designers. \u00ab\u00a0Il y a une \u00e9norme demande\u00a0\u00bb, explique son PDG Jos Burger, contact\u00e9 par l&rsquo;AFP, qui explique que cette technologie permet notamment d&rsquo;imprimer des valves pour respirateurs.<\/p>\n<p>Dans l&rsquo;Est de la France, r\u00e9gion particuli\u00e8rement touch\u00e9e par l&rsquo;\u00e9pid\u00e9mie, l&rsquo;atelier de collaboration ouverte de l&rsquo;universit\u00e9 de technologie de Belfort-Montb\u00e9liard s&rsquo;est \u00e9galement pench\u00e9 sur un prototype de respirateur. \u00ab\u00a0Cela reste \u00e0 l&rsquo;\u00e9tape de prototype. Mais en situation de crise cela peut toujours servir\u00a0\u00bb, souligne Olivier Lamotte, ing\u00e9nieur \u00e0 l&rsquo;UTBM et responsable de ce \u00ab\u00a0crunch lab\u00a0\u00bb.<\/p>\n<p>\u00ab\u00a0Depuis quelques jours, toute la plan\u00e8te dit qu&rsquo;il faut imprimer des pi\u00e8ces pour respirateurs ou des masques. Mais il faut v\u00e9rifier ces informations: notre r\u00f4le est de tester, de v\u00e9rifier ce qui fonctionne\u00a0\u00bb, pr\u00e9vient-il. \u00ab\u00a0Pour l&rsquo;instant, on essaie de prendre le maximum d&rsquo;informations pour ne pas \u00eatre bloqu\u00e9s s&rsquo;il devenait important de produire des choses\u00a0\u00bb, explique-t-il.<\/p>\n<p>Toutefois, plus que de respirateurs, c&rsquo;est de personnel et d&rsquo;\u00e9quipements de protection dont les h\u00f4pitaux risquent de manquer le plus, nuance Olivier de Cock, ancien secr\u00e9taire g\u00e9n\u00e9ral du Syndicat national des anesth\u00e9sistes-r\u00e9animateurs fran\u00e7ais.<\/p>\n<p>Alors que la tendance est actuellement, en r\u00e9animation, de placer les malades du covid-19 sur le ventre, \u00ab\u00a0il faut cinq personnes pour mettre un patient sur le ventre\u00a0\u00bb, rappelle-t-il. \u00ab\u00a0Il faut du personnel, mais aussi des protections pour ce personnel\u00a0\u00bb, dont des masques et des lunettes, plaide-t-il.<\/p>\n","protected":false},"excerpt":{"rendered":"<p>Apr\u00e8s la p\u00e9nurie de gants et de masques, la demande en respirateurs augmente face \u00e0 la pand\u00e9mie de Covid-19. Pour y r\u00e9pondre, des industriels s&rsquo;organisent et essaient de d\u00e9velopper des solutions innovantes. \u00ab\u00a0Alors que la pand\u00e9mie mondiale \u00e9volue, il existe une demande sans pr\u00e9c\u00e9dent d&rsquo;\u00e9quipements m\u00e9dicaux, notamment de respirateurs\u00a0\u00bb, a ainsi d\u00e9clar\u00e9 Kieran Murphy, le [&hellip;]<\/p>\n","protected":false},"author":1,"featured_media":6895,"comment_status":"open","ping_status":"closed","sticky":false,"template":"","format":"standard","meta":{"footnotes":""},"categories":[6],"tags":[1220,1214,1211,1219],"class_list":["post-6894","post","type-post","status-publish","format-standard","has-post-thumbnail","hentry","category-technologie","tag-equipements-medicaux","tag-covid-19","tag-pandemie","tag-respirateurs"],"aioseo_notices":[],"_links":{"self":[{"href":"https:\/\/www.culturalusa.com\/news\/wp-json\/wp\/v2\/posts\/6894","targetHints":{"allow":["GET"]}}],"collection":[{"href":"https:\/\/www.culturalusa.com\/news\/wp-json\/wp\/v2\/posts"}],"about":[{"href":"https:\/\/www.culturalusa.com\/news\/wp-json\/wp\/v2\/types\/post"}],"author":[{"embeddable":true,"href":"https:\/\/www.culturalusa.com\/news\/wp-json\/wp\/v2\/users\/1"}],"replies":[{"embeddable":true,"href":"https:\/\/www.culturalusa.com\/news\/wp-json\/wp\/v2\/comments?post=6894"}],"version-history":[{"count":0,"href":"https:\/\/www.culturalusa.com\/news\/wp-json\/wp\/v2\/posts\/6894\/revisions"}],"wp:featuredmedia":[{"embeddable":true,"href":"https:\/\/www.culturalusa.com\/news\/wp-json\/wp\/v2\/media\/6895"}],"wp:attachment":[{"href":"https:\/\/www.culturalusa.com\/news\/wp-json\/wp\/v2\/media?parent=6894"}],"wp:term":[{"taxonomy":"category","embeddable":true,"href":"https:\/\/www.culturalusa.com\/news\/wp-json\/wp\/v2\/categories?post=6894"},{"taxonomy":"post_tag","embeddable":true,"href":"https:\/\/www.culturalusa.com\/news\/wp-json\/wp\/v2\/tags?post=6894"}],"curies":[{"name":"wp","href":"https:\/\/api.w.org\/{rel}","templated":true}]}}