{"id":6897,"date":"2020-03-24T11:53:50","date_gmt":"2020-03-24T10:53:50","guid":{"rendered":"https:\/\/www.culturalusa.com\/news\/?p=6897"},"modified":"2020-09-24T15:04:26","modified_gmt":"2020-09-24T13:04:26","slug":"james-bond-mourir-peut-attendre-un-film-emouvant-et-drole","status":"publish","type":"post","link":"https:\/\/www.culturalusa.com\/news\/culture\/james-bond-mourir-peut-attendre-un-film-emouvant-et-drole\/","title":{"rendered":"James Bond: \u00ab\u00a0Mourir peut attendre\u00a0\u00bb un film \u00e9mouvant et dr\u00f4le"},"content":{"rendered":"<p><strong>James Bond<\/strong> est de retour sur grand \u00e9cran, mais la sortie de \u00ab\u00a0<strong>James Bond: No Time to Die<\/strong>\u00a0\u00bb est repouss\u00e9e.<\/p>\n<p>Cinq ans apr\u00e8s l\u2019ultime mission \u201c007 Spectre\u201d r\u00e9alis\u00e9e par Sam Mendes, James Bond revient en 2020 dans \u201cMourir peut attendre\u201d pour une 25e aventure sign\u00e9e Cary Joji Fukunaga. <\/p>\n<p>Fid\u00e8le \u00e0 la saga, <strong>Daniel Craig<\/strong> incarnera James Bond pour la derni\u00e8re fois dans ce 25e volet de la saga. <\/p>\n<p>On retrouvera \u00e9galement l\u2019actrice fran\u00e7aise L\u00e9a Seydoux, d\u00e9j\u00e0 pr\u00e9sente dans la mission \u201c007 Spectre\u201d dans la peau de Madeleine Swann, ou encore l\u2019am\u00e9ricain Rami Malek que l\u2019on a d\u00e9j\u00e0 vu dans le film \u201cBohemian Rhapsody\u201d qui campera Safin. <\/p>\n<p>Un film dr\u00f4le, \u00e9tonnant et \u00e9mouvant<\/p>\n<p>\u201cJe pense que le film va \u00eatre un film assez \u00e9tonnant pour un James Bond, il est tr\u00e8s \u00e9mouvant\u201d.<\/p>\n<p><iframe loading=\"lazy\" width=\"100%\" height=\"375\" src=\"https:\/\/www.youtube.com\/embed\/0JBaU_sbwg8\" frameborder=\"0\" allow=\"accelerometer; autoplay; encrypted-media; gyroscope; picture-in-picture\" allowfullscreen><\/iframe><\/p>\n<p>C\u2019est en tout cas ce qu\u2019a affirm\u00e9 L\u00e9a Seydoux dans une interview accord\u00e9e \u00e0 Canal+ ce dimanche 9 f\u00e9vrier sur le tapis rouge des Oscars 2020, comme vous pouvez le voir dans notre vid\u00e9o en t\u00eate d\u2019article. <\/p>\n<p>Si le suspens concernant le r\u00e9cit du film est toujours pr\u00e9sent, le sort du personnage que l\u2019actrice campera a \u00e9t\u00e9 d\u00e9j\u00e0 d\u00e9voil\u00e9. \u201cMadeleine [Swann] revient, mais cette fois-ci, elle va vous surprendre\u201d, dit-elle. <\/p>\n<p>Dans cette nouvelle aventure, James Bond quitte les services secrets pour profiter de la vie tranquille en Jama\u00efque. Mais le calme ne va pas durer longtemps.<br \/>\nFelix Leiter, agent de la CIA, d\u00e9barque pour solliciter l\u2019aide du c\u00e9l\u00e8bre espion afin de lib\u00e9rer un scientifique kidnapp\u00e9.<\/p>\n<p>La mission de 007 se r\u00e9v\u00e8le bien plus compliqu\u00e9e que pr\u00e9vu et il va devoir faire face \u00e0 un ennemi d\u00e9tenant de redoutables armes technologiques, il s\u2019agit de Safin. La sortie du long-m\u00e9trage d\u2019espionnage \u201cMourir peut attendre\u201d est pr\u00e9vue pour le 8 avril 2020. (<a style=\"color:#333;\" href=\"https:\/\/www.yahoo.com\/author\/khalil-kajehi-557\" rel=\"noopener noreferrer\" target=\"_blank\">Khalil Kajehi<\/a>)<\/p>\n","protected":false},"excerpt":{"rendered":"<p>James Bond est de retour sur grand \u00e9cran, mais la sortie de \u00ab\u00a0James Bond: No Time to Die\u00a0\u00bb est repouss\u00e9e. Cinq ans apr\u00e8s l\u2019ultime mission \u201c007 Spectre\u201d r\u00e9alis\u00e9e par Sam Mendes, James Bond revient en 2020 dans \u201cMourir peut attendre\u201d pour une 25e aventure sign\u00e9e Cary Joji Fukunaga. Fid\u00e8le \u00e0 la saga, Daniel Craig incarnera [&hellip;]<\/p>\n","protected":false},"author":1,"featured_media":6898,"comment_status":"open","ping_status":"closed","sticky":false,"template":"","format":"standard","meta":{"footnotes":""},"categories":[4],"tags":[1221,1222,1223],"class_list":["post-6897","post","type-post","status-publish","format-standard","has-post-thumbnail","hentry","category-culture","tag-daniel-craig","tag-james-bond","tag-no-time-to-die"],"aioseo_notices":[],"_links":{"self":[{"href":"https:\/\/www.culturalusa.com\/news\/wp-json\/wp\/v2\/posts\/6897","targetHints":{"allow":["GET"]}}],"collection":[{"href":"https:\/\/www.culturalusa.com\/news\/wp-json\/wp\/v2\/posts"}],"about":[{"href":"https:\/\/www.culturalusa.com\/news\/wp-json\/wp\/v2\/types\/post"}],"author":[{"embeddable":true,"href":"https:\/\/www.culturalusa.com\/news\/wp-json\/wp\/v2\/users\/1"}],"replies":[{"embeddable":true,"href":"https:\/\/www.culturalusa.com\/news\/wp-json\/wp\/v2\/comments?post=6897"}],"version-history":[{"count":0,"href":"https:\/\/www.culturalusa.com\/news\/wp-json\/wp\/v2\/posts\/6897\/revisions"}],"wp:featuredmedia":[{"embeddable":true,"href":"https:\/\/www.culturalusa.com\/news\/wp-json\/wp\/v2\/media\/6898"}],"wp:attachment":[{"href":"https:\/\/www.culturalusa.com\/news\/wp-json\/wp\/v2\/media?parent=6897"}],"wp:term":[{"taxonomy":"category","embeddable":true,"href":"https:\/\/www.culturalusa.com\/news\/wp-json\/wp\/v2\/categories?post=6897"},{"taxonomy":"post_tag","embeddable":true,"href":"https:\/\/www.culturalusa.com\/news\/wp-json\/wp\/v2\/tags?post=6897"}],"curies":[{"name":"wp","href":"https:\/\/api.w.org\/{rel}","templated":true}]}}