{"id":6907,"date":"2020-03-27T13:44:03","date_gmt":"2020-03-27T12:44:03","guid":{"rendered":"https:\/\/www.culturalusa.com\/news\/?p=6907"},"modified":"2020-09-24T15:03:47","modified_gmt":"2020-09-24T13:03:47","slug":"covid-19-portugal-avec-76-deces-et-plus-de-4-200-personnes-infectees","status":"publish","type":"post","link":"https:\/\/www.culturalusa.com\/news\/portugal\/covid-19-portugal-avec-76-deces-et-plus-de-4-200-personnes-infectees\/","title":{"rendered":"Covid-19: Portugal avec 187 d\u00e9c\u00e8s et plus de 8 251 personnes infect\u00e9es"},"content":{"rendered":"<p><span style=\"color: #800000;\"><strong>(Actualisation 01-04-2020)<\/strong><\/span> Aujourd&rsquo;hui, le Portugal enregistre 187 d\u00e9c\u00e8s associ\u00e9s \u00e0 covid-19, 27 de plus que mardi et 8 251 infect\u00e9s (plus 808), selon le bulletin \u00e9pid\u00e9miologique publi\u00e9 par la direction g\u00e9n\u00e9rale de la sant\u00e9 (DGS).<\/p>\n<p>Le rapport de situation \u00e9pid\u00e9miologique au Portugal, avec des donn\u00e9es mises \u00e0 jour jusqu&rsquo;\u00e0 minuit mardi, indique que la r\u00e9gion du Nord est celle avec le plus grand nombre de d\u00e9c\u00e8s (95), suivie par la r\u00e9gion du Centre (52), la r\u00e9gion de Lisbonne et la vall\u00e9e du Tage (38) et l&rsquo;Algarve, qui enregistre aujourd&rsquo;hui deux d\u00e9c\u00e8s.<\/p>\n<p>Par rapport \u00e0 mardi, lorsque 160 d\u00e9c\u00e8s ont \u00e9t\u00e9 enregistr\u00e9s, il y a aujourd&rsquo;hui une augmentation de 16,8% (27 de plus).<\/p>\n<p>Selon les donn\u00e9es du DGS, il y a 8 251 cas confirm\u00e9s, plus 808, soit une augmentation de 10,8% par rapport \u00e0 mardi.<\/p>\n<p><span style=\"color: #800000;\"><strong>(Actualisation 29-03-2020)<\/strong><\/span> Le Portugal enregistre actuellement 119 d\u00e9c\u00e8s associ\u00e9s \u00e0 covid-19, 19 de plus que samedi et 5 962 infect\u00e9s (plus de 792), selon le bulletin \u00e9pid\u00e9miologique publi\u00e9 par la Direction g\u00e9n\u00e9rale de la sant\u00e9 (DGS).<\/p>\n<p>Le rapport sur la situation \u00e9pid\u00e9miologique au Portugal, avec des donn\u00e9es mises \u00e0 jour samedi jusqu&rsquo;\u00e0 minuit, indique que la r\u00e9gion du Nord est celle avec le plus grand nombre de d\u00e9c\u00e8s (61), suivie par les r\u00e9gions du Centre et de Lisbonne et Vale do Tejo, avec 28 chacun, et l&rsquo;Algarve, qui enregistre aujourd&rsquo;hui deux morts.<\/p>\n<p>Par rapport \u00e0 samedi, alors qu&rsquo;il y avait 100 d\u00e9c\u00e8s, il y avait aujourd&rsquo;hui une augmentation de 19%.<br \/>\nSelon les donn\u00e9es du DGS, il y a 5 962 cas confirm\u00e9s, plus 902 (soit une augmentation de 15,3%) par rapport \u00e0 samedi.<\/p>\n<p><strong>(Actualisation 27-03-2020)<\/strong><br \/>\nLe Portugal enregistre aujourd&rsquo;hui 76 d\u00e9c\u00e8s associ\u00e9s \u00e0 covid-19, 16 de plus que jeudi, et le nombre de personnes infect\u00e9es est pass\u00e9 \u00e0 4 268, selon le bulletin \u00e9pid\u00e9miologique de la direction g\u00e9n\u00e9rale de la sant\u00e9.<\/p>\n<p>Le rapport sur la situation \u00e9pid\u00e9miologique au Portugal, avec des donn\u00e9es mises \u00e0 jour jusqu&rsquo;\u00e0 minuit mercredi, indique que la r\u00e9gion du Nord est celle avec le plus grand nombre de d\u00e9c\u00e8s (28), suivie par la r\u00e9gion de Lisbonne et la vall\u00e9e du Tage (18 ), la r\u00e9gion du Centre (13) et l&rsquo;Algarve (1). Par rapport au mercredi o\u00f9 il y a eu 43 d\u00e9c\u00e8s, il y a eu aujourd&rsquo;hui une augmentation de 39,5%.<\/p>\n<p>Selon les m\u00eames donn\u00e9es, il y en a 3 544 confirm\u00e9s, 549 de plus (soit une augmentation de 18,3%) par rapport \u00e0 mercredi.<\/p>\n<p>Depuis le 1er janvier, il y a 22 257 cas suspects, dont 2 145 attendent les r\u00e9sultats de laboratoire.<\/p>\n<p>Il y a 16 568 cas qui n&rsquo;ont pas \u00e9t\u00e9 confirm\u00e9s et 43 patients qui ont d\u00e9j\u00e0 r\u00e9cup\u00e9r\u00e9. Les autorit\u00e9s sanitaires surveillent 14 994 cas.<\/p>\n<p>L&rsquo;obstacle de 3500 cas a \u00e9t\u00e9 franchi le jour de l&rsquo;entr\u00e9e en vigueur de la phase d&rsquo;att\u00e9nuation de la pand\u00e9mie de covid-19, telle que d\u00e9termin\u00e9e par la Direction g\u00e9n\u00e9rale de la sant\u00e9 (DGS), impliquant l&rsquo;ensemble du syst\u00e8me de sant\u00e9, public et priv\u00e9.<\/p>\n<p>La phase d&rsquo;att\u00e9nuation est la troisi\u00e8me et la plus grave r\u00e9ponse \u00e0 la maladie de la covid-19 et est activ\u00e9e lorsqu&rsquo;il y a une transmission locale, dans un environnement ferm\u00e9 et \/ ou une transmission communautaire.<br \/>\n<img decoding=\"async\" style=\"width: 99%;\" src=\"http:\/\/portocanal.sapo.pt\/uploads\/fm\/noticias\/boletim-dgs-26-marco-2020\/1585235167-i026078-page-001.jpg\" alt=\"\" \/><\/p>\n","protected":false},"excerpt":{"rendered":"<p>(Actualisation 01-04-2020) Aujourd&rsquo;hui, le Portugal enregistre 187 d\u00e9c\u00e8s associ\u00e9s \u00e0 covid-19, 27 de plus que mardi et 8 251 infect\u00e9s (plus 808), selon le bulletin \u00e9pid\u00e9miologique publi\u00e9 par la direction g\u00e9n\u00e9rale de la sant\u00e9 (DGS). Le rapport de situation \u00e9pid\u00e9miologique au Portugal, avec des donn\u00e9es mises \u00e0 jour jusqu&rsquo;\u00e0 minuit mardi, indique que la r\u00e9gion [&hellip;]<\/p>\n","protected":false},"author":1,"featured_media":6908,"comment_status":"open","ping_status":"closed","sticky":false,"template":"","format":"standard","meta":{"footnotes":""},"categories":[3],"tags":[1227],"class_list":["post-6907","post","type-post","status-publish","format-standard","has-post-thumbnail","hentry","category-portugal","tag-covid-19-portugal"],"aioseo_notices":[],"_links":{"self":[{"href":"https:\/\/www.culturalusa.com\/news\/wp-json\/wp\/v2\/posts\/6907","targetHints":{"allow":["GET"]}}],"collection":[{"href":"https:\/\/www.culturalusa.com\/news\/wp-json\/wp\/v2\/posts"}],"about":[{"href":"https:\/\/www.culturalusa.com\/news\/wp-json\/wp\/v2\/types\/post"}],"author":[{"embeddable":true,"href":"https:\/\/www.culturalusa.com\/news\/wp-json\/wp\/v2\/users\/1"}],"replies":[{"embeddable":true,"href":"https:\/\/www.culturalusa.com\/news\/wp-json\/wp\/v2\/comments?post=6907"}],"version-history":[{"count":0,"href":"https:\/\/www.culturalusa.com\/news\/wp-json\/wp\/v2\/posts\/6907\/revisions"}],"wp:featuredmedia":[{"embeddable":true,"href":"https:\/\/www.culturalusa.com\/news\/wp-json\/wp\/v2\/media\/6908"}],"wp:attachment":[{"href":"https:\/\/www.culturalusa.com\/news\/wp-json\/wp\/v2\/media?parent=6907"}],"wp:term":[{"taxonomy":"category","embeddable":true,"href":"https:\/\/www.culturalusa.com\/news\/wp-json\/wp\/v2\/categories?post=6907"},{"taxonomy":"post_tag","embeddable":true,"href":"https:\/\/www.culturalusa.com\/news\/wp-json\/wp\/v2\/tags?post=6907"}],"curies":[{"name":"wp","href":"https:\/\/api.w.org\/{rel}","templated":true}]}}