{"id":693,"date":"2012-07-25T01:14:36","date_gmt":"2012-07-24T23:14:36","guid":{"rendered":"http:\/\/www.culturalusa.com\/news\/?p=693"},"modified":"2012-07-25T01:14:36","modified_gmt":"2012-07-24T23:14:36","slug":"lue-et-le-fmi-evoquent-de-serieux-risques-budgetaires","status":"publish","type":"post","link":"https:\/\/www.culturalusa.com\/news\/portugal\/lue-et-le-fmi-evoquent-de-serieux-risques-budgetaires\/","title":{"rendered":"L&rsquo;UE et le FMI \u00e9voquent de s\u00e9rieux risques budg\u00e9taires"},"content":{"rendered":"<figure id=\"attachment_694\" aria-describedby=\"caption-attachment-694\" style=\"width: 467px\" class=\"wp-caption aligncenter\"><img loading=\"lazy\" decoding=\"async\" src=\"http:\/\/www.culturalusa.com\/news\/wp-content\/uploads\/2012\/07\/ue-fmi.jpg\" alt=\"\" title=\"ue fmi\" width=\"467\" height=\"280\" class=\"size-full wp-image-694\" srcset=\"https:\/\/www.culturalusa.com\/news\/wp-content\/uploads\/2012\/07\/ue-fmi.jpg 467w, https:\/\/www.culturalusa.com\/news\/wp-content\/uploads\/2012\/07\/ue-fmi-275x165.jpg 275w\" sizes=\"auto, (max-width: 467px) 100vw, 467px\" \/><figcaption id=\"caption-attachment-694\" class=\"wp-caption-text\">Portugal: l&#039;UE et le FMI \u00e9voquent de s\u00e9rieux risques budg\u00e9taires<\/figcaption><\/figure>Le Portugal est \u00e0 la peine pour r\u00e9aliser ses objectifs budg\u00e9taires, ont admis mardi ses cr\u00e9anciers, soulignant que le pays, sous assistance financi\u00e8re, \u00e9tait p\u00e9nalis\u00e9 par un environnement d\u00e9favorable en raison de la crise de la zone euro.<\/p>\n<p>\u00ab\u00a0L&rsquo;objectif d&rsquo;un d\u00e9ficit \u00e0 4,5% du PIB en 2012 reste \u00e0 port\u00e9e, mais les risques budg\u00e9taires ont nettement augment\u00e9\u00a0\u00bb, a estim\u00e9 la Commission europ\u00e9enne dans un rapport sur la mise en oeuvre du programme de rigueur et de r\u00e9formes, exig\u00e9 par l&rsquo;Union europ\u00e9enne et le Fonds mon\u00e9taire international en contrepartie de l&rsquo;aide exceptionnelle de 78 milliards d&rsquo;euros qu&rsquo;ils lui ont accord\u00e9 en mai 2011.<\/p>\n<p>\u00ab\u00a0Les objectifs restent \u00e0 port\u00e9e et doivent \u00eatre maintenus m\u00eame si des risques concernant leur r\u00e9alisation ont augment\u00e9\u00a0\u00bb, a rench\u00e9ri le FMI, qui, comme la Commission, a salu\u00e9 une application \u00ab\u00a0solide\u00a0\u00bb du plan d&rsquo;aide au Portugal.<\/p>\n<p>Ces commentaires sont intervenus apr\u00e8s la r\u00e9alisation d\u00e9but juin de la quatri\u00e8me mission d&rsquo;\u00e9valuation de la \u00ab\u00a0tro\u00efka\u00a0\u00bb UE-FMI-BCE, repr\u00e9sentant les bailleurs de fonds du pays.<\/p>\n<p>Cette mission avait abouti \u00e0 un nouveau satisfecit permettant le d\u00e9blocage d&rsquo;une nouvelle tranche d&rsquo;aide de 4 milliards d&rsquo;euros, portant les fonds d\u00e9j\u00e0 vers\u00e9s \u00e0 57,1 milliards, soit \u00ab\u00a0plus de 70%\u00a0\u00bb du montant global pr\u00e9vu par ce programme sur trois ans.<\/p>\n<p>Mais depuis, l&rsquo;horizon s&rsquo;est singuli\u00e8rement obscurci. Selon des chiffres officiels, le d\u00e9ficit budg\u00e9taire au cours du premier trimestre 2012 a en effet atteint 7,9% du PIB venant compliquer l&rsquo;objectif du gouvernement de parvenir \u00e0 4,5% \u00e0 la fin de l&rsquo;ann\u00e9e et \u00e0 3% l&rsquo;an prochain.<\/p>\n<p>Ce mauvais chiffre tient principalement \u00e0 une baisse des recettes fiscales et une hausse impr\u00e9vue du ch\u00f4mage qui d\u00e9passe d\u00e9j\u00e0 les 15% et \u00ab\u00a0commence \u00e0 peser sur le budget de la s\u00e9curit\u00e9 sociale\u00a0\u00bb, a expliqu\u00e9 la Commission europ\u00e9enne.<\/p>\n<p>\u00ab\u00a0Si les recettes fiscales continuent de baisser, l&rsquo;objectif (budg\u00e9taire) est en risque\u00a0\u00bb, a pr\u00e9cis\u00e9 le chef de la mission du FMI, Abebe Selassie, en conf\u00e9rence t\u00e9l\u00e9phonique depuis Washington.<\/p>\n<p>Dans son rapport, le Fonds \u00e9voque m\u00eame un \u00e9ventuel \u00ab\u00a0ajustement\u00a0\u00bb de l&rsquo;objectif s&rsquo;il se r\u00e9v\u00e9lait \u00ab\u00a0trop difficile \u00e0 atteindre\u00a0\u00bb, mais M. Selassie a d\u00e9clar\u00e9 qu&rsquo;\u00e0 ce stade \u00ab\u00a0il n&rsquo;y a pas de raison de revoir cet objectif\u00a0\u00bb.<\/p>\n<p style=\"text-align:center;\"><script type=\"text\/javascript\"><!--\ngoogle_ad_client = \"ca-pub-2727717456356200\";\n\/* CulturaLusa 468x60 *\/\ngoogle_ad_slot = \"2785499263\";\ngoogle_ad_width = 468;\ngoogle_ad_height = 60;\n\/\/-->\n<\/script><br \/>\n<script type=\"text\/javascript\"\nsrc=\"http:\/\/pagead2.googlesyndication.com\/pagead\/show_ads.js\">\n<\/script><\/p>\n<p>L&rsquo;UE et le FMI ont d&rsquo;autre part soulign\u00e9 que les efforts du Portugal intervenaient dans un contexte particuli\u00e8rement difficile alors que la crise dans la zone euro, loin d&rsquo;\u00eatre apais\u00e9e, frappe en particulier l&rsquo;Espagne, le principal partenaire \u00e9conomique du Portugal.<\/p>\n<p>\u00ab\u00a0La crise de la zone euro g\u00e9n\u00e8re des risques persistants de contagion\u00a0\u00bb, a soulign\u00e9 le FMI en ajoutant : \u00ab\u00a0des conditions \u00e9conomiques fragiles impliquent que m\u00eame avec un forte application du programme d&rsquo;aide des chocs externes puissent inverser les gains obtenus jusque l\u00e0\u00a0\u00bb.<\/p>\n<p>La situation est d&rsquo;autant plus d\u00e9licate que la r\u00e9cession devrait atteindre 3% du PIB cette ann\u00e9e, avant une l\u00e9g\u00e8re relance de 0,2% en 2013, tandis que le taux de ch\u00f4mage devrait s&rsquo;\u00e9tablir \u00e0 15,4% en 2012 puis \u00e0 15,8% l&rsquo;an prochain.<\/p>\n<p>En outre, la dette publique du Portugal continuera de s&rsquo;alourdir \u00e0 114,4% du PIB en 2012, puis \u00e0 118,6% l&rsquo;an prochain, avant d&rsquo;inverser sa trajectoire \u00e0 partir de 2014.<\/p>\n<p>Le gouvernement a d&rsquo;autre part subi un s\u00e9rieux revers avec la r\u00e9cente d\u00e9cision de la Cour constitutionnelle de retoquer une de ses principales mesures consistant \u00e0 supprimer les 13e et 14e mois de salaire des fonctionnaires et des retrait\u00e9s m\u00eame si la suppression a \u00e9t\u00e9 maintenue en 2012, pour permettre pr\u00e9cis\u00e9ment au gouvernement d&rsquo;atteindre ses objectifs.<\/p>\n<p>Le Premier ministre Pedro Passos Coelho a d\u00e9j\u00e0 admis les difficult\u00e9s mais n&rsquo;en a pas moins r\u00e9affirm\u00e9 son engagement \u00e0 respecter ses objectifs, alors qu&rsquo;aussi bien dans les rangs de l&rsquo;opposition que dans ceux du parti au pouvoir, des voix se font entendre le pressant de demander des d\u00e9lais suppl\u00e9mentaires. (AFP)<\/p>\n","protected":false},"excerpt":{"rendered":"<p>Le Portugal est \u00e0 la peine pour r\u00e9aliser ses objectifs budg\u00e9taires, ont admis mardi ses cr\u00e9anciers, soulignant que le pays, sous assistance financi\u00e8re, \u00e9tait p\u00e9nalis\u00e9 par un environnement d\u00e9favorable en raison de la crise de la zone euro. \u00ab\u00a0L&rsquo;objectif d&rsquo;un d\u00e9ficit \u00e0 4,5% du PIB en 2012 reste \u00e0 port\u00e9e, mais les risques budg\u00e9taires ont [&hellip;]<\/p>\n","protected":false},"author":1,"featured_media":0,"comment_status":"open","ping_status":"closed","sticky":false,"template":"","format":"standard","meta":{"footnotes":""},"categories":[3],"tags":[],"class_list":["post-693","post","type-post","status-publish","format-standard","hentry","category-portugal"],"aioseo_notices":[],"_links":{"self":[{"href":"https:\/\/www.culturalusa.com\/news\/wp-json\/wp\/v2\/posts\/693","targetHints":{"allow":["GET"]}}],"collection":[{"href":"https:\/\/www.culturalusa.com\/news\/wp-json\/wp\/v2\/posts"}],"about":[{"href":"https:\/\/www.culturalusa.com\/news\/wp-json\/wp\/v2\/types\/post"}],"author":[{"embeddable":true,"href":"https:\/\/www.culturalusa.com\/news\/wp-json\/wp\/v2\/users\/1"}],"replies":[{"embeddable":true,"href":"https:\/\/www.culturalusa.com\/news\/wp-json\/wp\/v2\/comments?post=693"}],"version-history":[{"count":0,"href":"https:\/\/www.culturalusa.com\/news\/wp-json\/wp\/v2\/posts\/693\/revisions"}],"wp:attachment":[{"href":"https:\/\/www.culturalusa.com\/news\/wp-json\/wp\/v2\/media?parent=693"}],"wp:term":[{"taxonomy":"category","embeddable":true,"href":"https:\/\/www.culturalusa.com\/news\/wp-json\/wp\/v2\/categories?post=693"},{"taxonomy":"post_tag","embeddable":true,"href":"https:\/\/www.culturalusa.com\/news\/wp-json\/wp\/v2\/tags?post=693"}],"curies":[{"name":"wp","href":"https:\/\/api.w.org\/{rel}","templated":true}]}}