{"id":6935,"date":"2020-04-10T00:52:12","date_gmt":"2020-04-09T22:52:12","guid":{"rendered":"https:\/\/www.culturalusa.com\/news\/?p=6935"},"modified":"2020-09-24T15:02:25","modified_gmt":"2020-09-24T13:02:25","slug":"lombre-de-la-grande-depression-le-monde-a-la-recherche-de-reponses-concertees","status":"publish","type":"post","link":"https:\/\/www.culturalusa.com\/news\/actualite\/lombre-de-la-grande-depression-le-monde-a-la-recherche-de-reponses-concertees\/","title":{"rendered":"L&rsquo;ombre de la \u00ab\u00a0Grande D\u00e9pression\u00a0\u00bb, le monde \u00e0 la recherche de r\u00e9ponses concert\u00e9es"},"content":{"rendered":"<p>Les dirigeants mondiaux s&rsquo;effor\u00e7aient jeudi de surmonter leurs divisions pour apporter des r\u00e9ponses concert\u00e9es \u00e0 la pand\u00e9mie de Covid-19, qui a fait officiellement plus de 90.000 morts dans le monde et menace la plan\u00e8te d&rsquo;un d\u00e9sastre \u00e9conomique sans pr\u00e9c\u00e9dent.<\/p>\n<p>La patronne du <strong>Fonds mon\u00e9taire international<\/strong> (FMI), Kristalina Georgieva, a pr\u00e9venu : cette pand\u00e9mie aura \u00ab\u00a0les pires cons\u00e9quences \u00e9conomiques depuis la Grande D\u00e9pression\u00a0\u00bb de 1929.<\/p>\n<p>Alors que plus de la moiti\u00e9 de l&rsquo;humanit\u00e9 est plac\u00e9e en quarantaine, des \u00ab\u00a0secteurs entiers\u00a0\u00bb de l&rsquo;\u00e9conomie sont \u00e0 l&rsquo;arr\u00eat, rel\u00e8ve l&rsquo;Organisation mondiale du commerce (OMC), et un demi-milliard de personnes risquent de tomber dans la pauvret\u00e9, selon l&rsquo;ONG Oxfam.<\/p>\n<p><strong>Tutorial ougandais<\/strong><\/p>\n<p>\u00ab\u00a0Les pauvres n&rsquo;ont pas de revenus, encore moins d&rsquo;\u00e9conomies. Mes enfants ne peuvent pas travailler, tout le monde a besoin d&rsquo;aide\u00a0\u00bb, t\u00e9moigne Maria de Fatima Santos, une habitante de la Cit\u00e9 de Dieu, une favela embl\u00e9matique de Rio de Janeiro, au Br\u00e9sil.<\/p>\n<p>Dans la tr\u00e8s prosp\u00e8re Californie, sur la c\u00f4te ouest des Etats-Unis, le coronavirus d\u00e9cime l&#8217;emploi : tournages \u00e0 l&rsquo;arr\u00eat \u00e0 Hollywood, stades d\u00e9sert\u00e9s, bars ferm\u00e9s&#8230; \u00ab\u00a0personne n&rsquo;a de travail (&#8230;) c&rsquo;est la panique\u00a0\u00bb, se lamente Zach Machtem, ing\u00e9nieur du son de 32 ans, r\u00e9sumant l&rsquo;anxi\u00e9t\u00e9 des quelque 17 millions d&rsquo;Am\u00e9ricains qui ont perdu leur travail \u00e0 cause de la pand\u00e9mie.<\/p>\n<p>La Banque centrale am\u00e9ricaine a frapp\u00e9 un grand coup jeudi en annon\u00e7ant 2.300 milliards de dollars de nouveaux pr\u00eats pour soutenir l&rsquo;\u00e9conomie.<\/p>\n<p>Une premi\u00e8re en plus d&rsquo;un quart de si\u00e8cle, l&rsquo;Afrique subsaharienne, particuli\u00e8rement expos\u00e9e, devrait entrer en r\u00e9cession en 2020, a pr\u00e9venu la Banque mondiale.<\/p>\n<p>Sur le continent noir justement, \u00e0 peine sorti d&rsquo;une premi\u00e8re p\u00e9riode de quarantaine anti-coronavirus, le pr\u00e9sident du Botswana Mokgweetsi Masisi va \u00eatre contraint d&rsquo;y retourner pour deux semaines suppl\u00e9mentaires, cette fois en compagnie de tous les 63 d\u00e9put\u00e9s du pays, apr\u00e8s avoir cotoy\u00e9 une infirmi\u00e8re contamin\u00e9e par la <strong>maladie Covid-19<\/strong> venue&#8230; les soumettre \u00e0 un test de d\u00e9pistage.<\/p>\n<p>De son c\u00f4t\u00e9, le pr\u00e9sident ougandais, Yoweri Museveni, 75 ans, a publi\u00e9 jeudi une vid\u00e9o dans laquelle il montre comment se maintenir en forme chez soi, apr\u00e8s avoir interdit \u00e0 ses concitoyens, confin\u00e9s, de s&rsquo;exercer \u00e0 l&rsquo;ext\u00e9rieur.<\/p>\n<p>\u00ab\u00a0Alors vous commencez par vous \u00e9chauffer\u00a0\u00bb, y explique doctement l&rsquo;ancien guerillero, 75 ans, pieds nus et v\u00eatu d&rsquo;un surv\u00eatement gris, en se mettant \u00e0 courir tranquillement d&rsquo;un bout \u00e0 l&rsquo;autre de son bureau.<\/p>\n<p><strong>Aplatir la courbe<\/strong><\/p>\n<p>Malgr\u00e9 le confinement, le coronavirus poursuit son implacable avanc\u00e9e. Jeudi en fin d&rsquo;apr\u00e8s-midi, le bilan de la pand\u00e9mie s&rsquo;\u00e9tablissait \u00e0 90.938 d\u00e9c\u00e8s recens\u00e9s, franchissant un nouveau plafond symbolique, selon un bilan \u00e9tabli par l&rsquo;AFP \u00e0 partir de sources officielles.<\/p>\n<p>Avec 18.279 morts, l&rsquo;Italie est toujours le pays au monde comptant le plus de victimes, suivi de l&rsquo;Espagne (15.238), des \u00c9tats-Unis (15.000) et de la France, qui a pass\u00e9 le cap des 12.000 morts.<\/p>\n<p>Les Etats-Unis sont le pays le plus touch\u00e9 en nombre de cas (432.132). Le gouverneur de New York, Andrew Cuomo, a annonc\u00e9 un nouveau record du nombre de d\u00e9c\u00e8s dans son Etat -799 en 24 heures-, mais le nombre d&rsquo;hospitalisations n&rsquo;a jamais \u00e9t\u00e9 aussi bas, ce qui fait dire \u00e0 ce m\u00eame gouverneur que \u00ab\u00a0nous sommes en train d&rsquo;aplatir la courbe\u00a0\u00bb.<\/p>\n<p>Les soignants de tous les pays continuent de payer un lourd tribut \u00e0 la pand\u00e9mie : une centaine de m\u00e9decins sont d\u00e9c\u00e9d\u00e9s en Italie. Mais ils poursuivent leur lourde t\u00e2che avec souvent un incroyable d\u00e9vouement : \u00ab\u00a0je n&rsquo;ai pas peur d&rsquo;\u00eatre infect\u00e9e, j&rsquo;ai juste peur de ne pas pouvoir faire tout ce que j&rsquo;ai \u00e0 faire\u00a0\u00bb, confie une religieuse et m\u00e9decin qui bataille contre la pand\u00e9mie en Lombardie.<\/p>\n<p>En Grande-Bretagne, 881 d\u00e9c\u00e8s suppl\u00e9mentaires ont \u00e9t\u00e9 recens\u00e9 en 24 heures, alors que le confinement devrait \u00eatre prolong\u00e9. La sant\u00e9 du Premier ministre Boris Johnson, en soins intensifs depuis dimanche apr\u00e8s avoir \u00e9t\u00e9 contamin\u00e9 au Covid-19, \u00ab\u00a0continue de s&rsquo;am\u00e9liorer\u00a0\u00bb selon Downing Street.<\/p>\n<p>L&rsquo;OMS a mis en garde contre toute tentation d&rsquo;assouplir pr\u00e9cocement le confinement alors que l&rsquo;Espagne, l&rsquo;Italie et la France rel\u00e8vent une tendance \u00e0 la baisse de la tension hospitali\u00e8re. Des pays comme l&rsquo;Autriche, le Danemark, la Norv\u00e8ge, la Gr\u00e8ce et la R\u00e9publique tch\u00e8que ont annonc\u00e9 la lev\u00e9e prochaine de certaines restrictions. (AFP)<\/p>\n","protected":false},"excerpt":{"rendered":"<p>Les dirigeants mondiaux s&rsquo;effor\u00e7aient jeudi de surmonter leurs divisions pour apporter des r\u00e9ponses concert\u00e9es \u00e0 la pand\u00e9mie de Covid-19, qui a fait officiellement plus de 90.000 morts dans le monde et menace la plan\u00e8te d&rsquo;un d\u00e9sastre \u00e9conomique sans pr\u00e9c\u00e9dent. La patronne du Fonds mon\u00e9taire international (FMI), Kristalina Georgieva, a pr\u00e9venu : cette pand\u00e9mie aura \u00ab\u00a0les [&hellip;]<\/p>\n","protected":false},"author":1,"featured_media":6937,"comment_status":"open","ping_status":"closed","sticky":false,"template":"","format":"standard","meta":{"footnotes":""},"categories":[30],"tags":[1214,144,252],"class_list":["post-6935","post","type-post","status-publish","format-standard","has-post-thumbnail","hentry","category-actualite","tag-covid-19","tag-fmi","tag-parlement-europeen"],"aioseo_notices":[],"_links":{"self":[{"href":"https:\/\/www.culturalusa.com\/news\/wp-json\/wp\/v2\/posts\/6935","targetHints":{"allow":["GET"]}}],"collection":[{"href":"https:\/\/www.culturalusa.com\/news\/wp-json\/wp\/v2\/posts"}],"about":[{"href":"https:\/\/www.culturalusa.com\/news\/wp-json\/wp\/v2\/types\/post"}],"author":[{"embeddable":true,"href":"https:\/\/www.culturalusa.com\/news\/wp-json\/wp\/v2\/users\/1"}],"replies":[{"embeddable":true,"href":"https:\/\/www.culturalusa.com\/news\/wp-json\/wp\/v2\/comments?post=6935"}],"version-history":[{"count":0,"href":"https:\/\/www.culturalusa.com\/news\/wp-json\/wp\/v2\/posts\/6935\/revisions"}],"wp:featuredmedia":[{"embeddable":true,"href":"https:\/\/www.culturalusa.com\/news\/wp-json\/wp\/v2\/media\/6937"}],"wp:attachment":[{"href":"https:\/\/www.culturalusa.com\/news\/wp-json\/wp\/v2\/media?parent=6935"}],"wp:term":[{"taxonomy":"category","embeddable":true,"href":"https:\/\/www.culturalusa.com\/news\/wp-json\/wp\/v2\/categories?post=6935"},{"taxonomy":"post_tag","embeddable":true,"href":"https:\/\/www.culturalusa.com\/news\/wp-json\/wp\/v2\/tags?post=6935"}],"curies":[{"name":"wp","href":"https:\/\/api.w.org\/{rel}","templated":true}]}}