{"id":6943,"date":"2020-04-10T01:14:19","date_gmt":"2020-04-09T23:14:19","guid":{"rendered":"https:\/\/www.culturalusa.com\/news\/?p=6943"},"modified":"2020-09-24T15:01:39","modified_gmt":"2020-09-24T13:01:39","slug":"covid-19-portugal-enregistre-409-morts-et-13-956-infectes","status":"publish","type":"post","link":"https:\/\/www.culturalusa.com\/news\/portugal\/covid-19-portugal-enregistre-409-morts-et-13-956-infectes\/","title":{"rendered":"Covid-19 : Portugal enregistre 880 morts et 23.392 infect\u00e9s"},"content":{"rendered":"<p><span style=\"color: #800000;\"><strong>(Actualisation 25-04-2020)<\/strong><\/span> Le Portugal enregistre 880 d\u00e9c\u00e8s associ\u00e9s \u00e0 covid-19, et 23.392 infect\u00e9s (plus 371), indique le bulletin \u00e9pid\u00e9miologique publi\u00e9 aujourd&rsquo;hui par la direction g\u00e9n\u00e9rale de la sant\u00e9 (DGS)<\/p>\n<p>Par rapport aux donn\u00e9es de mercredi, qui ont enregistr\u00e9 785 d\u00e9c\u00e8s, il y a eu aujourd&rsquo;hui une augmentation en pourcentage de 4,5%.<\/p>\n<p>Concernant le nombre de cas confirm\u00e9s d&rsquo;infection par le nouveau coronavirus, les donn\u00e9es du DGS montrent qu&rsquo;il y a 371 cas de plus que mardi, soit une augmentation de 1,7%.<\/p>\n<p>La r\u00e9gion du Nord compte le plus grand nombre de d\u00e9c\u00e8s (475), suivie par le Centre (179), Lisbonne et la vall\u00e9e du Tage (146), l&rsquo;Algarve (11), les A\u00e7ores (8) et l&rsquo;Alentejo, qui enregistre une personne d\u00e9c\u00e9d\u00e9e, indique le rapport de situation \u00e9pid\u00e9miologique, avec des donn\u00e9es mises \u00e0 jour jusqu&rsquo;\u00e0 minuit mercredi.<\/p>\n<p><span style=\"color: #800000;\"><strong>(Actualisation 17-04-2020)<\/strong><\/span> Le Portugal enregistre aujourd&rsquo;hui 657 d\u00e9c\u00e8s associ\u00e9s \u00e0 covid-19, 28 de plus que jeudi et 19 022 infect\u00e9s (181 de plus), indique le bulletin \u00e9pid\u00e9miologique publi\u00e9 aujourd&rsquo;hui par la direction g\u00e9n\u00e9rale de la sant\u00e9 (DGS).<\/p>\n<p>Par rapport aux donn\u00e9es de jeudi, qui ont enregistr\u00e9 629 d\u00e9c\u00e8s, il y a eu aujourd&rsquo;hui une augmentation en pourcentage de 4,5%.<\/p>\n<p><span style=\"color: #800000;\"><strong>(Actualisation 13-04-2020)<\/strong><\/span> Le Portugal enregistre 504 d\u00e9c\u00e8s associ\u00e9s au covid-19, 34 de plus que samedi et 16 585 infect\u00e9s (504 de plus), selon le bulletin \u00e9pid\u00e9miologique publi\u00e9 par la Direction g\u00e9n\u00e9rale de la sant\u00e9 (DGS).<\/p>\n<p>Le rapport de situation \u00e9pid\u00e9miologique, dont les donn\u00e9es sont mises \u00e0 jour samedi jusqu&rsquo;\u00e0 minuit, indique que la r\u00e9gion du Nord est celle qui compte le plus de d\u00e9c\u00e8s (280), suivie du Centre (120), de la r\u00e9gion de Lisbonne et de la vall\u00e9e du Tage ( 91) et l&rsquo;Algarve, avec neuf morts.<\/p>\n<p>Aujourd&rsquo;hui, le bulletin fait \u00e9tat de quatre d\u00e9c\u00e8s aux A\u00e7ores.<\/p>\n<p>Par rapport \u00e0 samedi, lorsque 470 d\u00e9c\u00e8s ont \u00e9t\u00e9 enregistr\u00e9s, il y a aujourd&rsquo;hui une augmentation en pourcentage de 7,2% (plus 34).<\/p>\n<p>Selon les donn\u00e9es fournies par la DGS, il y a 16 585 cas confirm\u00e9s, plus 598, ce qui repr\u00e9sente une augmentation de 3,7% par rapport \u00e0 samedi<\/p>\n<p><span style=\"color: #800000;\"><strong>(Actualisation 12-04-2020)<\/strong><\/span> Aujourd&rsquo;hui, le Portugal enregistre 470 d\u00e9c\u00e8s associ\u00e9s \u00e0 covid-19, 35 de plus que vendredi et 15 987 infect\u00e9s (plus 515), indique le bulletin \u00e9pid\u00e9miologique publi\u00e9 par la Direction g\u00e9n\u00e9rale de la sant\u00e9 (DGS).<\/p>\n<p>Le rapport de situation \u00e9pid\u00e9miologique, avec des donn\u00e9es mises \u00e0 jour jusqu&rsquo;\u00e0 minuit vendredi, indique que la r\u00e9gion du nord est celle qui compte le plus de d\u00e9c\u00e8s (258), suivie par la r\u00e9gion centrale (113), la r\u00e9gion de Lisbonne et Vall\u00e9e du Tage (87) et Algarve, avec neuf morts.<\/p>\n<p>Le bulletin fait \u00e9tat aujourd&rsquo;hui de trois d\u00e9c\u00e8s aux A\u00e7ores.<\/p>\n<p>Par rapport \u00e0 vendredi, lorsque 435 d\u00e9c\u00e8s ont \u00e9t\u00e9 enregistr\u00e9s, il y a eu aujourd&rsquo;hui une augmentation en pourcentage de 8% (plus 35).<\/p>\n<p>Selon les donn\u00e9es fournies par la DGS, il y a 15 987 cas confirm\u00e9s, plus 515, ce qui repr\u00e9sente une augmentation de 3,3% par rapport \u00e0 vendredi.<\/p>\n<p><span style=\"color: #800000;\"><strong>(Actualisation 10-04-2020)<\/strong><\/span><br \/>\nLe Portugal enregistre 409 d\u00e9c\u00e8s associ\u00e9s au covid-19, 29 de plus que mercredi, et 13.956 infect\u00e9s (plus 815), selon le bulletin \u00e9pid\u00e9miologique publi\u00e9 par la direction g\u00e9n\u00e9rale de la sant\u00e9 (DGS).<\/p>\n<p>Le rapport de la situation \u00e9pid\u00e9miologique, avec des donn\u00e9es mises \u00e0 jour jusqu&rsquo;\u00e0 minuit mercredi, indique que la r\u00e9gion du nord est celle qui compte le plus de d\u00e9c\u00e8s (224), suivie par la r\u00e9gion centrale (104), la r\u00e9gion de Lisbonne et Vall\u00e9e du Tage (72) et l&rsquo;Algarve, avec huit morts. Le bulletin fait \u00e9tat aujourd&rsquo;hui d&rsquo;un d\u00e9c\u00e8s aux A\u00e7ores.<\/p>\n<p>Par rapport \u00e0 mercredi, lorsque les 380 d\u00e9c\u00e8s ont \u00e9t\u00e9 enregistr\u00e9s, il y a aujourd&rsquo;hui une augmentation de 7,6% (plus 29).<\/p>\n<p>Selon les donn\u00e9es du DGS, il y a 13 956 cas confirm\u00e9s, plus 815, soit une augmentation de 6,2% par rapport \u00e0 mercredi.<\/p>\n<p>Sur les 409 d\u00e9c\u00e8s enregistr\u00e9s, 265 avaient plus de 80 ans, 88 avaient entre 70 et 79 ans, 42 entre 60 et 69 ans, 10 entre 50 et 59 ans et quatre d\u00e9c\u00e8s entre 40 et 49 ans.<\/p>\n<p>Sur les 13 956 personnes infect\u00e9es par le nouveau coronavirus (SRAS-CoV-2), la grande majorit\u00e9 (12 783) se r\u00e9tablissent \u00e0 domicile, 1 173 (moins 38, moins 3,1%) sont hospitalis\u00e9es, 241 (moins 30, moins 11,1 %) dont dans les unit\u00e9s de soins intensifs.<\/p>\n<p>Les donn\u00e9es du DGS, qui se r\u00e9f\u00e8rent \u00e0 78% des cas confirm\u00e9s, indiquent que Lisbonne est la municipalit\u00e9 avec le plus grand nombre d&rsquo;infections \u00e0 coronavirus SARSCov2 (797), suivie par Porto (776 cas), Vila Nova de Gaia ( 631), Gondomar (587), Braga (521), Maia (512), Matosinhos (444), Valongo (429), Sintra (334) et Ovar (275).<\/p>\n<p>Depuis le 1er janvier, 115 158 cas suspects ont \u00e9t\u00e9 enregistr\u00e9s, dont 3 801 attendent les r\u00e9sultats des analyses.<\/p>\n<p>Le bulletin \u00e9pid\u00e9miologique indique \u00e9galement qu&rsquo;il y a 97 401 cas dans lesquels le r\u00e9sultat du test \u00e9tait n\u00e9gatif. Le nombre de patients r\u00e9cup\u00e9r\u00e9s est pass\u00e9 \u00e0 205 (il y en avait 196).<\/p>\n<p>La r\u00e9gion du Nord continue d&rsquo;enregistrer le plus grand nombre d&rsquo;infections, avec un total de 8 102, suivie par la r\u00e9gion de Lisbonne et Vale do Tejo, avec 3 451 cas, la r\u00e9gion centrale (1 905), l&rsquo;Algarve (260) et l&rsquo;Alentejo, qui compte aujourd&rsquo;hui 94 cas .<\/p>\n<p>Il y a encore 91 personnes infect\u00e9es par le virus covid-19 aux A\u00e7ores et 53 \u00e0 Mad\u00e8re.<\/p>\n<p>La DGS enregistre 24 708 contacts sous surveillance par les autorit\u00e9s (227 de moins que mercredi).<\/p>\n<p>Le groupe d&rsquo;\u00e2ge le plus touch\u00e9 par la maladie est celui des 40 \u00e0 49 ans (2 483), suivi des 50 \u00e0 59 ans (2 457), des 30 \u00e0 39 ans (2 013) et des 60 \u00e0 69 ans (1 780).<\/p>\n<p>Il y a \u00e9galement 206 cas d&rsquo;enfants jusqu&rsquo;\u00e0 9 ans, 351 de jeunes \u00e2g\u00e9s de 10 \u00e0 19 ans et entre 20 et 29 ans, il y a 1 444 cas.<\/p>\n<p>Les donn\u00e9es indiquent \u00e9galement qu&rsquo;il y a 1 284 cas de personnes \u00e2g\u00e9es de 70 \u00e0 79 ans et 1 938 de plus de 80 ans.<\/p>\n<p>\u00c0 l&rsquo;\u00e9chelle mondiale, il y a 7 994 femmes infect\u00e9es au Portugal et 5 962 hommes.<\/p>\n<p>Selon le rapport de la DGS, 159 cas r\u00e9sultent de l&rsquo;importation du virus d&rsquo;Espagne, 118 de France, 68 du Royaume-Uni, 43 de Suisse, 42 des Emirats Arabes Unis, 29 d&rsquo;Italie, 25 d&rsquo;Andorre, 22 du Br\u00e9sil, 19 des Etats-Unis. , 16 des Pays-Bas, 14 de l&rsquo;Australie, 12 de l&rsquo;Argentine, neuf de la Belgique, neuf de l&rsquo;Allemagne, sept de l&rsquo;Autriche, cinq du Canada et quatre de l&rsquo;Inde.<\/p>\n<p>Le bulletin fait \u00e9galement \u00e9tat de trois cas import\u00e9s d&rsquo;\u00c9gypte, trois du Guatemala et trois d&rsquo;Isra\u00ebl, deux d&rsquo;Irlande, deux de la Jama\u00efque, deux du Luxembourg, deux de Malte et deux de Tha\u00eflande.<\/p>\n<p>Un cas a \u00e9galement \u00e9t\u00e9 import\u00e9 d&rsquo;Allemagne et d&rsquo;Autriche et un autre d&rsquo;Allemagne et d&rsquo;Irlande. Il y a \u00e9galement un cas import\u00e9 de pays tels que l&rsquo;Azerba\u00efdjan, le Cap-Vert, le Chili, Cuba, le Danemark, l&rsquo;Indon\u00e9sie, l&rsquo;Iran, les Maldives, le Maroc, le Mexique, la Norv\u00e8ge, le Pakistan, la Pologne, le Qatar, la R\u00e9publique tch\u00e8que, Singapour, la Su\u00e8de, l&rsquo;Ukraine et le Venezuela.<\/p>\n<p>Selon le DGS, 58% des patients positifs pour le nouveau coronavirus pr\u00e9sentent des sympt\u00f4mes de toux, 45% de fi\u00e8vre, 31% de douleurs musculaires, 28% de maux de t\u00eate, 23% de faiblesse g\u00e9n\u00e9rale et 17% de difficult\u00e9s respiratoires. Ces informations concernent 78% des cas confirm\u00e9s.<\/p>\n<p>Covid-19, caus\u00e9e par le nouveau coronavirus SARS-CoV-2, est une infection respiratoire aigu\u00eb qui peut d\u00e9clencher une pneumonie.<\/p>\n<p>Le Portugal, en \u00e9tat d&rsquo;urgence jusqu&rsquo;au 17 avril et o\u00f9 le premier cas a \u00e9t\u00e9 confirm\u00e9 le 2 mars, est d\u00e9j\u00e0 dans la troisi\u00e8me et la plus grave phase de r\u00e9ponse \u00e0 la maladie (Phase d&rsquo;att\u00e9nuation), activ\u00e9e en cas de transmission locale, dans un environnement clos, et \/ ou transmission communautaire.<\/p>\n<p>Le nouveau coronavirus, responsable de la pand\u00e9mie de Covid-19, a d\u00e9j\u00e0 infect\u00e9 plus de 1,5 million de personnes dans le monde, dont pr\u00e8s de 89 000 sont d\u00e9c\u00e9d\u00e9es.<\/p>\n<p>Parmi les cas d&rsquo;infection, plus de 312 000 sont consid\u00e9r\u00e9s comme gu\u00e9ris.<\/p>\n","protected":false},"excerpt":{"rendered":"<p>(Actualisation 25-04-2020) Le Portugal enregistre 880 d\u00e9c\u00e8s associ\u00e9s \u00e0 covid-19, et 23.392 infect\u00e9s (plus 371), indique le bulletin \u00e9pid\u00e9miologique publi\u00e9 aujourd&rsquo;hui par la direction g\u00e9n\u00e9rale de la sant\u00e9 (DGS) Par rapport aux donn\u00e9es de mercredi, qui ont enregistr\u00e9 785 d\u00e9c\u00e8s, il y a eu aujourd&rsquo;hui une augmentation en pourcentage de 4,5%. Concernant le nombre de [&hellip;]<\/p>\n","protected":false},"author":1,"featured_media":6908,"comment_status":"open","ping_status":"closed","sticky":false,"template":"","format":"standard","meta":{"footnotes":""},"categories":[3],"tags":[1227],"class_list":["post-6943","post","type-post","status-publish","format-standard","has-post-thumbnail","hentry","category-portugal","tag-covid-19-portugal"],"aioseo_notices":[],"_links":{"self":[{"href":"https:\/\/www.culturalusa.com\/news\/wp-json\/wp\/v2\/posts\/6943","targetHints":{"allow":["GET"]}}],"collection":[{"href":"https:\/\/www.culturalusa.com\/news\/wp-json\/wp\/v2\/posts"}],"about":[{"href":"https:\/\/www.culturalusa.com\/news\/wp-json\/wp\/v2\/types\/post"}],"author":[{"embeddable":true,"href":"https:\/\/www.culturalusa.com\/news\/wp-json\/wp\/v2\/users\/1"}],"replies":[{"embeddable":true,"href":"https:\/\/www.culturalusa.com\/news\/wp-json\/wp\/v2\/comments?post=6943"}],"version-history":[{"count":0,"href":"https:\/\/www.culturalusa.com\/news\/wp-json\/wp\/v2\/posts\/6943\/revisions"}],"wp:featuredmedia":[{"embeddable":true,"href":"https:\/\/www.culturalusa.com\/news\/wp-json\/wp\/v2\/media\/6908"}],"wp:attachment":[{"href":"https:\/\/www.culturalusa.com\/news\/wp-json\/wp\/v2\/media?parent=6943"}],"wp:term":[{"taxonomy":"category","embeddable":true,"href":"https:\/\/www.culturalusa.com\/news\/wp-json\/wp\/v2\/categories?post=6943"},{"taxonomy":"post_tag","embeddable":true,"href":"https:\/\/www.culturalusa.com\/news\/wp-json\/wp\/v2\/tags?post=6943"}],"curies":[{"name":"wp","href":"https:\/\/api.w.org\/{rel}","templated":true}]}}