{"id":6986,"date":"2020-04-19T16:13:41","date_gmt":"2020-04-19T14:13:41","guid":{"rendered":"https:\/\/www.culturalusa.com\/news\/?p=6986"},"modified":"2025-07-07T19:05:05","modified_gmt":"2025-07-07T17:05:05","slug":"la-finlande-annonce-quelle-prefere-sortir-de-leuro-plutot-que-payer-les-dettes-des-autres","status":"publish","type":"post","link":"https:\/\/www.culturalusa.com\/news\/actualite\/la-finlande-annonce-quelle-prefere-sortir-de-leuro-plutot-que-payer-les-dettes-des-autres\/","title":{"rendered":"La Finlande annonce qu\u2019elle pr\u00e9f\u00e8re sortir de l\u2019euro plut\u00f4t que payer les dettes des autres"},"content":{"rendered":"<h2>En 2012, La Finlande avait d\u00e9j\u00e0 montr\u00e9 des signes de ne pas vouloir nourrir les mauvais gestionnaires de certains pays, et derni\u00e8rement face \u00e0 Covid-19, ces signes n&rsquo;ont pas \u00e9t\u00e9 oubli\u00e9s.<\/h2>\n<h3><span style=\"color: #003366;\">Souvenons-nous donc de ce qui a \u00e9t\u00e9 dit:<\/span><\/h3>\n<blockquote><p>La <strong>Finlande pr\u00e9f\u00e8re se pr\u00e9parer \u00e0 sortir de l&rsquo;euro<\/strong> plut\u00f4t qu&rsquo;\u00e0 payer les dettes des autres pays de la zone euro, affirme la ministre des Finances <strong>Jutta Urpilainen<\/strong>, vendredi dans le quotidien financier Kauppalehti.<\/p><\/blockquote>\n<p><strong>Nous voulons r\u00e9soudre la crise, mais pas \u00e0 n&rsquo;importe quelles conditions<\/strong><\/p>\n<p>\u00ab\u00a0La Finlande est engag\u00e9e \u00e0 \u00eatre un membre de la zone euro et nous estimons que l&rsquo;euro est b\u00e9n\u00e9fique pour la Finlande\u00a0\u00bb.<\/p>\n<p>\u00ab\u00a0Toutefois, la Finlande ne s&rsquo;accrochera pas \u00e0 l&rsquo;euro \u00e0 n&rsquo;importe quel prix et nous sommes pr\u00eats \u00e0 tous les sc\u00e9narios, y compris \u00e0 abandonner la monnaie unique europ\u00e9enne\u00a0\u00bb, d\u00e9clare-t-elle.<\/p>\n<p>\u00ab\u00a0La responsabilit\u00e9 collective pour les dettes et les risques d&rsquo;autres pays n&rsquo;est pas ce \u00e0 quoi nous devons nous pr\u00e9parer\u00a0\u00bb, ajoute-t-elle.<\/p>\n<p>Un porte-parole de la ministre, Matti Hirvola, a ensuite tenu \u00e0 pr\u00e9ciser que \u00ab\u00a0toute affirmation selon laquelle la Finlande allait quitter l&rsquo;euro \u00e9tait simplement fausse\u00a0\u00bb.<\/p>\n<p>Jutta Urpilainen a reconnu dans un entretien accord\u00e9 au quotidien finlandais Helsingin Sanomat publi\u00e9 jeudi que la Finlande, un des derniers pays de la zone euro a b\u00e9n\u00e9ficier d&rsquo;une note de cr\u00e9dit triple A, \u00ab\u00a0repr\u00e9sentait une ligne dure\u00a0\u00bb vis-\u00e0-vis des plans d&rsquo;aides financi\u00e8res.<\/p>\n<blockquote><p><strong>Nous pouvons consid\u00e9rer que le Gouvernement Finlandais d\u00e9fend les int\u00e9r\u00eats du Peuple FINLANDAIS face \u00e0 cette UE (Union Europ\u00e9enne) malade<\/strong>.<\/p><\/blockquote>\n<p><span style=\"color: #800000;\"><strong>\u00ab\u00a0Nous sommes constructifs et nous voulons r\u00e9soudre la crise, mais pas \u00e0 n&rsquo;importe quelles conditions\u00a0\u00bb<\/strong><\/span>, affirmait-elle.<\/p>\n<p><strong>R\u00e9ticence vis-\u00e0-vis des d\u00e9cisions du sommet<\/strong><\/p>\n<p>Helsinki a fait part de sa r\u00e9ticence \u00e0 permettre au M\u00e9canisme europ\u00e9en de stabilit\u00e9 (MES) d&rsquo;acheter des obligations sur le march\u00e9 secondaire dans le cadre de l&rsquo;accord intervenu la semaine derni\u00e8re lors d&rsquo;un sommet \u00e0 Bruxelles o\u00f9 ont \u00e9t\u00e9 annonc\u00e9es de fortes mesures destin\u00e9es \u00e0 soutenir les pays actuellement chahut\u00e9s par les investisseurs comme l&rsquo;<span style=\"color: #800000;\"><strong>Espagne, Italie, Portugal<\/strong><\/span>&#8230;<\/p>\n<p>Helsinki avait exig\u00e9 et obtenu, lors du deuxi\u00e8me plan d&rsquo;aide \u00e0 la Gr\u00e8ce, de conclure un accord bilat\u00e9ral avec Ath\u00e8nes lui garantissant de r\u00e9cup\u00e9rer les sommes avanc\u00e9es.<\/p>\n<p>La Finlande a annonc\u00e9 l&rsquo;ouverture prochaine de n\u00e9gociations bilat\u00e9rales avec l&rsquo;Espagne pour l&rsquo;obtention du m\u00eame type de garanties en \u00e9change de sa participation au plan de sauvetage des banques ib\u00e9riques.<\/p>\n<h3><strong>Et Aujourd&rsquo;hui ?<\/strong><\/h3>\n<p>Lors d&rsquo;une conf\u00e9rence de presse \u00e0 Helsinki, Mme <strong>Sanna Marin<\/strong> a \u00e9t\u00e9 invit\u00e9e \u00e0 commenter la vive inqui\u00e9tude exprim\u00e9e par le pr\u00e9sident fran\u00e7ais Emmanuel Macron, qui a dit craindre que l&rsquo;Union europ\u00e9enne risque la d\u00e9sint\u00e9gration si elle n&rsquo;aide pas ses membres du sud affect\u00e9s par le virus.<\/p>\n<p>La Premi\u00e8re ministre finlandaise, Sanna Marin, a r\u00e9pondu que r\u00e9pondre \u00e0 la situation n\u00e9cessite l&rsquo;engagement de tous les pays membres.<\/p>\n<p>\u00ab\u00a0En nous aidant et en nous soutenant mutuellement, nous pouvons traverser les moments difficiles\u00a0\u00bb, a not\u00e9 Mme Marin.<\/p>\n<p>Selon le pr\u00e9sident Macron, cit\u00e9 par le journal britannique Financial Times, <span style=\"color: #800000;\"><strong>l&rsquo;Union europ\u00e9enne n&rsquo;a \u00ab\u00a0pas d&rsquo;autre choix que d&rsquo;accepter\u00a0\u00bb le fardeau de la dette commune<\/strong><\/span>.<\/p>\n<p><strong>La ministre finlandaise des Finances, Katri Kulmuni, a salu\u00e9 la semaine derni\u00e8re le \u00ab\u00a0plan de compromis\u00a0\u00bb conclu par les ministres des Finances de l&rsquo;Eurogroupe sur un paquet de crise, ajoutant toutefois que <span style=\"color: #800000;\">la Finlande ne soutenait pas l&rsquo;id\u00e9e de la dette commune<\/span>.<\/strong><\/p>\n<p>Le paquet comprend l&rsquo;utilisation du M\u00e9canisme europ\u00e9en de stabilit\u00e9, une augmentation des pouvoirs de garantie de la Banque europ\u00e9enne d&rsquo;investissement et un programme de fonds de pr\u00eats de 100 milliards pour garantir l&#8217;emploi.<\/p>\n<p>Elle a par ailleurs indiqu\u00e9 que les responsabilit\u00e9s finlandaises resteraient autour de 400 millions d&rsquo;euros dans le fonds et \u00e0 environ 300 millions dans la banque d&rsquo;investissement.<br \/>\n(AFP &amp; CL)<\/p>\n","protected":false},"excerpt":{"rendered":"<p>En 2012, La Finlande avait d\u00e9j\u00e0 montr\u00e9 des signes de ne pas vouloir nourrir les mauvais gestionnaires de certains pays, et derni\u00e8rement face \u00e0 Covid-19, ces signes n&rsquo;ont pas \u00e9t\u00e9 oubli\u00e9s. Souvenons-nous donc de ce qui a \u00e9t\u00e9 dit: La Finlande pr\u00e9f\u00e8re se pr\u00e9parer \u00e0 sortir de l&rsquo;euro plut\u00f4t qu&rsquo;\u00e0 payer les dettes des autres [&hellip;]<\/p>\n","protected":false},"author":1,"featured_media":6987,"comment_status":"open","ping_status":"closed","sticky":false,"template":"","format":"standard","meta":{"footnotes":""},"categories":[30],"tags":[1243,132,815],"class_list":["post-6986","post","type-post","status-publish","format-standard","has-post-thumbnail","hentry","category-actualite","tag-dettes-pays-ue","tag-finlande","tag-ue"],"aioseo_notices":[],"_links":{"self":[{"href":"https:\/\/www.culturalusa.com\/news\/wp-json\/wp\/v2\/posts\/6986","targetHints":{"allow":["GET"]}}],"collection":[{"href":"https:\/\/www.culturalusa.com\/news\/wp-json\/wp\/v2\/posts"}],"about":[{"href":"https:\/\/www.culturalusa.com\/news\/wp-json\/wp\/v2\/types\/post"}],"author":[{"embeddable":true,"href":"https:\/\/www.culturalusa.com\/news\/wp-json\/wp\/v2\/users\/1"}],"replies":[{"embeddable":true,"href":"https:\/\/www.culturalusa.com\/news\/wp-json\/wp\/v2\/comments?post=6986"}],"version-history":[{"count":2,"href":"https:\/\/www.culturalusa.com\/news\/wp-json\/wp\/v2\/posts\/6986\/revisions"}],"predecessor-version":[{"id":13529,"href":"https:\/\/www.culturalusa.com\/news\/wp-json\/wp\/v2\/posts\/6986\/revisions\/13529"}],"wp:featuredmedia":[{"embeddable":true,"href":"https:\/\/www.culturalusa.com\/news\/wp-json\/wp\/v2\/media\/6987"}],"wp:attachment":[{"href":"https:\/\/www.culturalusa.com\/news\/wp-json\/wp\/v2\/media?parent=6986"}],"wp:term":[{"taxonomy":"category","embeddable":true,"href":"https:\/\/www.culturalusa.com\/news\/wp-json\/wp\/v2\/categories?post=6986"},{"taxonomy":"post_tag","embeddable":true,"href":"https:\/\/www.culturalusa.com\/news\/wp-json\/wp\/v2\/tags?post=6986"}],"curies":[{"name":"wp","href":"https:\/\/api.w.org\/{rel}","templated":true}]}}