{"id":7007,"date":"2020-04-25T13:54:37","date_gmt":"2020-04-25T11:54:37","guid":{"rendered":"https:\/\/www.culturalusa.com\/news\/?p=7007"},"modified":"2020-09-24T14:56:04","modified_gmt":"2020-09-24T12:56:04","slug":"lendettement-des-etats-des-entreprises-et-des-menages-seleve-a-7237-milliards-deuros","status":"publish","type":"post","link":"https:\/\/www.culturalusa.com\/news\/portugal\/lendettement-des-etats-des-entreprises-et-des-menages-seleve-a-7237-milliards-deuros\/","title":{"rendered":"Portugal: l&rsquo;endettement de l&rsquo;\u00c9tat, des entreprises et des m\u00e9nages s&rsquo;\u00e9l\u00e8ve \u00e0 723,7 milliards d&rsquo;euros"},"content":{"rendered":"<p>L&rsquo;endettement au Portugal, des entreprises, des familles et de l&rsquo;\u00c9tat a augment\u00e9 de 3,4 milliards d&rsquo;euros entre janvier et f\u00e9vrier, et <strong>l&rsquo;endettement atteint un total de 723,7 milliards d&rsquo;euros<\/strong>, selon les donn\u00e9es publi\u00e9es ce mercredi par Banco de Portugal (BdP).<\/p>\n<blockquote><p><strong>Cette augmentation est due \u00e0 une augmentation de 3,3 milliards d&rsquo;euros de l&rsquo;endettement du secteur public et de 0,1 milliard d&rsquo;euros [100 millions d&rsquo;euros] de l&rsquo;endettement du secteur priv\u00e9 \u00bb, justifie la BdP.<\/strong><\/p><\/blockquote>\n<p>Sur un total de 723,7 milliards d&rsquo;euros li\u00e9s \u00e0 l&rsquo;endettement du secteur non financier, 322,8 milliards d&rsquo;euros li\u00e9s au secteur public et 400,9 milliards d&rsquo;euros au secteur priv\u00e9.<\/p>\n<p>Selon la BdP, l&rsquo;augmentation de la dette du secteur public refl\u00e8te une augmentation par rapport \u00e0 tous les secteurs, l&rsquo;accent \u00e9tant mis sur les financements de l&rsquo;\u00e9tranger (2,7 milliards d&rsquo;euros) et des particuliers (400 millions d&rsquo;euros).<\/p>\n<p>Dans le secteur priv\u00e9, souligne-t-il, l&rsquo;endettement des particuliers vis-\u00e0-vis du secteur financier a augment\u00e9 de 0,2 milliard d&rsquo;euros (200 millions d&rsquo;euros).<\/p>\n<blockquote><p><strong>Cette augmentation a \u00e9t\u00e9 partiellement compens\u00e9e par la baisse de l&rsquo;endettement des entreprises de 0,1 milliard d&rsquo;euros [100 millions d&rsquo;euros], principalement vis-\u00e0-vis du secteur financier.<\/strong><\/p><\/blockquote>\n<p>Les donn\u00e9es publi\u00e9es int\u00e8grent des r\u00e9visions depuis janvier 2016, conform\u00e9ment \u00e0 la politique de r\u00e9vision des statistiques BdP.<\/p>\n<p>Les donn\u00e9es de la Banque de Portugal indiquent que plus de 400 milliards concernent des particuliers.<\/p>\n","protected":false},"excerpt":{"rendered":"<p>L&rsquo;endettement au Portugal, des entreprises, des familles et de l&rsquo;\u00c9tat a augment\u00e9 de 3,4 milliards d&rsquo;euros entre janvier et f\u00e9vrier, et l&rsquo;endettement atteint un total de 723,7 milliards d&rsquo;euros, selon les donn\u00e9es publi\u00e9es ce mercredi par Banco de Portugal (BdP). Cette augmentation est due \u00e0 une augmentation de 3,3 milliards d&rsquo;euros de l&rsquo;endettement du secteur [&hellip;]<\/p>\n","protected":false},"author":1,"featured_media":7008,"comment_status":"open","ping_status":"closed","sticky":false,"template":"","format":"standard","meta":{"footnotes":""},"categories":[3],"tags":[908,1245],"class_list":["post-7007","post","type-post","status-publish","format-standard","has-post-thumbnail","hentry","category-portugal","tag-economie-portugal","tag-endettement-du-portugal"],"aioseo_notices":[],"_links":{"self":[{"href":"https:\/\/www.culturalusa.com\/news\/wp-json\/wp\/v2\/posts\/7007","targetHints":{"allow":["GET"]}}],"collection":[{"href":"https:\/\/www.culturalusa.com\/news\/wp-json\/wp\/v2\/posts"}],"about":[{"href":"https:\/\/www.culturalusa.com\/news\/wp-json\/wp\/v2\/types\/post"}],"author":[{"embeddable":true,"href":"https:\/\/www.culturalusa.com\/news\/wp-json\/wp\/v2\/users\/1"}],"replies":[{"embeddable":true,"href":"https:\/\/www.culturalusa.com\/news\/wp-json\/wp\/v2\/comments?post=7007"}],"version-history":[{"count":0,"href":"https:\/\/www.culturalusa.com\/news\/wp-json\/wp\/v2\/posts\/7007\/revisions"}],"wp:featuredmedia":[{"embeddable":true,"href":"https:\/\/www.culturalusa.com\/news\/wp-json\/wp\/v2\/media\/7008"}],"wp:attachment":[{"href":"https:\/\/www.culturalusa.com\/news\/wp-json\/wp\/v2\/media?parent=7007"}],"wp:term":[{"taxonomy":"category","embeddable":true,"href":"https:\/\/www.culturalusa.com\/news\/wp-json\/wp\/v2\/categories?post=7007"},{"taxonomy":"post_tag","embeddable":true,"href":"https:\/\/www.culturalusa.com\/news\/wp-json\/wp\/v2\/tags?post=7007"}],"curies":[{"name":"wp","href":"https:\/\/api.w.org\/{rel}","templated":true}]}}