{"id":701,"date":"2012-08-02T20:12:36","date_gmt":"2012-08-02T18:12:36","guid":{"rendered":"http:\/\/www.culturalusa.com\/news\/?p=701"},"modified":"2012-08-02T20:13:18","modified_gmt":"2012-08-02T18:13:18","slug":"le-portugal-sattend-a-une-nouvelle-aide-en-raison-de-la-crise","status":"publish","type":"post","link":"https:\/\/www.culturalusa.com\/news\/portugal\/le-portugal-sattend-a-une-nouvelle-aide-en-raison-de-la-crise\/","title":{"rendered":"Le Portugal s&rsquo;attend \u00e0 une nouvelle aide en raison de la crise"},"content":{"rendered":"<figure id=\"attachment_702\" aria-describedby=\"caption-attachment-702\" style=\"width: 460px\" class=\"wp-caption aligncenter\"><img loading=\"lazy\" decoding=\"async\" src=\"http:\/\/www.culturalusa.com\/news\/wp-content\/uploads\/2012\/08\/Standard-Poors.jpg\" alt=\"\" title=\"Standard-Poors\" width=\"460\" height=\"276\" class=\"size-full wp-image-702\" srcset=\"https:\/\/www.culturalusa.com\/news\/wp-content\/uploads\/2012\/08\/Standard-Poors.jpg 460w, https:\/\/www.culturalusa.com\/news\/wp-content\/uploads\/2012\/08\/Standard-Poors-275x165.jpg 275w\" sizes=\"auto, (max-width: 460px) 100vw, 460px\" \/><figcaption id=\"caption-attachment-702\" class=\"wp-caption-text\">Standard and Poor&#039;s<\/figcaption><\/figure>Le Portugal aura probablement besoin d&rsquo;une nouvelle aide alors que ses efforts pour respecter le plan d&rsquo;aide de 78 milliards d&rsquo;euros accord\u00e9 en 2011, sont battus en br\u00e8che par la crise de la zone euro, en particulier en Espagne, a estim\u00e9 jeudi l&rsquo;agence Standard and Poor&rsquo;s.<\/p>\n<p>L&rsquo;agence de notation a maintenu la note de la dette portugaise \u00e0 long terme, \u00e0 BB, apr\u00e8s l&rsquo;avoir abaiss\u00e9e de deux crans en janvier, avec une perspective n\u00e9gative, en raison des liens financiers et commerciaux entre le Portugal et l&rsquo;Espagne, en pleine tourmente financi\u00e8re.<\/p>\n<p>Selon notre sc\u00e9nario de base, il est toujours improbable que le Portugal puisse revenir pleinement sur les march\u00e9s internationaux de la dette dans les douze prochains mois et nous anticipons une rallonge du programme de financement, a expliqu\u00e9 S&amp;P.<\/p>\n<p>Depuis qu&rsquo;il a obtenu cette aide exceptionnelle, le gouvernement portugais semble avoir rempli les exigences du plan UE\/FMI de mani\u00e8re convaincante, a toutefois salu\u00e9 l&rsquo;agence. Elle a notamment \u00e9voqu\u00e9 le nouveau code du travail, entr\u00e9 en vigueur mercredi, destin\u00e9 \u00e0 rendre le march\u00e9 de l&#8217;emploi plus comp\u00e9titif en particulier gr\u00e2ce \u00e0 une r\u00e9duction des co\u00fbts salariaux.<\/p>\n<p>Le redressement du Portugal, bas\u00e9 sur les exportations, est confront\u00e9 \u00e0 d&rsquo;importants vents contraires, s&rsquo;est toutefois inqui\u00e9t\u00e9 S&amp;P invoquant des conditions financi\u00e8res et \u00e9conomiques moins favorables dans la zone euro et particuli\u00e8rement en Espagne, qui ach\u00e8te environ un quart des exportations portugaises.<\/p>\n<p>D&rsquo;apr\u00e8s les derni\u00e8res estimations officielles, les exportations, principal moteur de l&rsquo;\u00e9conomie, ont continu\u00e9 de progresser en mai, de 8,4% sur un an, mais gr\u00e2ce essentiellement \u00e0 une hausse du commerce extra-communautaire.<\/p>\n<p>Des objectifs difficiles \u00e0 atteindre&#8230;<\/p>\n<p style=\"text-align:center;\"><script type=\"text\/javascript\"><!--\ngoogle_ad_client = \"ca-pub-2727717456356200\";\n\/* CulturaLusa 468x60 *\/\ngoogle_ad_slot = \"2785499263\";\ngoogle_ad_width = 468;\ngoogle_ad_height = 60;\n\/\/-->\n<\/script><br \/>\n<script type=\"text\/javascript\"\nsrc=\"http:\/\/pagead2.googlesyndication.com\/pagead\/show_ads.js\">\n<\/script><\/p>\n<p>Le pr\u00eat accord\u00e9 au Portugal, en \u00e9change d&rsquo;un vaste programme de rigueur et de r\u00e9formes, est cens\u00e9 couvrir les besoins de financement du pays jusqu&rsquo;en septembre 2013.<\/p>\n<p>Cette \u00e9ch\u00e9ance semble cependant difficile \u00e0 respecter, d&rsquo;apr\u00e8s de nombreux analystes, car le Portugal est \u00e0 la peine pour r\u00e9aliser ses objectifs budg\u00e9taires.<\/p>\n<p>Selon des chiffres officiels, les recettes fiscales sont inf\u00e9rieures aux attentes du gouvernement au cours du premier semestre ce qui risque de compliquer l&rsquo;objectif d&rsquo;un d\u00e9ficit public de 4,5% \u00e0 la fin de l&rsquo;ann\u00e9e et de 3% l&rsquo;an prochain.<\/p>\n<p>Par ailleurs, la r\u00e9cession devrait atteindre 3% du PIB cette ann\u00e9e, avant une l\u00e9g\u00e8re relance en 2013, tandis que le taux de ch\u00f4mage s&rsquo;\u00e9tablit \u00e0 des niveaux record, d\u00e9passant d\u00e9j\u00e0 les 15%, avant d&rsquo;atteindre, selon les pr\u00e9visions, un pic \u00e0 16% en 2013.<\/p>\n<p>L&rsquo;Organisation de coop\u00e9ration et de d\u00e9veloppement \u00e9conomiques (OCDE) a m\u00eame estim\u00e9 r\u00e9cemment que l&rsquo;\u00e9conomie devrait se contracter de 3,2% d&rsquo;ici la fin de l&rsquo;ann\u00e9e et le ch\u00f4mage atteindre 16,2% en 2013.<\/p>\n<p>Face \u00e0 cette situation, plusieurs voix se sont \u00e9lev\u00e9es, aussi bien dans l&rsquo;opposition de gauche qu&rsquo;au sein de la majorit\u00e9 de centre-droit, pour demander des d\u00e9lais suppl\u00e9mentaires afin de mettre en oeuvre le programme de rigueur.<\/p>\n<p>Le Premier ministre Pedro Passos Coelho, qui a d\u00e9j\u00e0 admis des difficult\u00e9s, n&rsquo;en a pas moins assur\u00e9 qu&rsquo;il ne demanderait ni plus de temps, ni plus d&rsquo;argent.<\/p>\n<p>La tro\u00efka UE-FMI-BCE, repr\u00e9sentant les bailleurs de fonds du pays, qui jusque l\u00e0 s&rsquo;est dite satisfaite des r\u00e9sultats du gouvernement, doit revenir fin ao\u00fbt \u00e0 Lisbonne pour une cinqui\u00e8me mission charg\u00e9e d&rsquo;\u00e9valuer la mise en oeuvre du programme de r\u00e9formes du pays.<\/p>\n","protected":false},"excerpt":{"rendered":"<p>Le Portugal aura probablement besoin d&rsquo;une nouvelle aide alors que ses efforts pour respecter le plan d&rsquo;aide de 78 milliards d&rsquo;euros accord\u00e9 en 2011, sont battus en br\u00e8che par la crise de la zone euro, en particulier en Espagne, a estim\u00e9 jeudi l&rsquo;agence Standard and Poor&rsquo;s. L&rsquo;agence de notation a maintenu la note de la [&hellip;]<\/p>\n","protected":false},"author":1,"featured_media":0,"comment_status":"open","ping_status":"closed","sticky":false,"template":"","format":"standard","meta":{"footnotes":""},"categories":[3],"tags":[],"class_list":["post-701","post","type-post","status-publish","format-standard","hentry","category-portugal"],"aioseo_notices":[],"_links":{"self":[{"href":"https:\/\/www.culturalusa.com\/news\/wp-json\/wp\/v2\/posts\/701","targetHints":{"allow":["GET"]}}],"collection":[{"href":"https:\/\/www.culturalusa.com\/news\/wp-json\/wp\/v2\/posts"}],"about":[{"href":"https:\/\/www.culturalusa.com\/news\/wp-json\/wp\/v2\/types\/post"}],"author":[{"embeddable":true,"href":"https:\/\/www.culturalusa.com\/news\/wp-json\/wp\/v2\/users\/1"}],"replies":[{"embeddable":true,"href":"https:\/\/www.culturalusa.com\/news\/wp-json\/wp\/v2\/comments?post=701"}],"version-history":[{"count":0,"href":"https:\/\/www.culturalusa.com\/news\/wp-json\/wp\/v2\/posts\/701\/revisions"}],"wp:attachment":[{"href":"https:\/\/www.culturalusa.com\/news\/wp-json\/wp\/v2\/media?parent=701"}],"wp:term":[{"taxonomy":"category","embeddable":true,"href":"https:\/\/www.culturalusa.com\/news\/wp-json\/wp\/v2\/categories?post=701"},{"taxonomy":"post_tag","embeddable":true,"href":"https:\/\/www.culturalusa.com\/news\/wp-json\/wp\/v2\/tags?post=701"}],"curies":[{"name":"wp","href":"https:\/\/api.w.org\/{rel}","templated":true}]}}