{"id":7026,"date":"2020-04-28T03:08:06","date_gmt":"2020-04-28T01:08:06","guid":{"rendered":"https:\/\/www.culturalusa.com\/news\/?p=7026"},"modified":"2020-09-24T14:55:08","modified_gmt":"2020-09-24T12:55:08","slug":"portugal-je-nai-jamais-rien-vu-de-tel-les-demandes-daide-a-la-la-banque-alimentaire-senflamment","status":"publish","type":"post","link":"https:\/\/www.culturalusa.com\/news\/portugal\/portugal-je-nai-jamais-rien-vu-de-tel-les-demandes-daide-a-la-la-banque-alimentaire-senflamment\/","title":{"rendered":"Portugal : \u00ab\u00a0Je n&rsquo;ai jamais rien vu de tel\u00a0\u00bb les demandes d&rsquo;aide \u00e0 la Banque Alimentaire s&rsquo;enflamment."},"content":{"rendered":"<p>Isabel Jonet, presidente do Banque Alimentaire Contre la Faim.<\/p>\n<p><strong>\u00ab\u00a0Je n&rsquo;ai jamais rien vu de tel\u00a0\u00bb. Des chauffeurs jusqu&rsquo;aux dentistes, les demandes d&rsquo;aide \u00e0 la la Banque Alimentaire s&rsquo;enflamment.<\/strong><\/p>\n<p>La pr\u00e9sidente de la banque alimentaire contre la faim dit qu&rsquo;\u00e0 cause de la pand\u00e9mie de Covid-19 \u00ab\u00a0il y a des gens qui n&rsquo;ont que des restes dans le r\u00e9frig\u00e9rateur\u00a0\u00bb.<\/p>\n<p>\u00ab\u00a0<strong>Je suis \u00e0 la Banque Alimentaire depuis 27 ans et je n&rsquo;ai jamais rien vu de tel<\/strong>\u00ab\u00a0, d\u00e9plore Isabel Jonet \u00e0 Renascen\u00e7a. Le nombre de demandes d&rsquo;aide atteint actuellement 55 mille.<\/p>\n<p>La pr\u00e9sidente de la Banque alimentaire contre la faim, Isabel Jonet, a d\u00e9clar\u00e9 ce dimanche \u00e0 la radio Renascen\u00e7a qu&rsquo;elle \u00ab\u00a0n&rsquo;avait jamais rien vu de tel\u00a0\u00bb, faisant r\u00e9f\u00e9rence \u00e0 l&rsquo;augmentation des demandes d&rsquo;aide \u00e0 l&rsquo;institution dans le contexte de la pand\u00e9mie de Covid-19, qui en ce moment sont arriv\u00e9es \u00e0 55 mille.<\/p>\n<p>\u00ab\u00a0Nous parlons de 11 500 nouvelles demandes de soutien alimentaire ce dimanche matin. Et ce sont des m\u00e9nages. Par cons\u00e9quent, j&rsquo;estime qu&rsquo;il y a environ 55 000 personnes qui sont parvenues au r\u00e9seau d&rsquo;urgence\u00a0\u00bb depuis l&rsquo;arriv\u00e9e du nouveau coronavirus au Portugal , explique-t-elle.<\/p>\n<p>Ce sont des demandes \u00abd\u00e9sesp\u00e9r\u00e9es\u00bb de personnes qui ont boulevers\u00e9 leur vie \u00e0 cause de la pand\u00e9mie de Covid-19. Ce sont les nouveaux pauvres, des manucures aux chauffeurs, explique le pr\u00e9sident de la Banque alimentaire.<\/p>\n<p>\u00ab\u00a0Ce sont des gens de professions tr\u00e8s, tr\u00e8s diff\u00e9rentes. Des chauffeurs de taxi ou d&rsquo;Uber, des gens qui travaillent dans des gymnases, des physioth\u00e9rapeutes, des dentistes, des travailleurs de cirques ambulants, des forains, des coiffeurs, des manucures, des gens de professions li\u00e9es au tourisme\u00a0\u00bb.<\/p>\n<p>\u00ab\u00a0Et quoi nous avons aujourd&rsquo;hui est un grand nombre de personnes qui, soudainement, n&rsquo;ont aucun revenu ou r\u00e9mun\u00e9ration\u00a0\u00bb.<\/p>\n<p><strong>Des gens qui, selon Isabel Jonet, traversent des situations de grande fragilit\u00e9 et m\u00eame de faim.<\/strong><\/p>\n<p>\u00ab\u00a0Gr\u00e2ce aux institutions de solidarit\u00e9 sociale et aux conseils paroissiaux et municipaux, qui sur le terrain ont soutenu avec une tr\u00e8s grande solidarit\u00e9, je pense que nous avons r\u00e9ussi \u00e0 all\u00e9ger les souffrances de ces personnes.<\/p>\n<p>Mais il y a beaucoup de gens qui viennent aujourd&rsquo;hui \u00e0 la Banque alimentaire qui disent qu&rsquo;ils sont pendant plus de deux jours sans rien obtenir, dans le frigo ils n&rsquo;ont que des restes. Ce sont des situations r\u00e9elles, tr\u00e8s, tr\u00e8s difficiles. (<a href=\"https:\/\/rr.sapo.pt\/\" target=\"_blank\" rel=\"noopener noreferrer\">rr.pt<\/a><a href=\"https:\/\/rr.sapo.pt\/\" target=\"_blank\" rel=\"noopener noreferrer\">rr.pt<\/a>) (Foto: Joana Bourgard\/RR)<\/p>\n","protected":false},"excerpt":{"rendered":"<p>Isabel Jonet, presidente do Banque Alimentaire Contre la Faim. \u00ab\u00a0Je n&rsquo;ai jamais rien vu de tel\u00a0\u00bb. Des chauffeurs jusqu&rsquo;aux dentistes, les demandes d&rsquo;aide \u00e0 la la Banque Alimentaire s&rsquo;enflamment. La pr\u00e9sidente de la banque alimentaire contre la faim dit qu&rsquo;\u00e0 cause de la pand\u00e9mie de Covid-19 \u00ab\u00a0il y a des gens qui n&rsquo;ont que des [&hellip;]<\/p>\n","protected":false},"author":1,"featured_media":7027,"comment_status":"open","ping_status":"closed","sticky":false,"template":"","format":"standard","meta":{"footnotes":""},"categories":[3],"tags":[1249,321],"class_list":["post-7026","post","type-post","status-publish","format-standard","has-post-thumbnail","hentry","category-portugal","tag-banque-alimentaire","tag-portugal"],"aioseo_notices":[],"_links":{"self":[{"href":"https:\/\/www.culturalusa.com\/news\/wp-json\/wp\/v2\/posts\/7026","targetHints":{"allow":["GET"]}}],"collection":[{"href":"https:\/\/www.culturalusa.com\/news\/wp-json\/wp\/v2\/posts"}],"about":[{"href":"https:\/\/www.culturalusa.com\/news\/wp-json\/wp\/v2\/types\/post"}],"author":[{"embeddable":true,"href":"https:\/\/www.culturalusa.com\/news\/wp-json\/wp\/v2\/users\/1"}],"replies":[{"embeddable":true,"href":"https:\/\/www.culturalusa.com\/news\/wp-json\/wp\/v2\/comments?post=7026"}],"version-history":[{"count":0,"href":"https:\/\/www.culturalusa.com\/news\/wp-json\/wp\/v2\/posts\/7026\/revisions"}],"wp:featuredmedia":[{"embeddable":true,"href":"https:\/\/www.culturalusa.com\/news\/wp-json\/wp\/v2\/media\/7027"}],"wp:attachment":[{"href":"https:\/\/www.culturalusa.com\/news\/wp-json\/wp\/v2\/media?parent=7026"}],"wp:term":[{"taxonomy":"category","embeddable":true,"href":"https:\/\/www.culturalusa.com\/news\/wp-json\/wp\/v2\/categories?post=7026"},{"taxonomy":"post_tag","embeddable":true,"href":"https:\/\/www.culturalusa.com\/news\/wp-json\/wp\/v2\/tags?post=7026"}],"curies":[{"name":"wp","href":"https:\/\/api.w.org\/{rel}","templated":true}]}}