{"id":7045,"date":"2020-04-30T01:11:58","date_gmt":"2020-04-29T23:11:58","guid":{"rendered":"https:\/\/www.culturalusa.com\/news\/?p=7045"},"modified":"2020-09-24T14:53:58","modified_gmt":"2020-09-24T12:53:58","slug":"le-foot-et-le-rugby-restent-aux-vestiaires-jusquen-aout","status":"publish","type":"post","link":"https:\/\/www.culturalusa.com\/news\/sport\/le-foot-et-le-rugby-restent-aux-vestiaires-jusquen-aout\/","title":{"rendered":"Le foot et le rugby restent aux vestiaires jusqu&rsquo;en ao\u00fbt"},"content":{"rendered":"<p>\u00ab\u00a0La saison 2019-2020 de sports professionnels ne pourra pas reprendre\u00a0\u00bb en France: le plan gouvernemental de d\u00e9confinement a largement douch\u00e9 mardi les espoirs du football et du rugby fran\u00e7ais, rendant caduque une reprise avant la fin de l&rsquo;\u00e9t\u00e9, tout en laissant la porte ouverte au Tour de France cycliste.<\/p>\n<p>Le Premier ministre fran\u00e7ais Edouard Philippe a siffl\u00e9 la fin de partie pour les comp\u00e9titions professionnelles (Championnats de foot de 1re et 2e divisions, Top 14 et Pro D2 de rugby) suspendues mi-mars \u00e0 cause du coronavirus. Et football et rugby ont rejoint basket, handball et volley, qui avaient d\u00e9j\u00e0 act\u00e9 l&rsquo;arr\u00eat d\u00e9finitif de leur saison.<\/p>\n<p>\u00ab\u00a0Je veux pr\u00e9ciser que les grandes manifestations sportives (&#8230;), tous les \u00e9v\u00e9nements qui regroupent plus de 5000 participants (&#8230;) ne pourront se tenir avant le mois de septembre\u00a0\u00bb, a d\u00e9clar\u00e9 le Premier ministre devant les d\u00e9put\u00e9s, un calendrier qui alimente \u00e0 l&rsquo;inverse les espoirs du Tour de France, reprogramm\u00e9 du 29 ao\u00fbt au 20 septembre.<\/p>\n<p>Le minist\u00e8re fran\u00e7ais des sports a ensuite pr\u00e9cis\u00e9 \u00e0 l&rsquo;AFP qu&rsquo;il ne pourrait pas y avoir de comp\u00e9tition \u00ab\u00a0m\u00eame \u00e0 huis clos\u00a0\u00bb avant fin juillet, laissant n\u00e9anmoins la possibilit\u00e9 de la tenue de certains matches en ao\u00fbt. Ce qui pourrait permettre \u00e0 Lyon et au Paris SG de terminer leur parcours en Ligue des champions courant ao\u00fbt, comme envisag\u00e9 par l&rsquo;UEFA.<\/p>\n<p>Mais pour le football, sport-roi au pays des champions du monde, l&rsquo;horizon s&rsquo;est brusquement bouch\u00e9. L&rsquo;hypoth\u00e8se privil\u00e9gi\u00e9e par la Ligue fran\u00e7aise de football professionnel (LFP), \u00e0 savoir reprendre la Ligue 1, le championnat de 1re division, le 17 juin \u00e0 huis clos, et la terminer le 25 juillet, est caduque, g\u00e9n\u00e9rant une immense incertitude financi\u00e8re pour un secteur tr\u00e8s d\u00e9pendant de ses droits TV.<\/p>\n<p><strong>Un secteur sinistr\u00e9<\/strong><\/p>\n<p>En l&rsquo;\u00e9tat, le monde du ballon rond va devoir trancher la question de l&rsquo;attribution du titre de champion (le PSG occupait la premi\u00e8re place avant la suspension), celle des places europ\u00e9ennes et les \u00e9ventuelles rel\u00e9gations.<\/p>\n<p>Et sa stabilit\u00e9 \u00e9conomique risque d&rsquo;\u00eatre mise \u00e0 l&rsquo;\u00e9preuve: \u00ab\u00a0Si on est oblig\u00e9 de reprendre en ao\u00fbt, il est fort probable que la saison s&rsquo;arr\u00eate maintenant, sinon on tuera la saison prochaine\u00a0\u00bb, a r\u00e9sum\u00e9 le pr\u00e9sident d&rsquo;un club de Ligue 1 aupr\u00e8s de l&rsquo;AFP, tr\u00e8s inquiet.<\/p>\n<p>\u00ab\u00a0Quid des finances des clubs ? Six mois sans recettes, comment on fait ? Comme le tourisme ou l&rsquo;a\u00e9rien nous sommes un secteur sinistr\u00e9, c&rsquo;est officiel d\u00e9sormais\u00a0\u00bb, a-t-il ajout\u00e9, alors que pr\u00e8s d&rsquo;un tiers des recettes issus des droits TV risque de partir en fum\u00e9e.<\/p>\n<p>Selon une estimation du minist\u00e8re des Sports, les pertes pour les six sports professionnels majeurs (football, rugby, cyclisme, handball, volley-ball, basket-ball), s&rsquo;\u00e9l\u00e8veraient \u00e0 1,45 milliard d&rsquo;euros en cas de non reprise des championnats. Dont 1,16 milliard d&rsquo;euros pour le seul football professionnel (clubs de 1re et 2e divisions).<\/p>\n<p>Mais pour Sylvain Kastendeuch, co-pr\u00e9sident du syndicat de footballeurs UNFP, c&rsquo;est une d\u00e9cision \u00ab\u00a0reponsable\u00a0\u00bb. \u00ab\u00a0Le gouvernement a compris que l&rsquo;urgence \u00e9conomique ne devait pas prendre le pas sur l&rsquo;imp\u00e9ratif de sant\u00e9 publique\u00a0\u00bb, a-t-il r\u00e9agi dans une d\u00e9claration transmise \u00e0 l&rsquo;AFP.<\/p>\n<p>Cette annonce va \u00e0 l&rsquo;encontre de la volont\u00e9 de l&rsquo;UEFA, qui esp\u00e9rait dans la foul\u00e9e terminer les comp\u00e9titions europ\u00e9ennes au mois d&rsquo;ao\u00fbt, au prix d&rsquo;un calendrier charg\u00e9. Mais la France a embo\u00eet\u00e9 le pas aux Pays-Bas, premier championnat europ\u00e9en \u00e0 sceller son arr\u00eat d\u00e9finitif vendredi dernier.<\/p>\n<p><strong>Septembre, nouveau cap pour le rugby et le cyclisme<\/strong><\/p>\n<p>Concernant le rugby, la d\u00e9claration du Premier ministre a le m\u00e9rite de clarifier la situation: la Ligue nationale de rugby avait d\u00e9j\u00e0 valid\u00e9 la solution d&rsquo;une reprise en septembre en raison d&rsquo;une p\u00e9riode de tests et de r\u00e9athl\u00e9tisation estim\u00e9e entre huit et douze semaines.<\/p>\n<p>Reste \u00e0 savoir si la saison actuelle sera achev\u00e9e avant de passer \u00e0 la suivante, sens\u00e9e d\u00e9buter le week-end du 5 et 6 septembre.<\/p>\n<p>\u00ab\u00a0Ce n&rsquo;est pas une surprise. Je pensais que le football reprendrait, \u00e0 huis clos bien s\u00fbr. Mais c&rsquo;est tellement compliqu\u00e9 \u00e0 tester (d\u00e9pister les joueurs, NDLR), etc&#8230; c&rsquo;est tr\u00e8s contraignant. Et puis dans le sport collectif, il y a de la proximit\u00e9, encore plus au rugby\u00a0\u00bb, a r\u00e9agi le pr\u00e9sident de la F\u00e9d\u00e9ration fran\u00e7aise de rugby Bernard Laporte, jugeant \u00ab\u00a0primordiale\u00a0\u00bb la sant\u00e9 des joueurs.<\/p>\n<p>Pour le cyclisme, la jauge fix\u00e9e par le Premier ministre \u00e0 5000 personnes au maximum pour les manifestations sportives touche principalement le Dauphin\u00e9 et le d\u00e9but du Tour de France.<\/p>\n<p>Le Dauphin\u00e9, la course pr\u00e9paratoire au Tour, doit prendre place en ao\u00fbt dans le calendrier actuellement \u00e0 l&rsquo;\u00e9tude par l&rsquo;Union cycliste internationale (UCI). Le Tour est cens\u00e9 d\u00e9marrer le 29 ao\u00fbt \u00e0 Nice, et les trois premi\u00e8res \u00e9tapes sont concern\u00e9es par la jauge des 5.000 personnes.<\/p>\n<p>Au moins, le peloton fran\u00e7ais a vu une premi\u00e8re incertitude lev\u00e9e: pour les coureurs, confin\u00e9s comme les autres sportifs depuis le 17 mars, l&rsquo;annonce du Premier ministre ouvre la voie \u00e0 la reprise de l&rsquo;entra\u00eenement individuel sur route le 11 mai. (AFP)<\/p>\n","protected":false},"excerpt":{"rendered":"<p>\u00ab\u00a0La saison 2019-2020 de sports professionnels ne pourra pas reprendre\u00a0\u00bb en France: le plan gouvernemental de d\u00e9confinement a largement douch\u00e9 mardi les espoirs du football et du rugby fran\u00e7ais, rendant caduque une reprise avant la fin de l&rsquo;\u00e9t\u00e9, tout en laissant la porte ouverte au Tour de France cycliste. Le Premier ministre fran\u00e7ais Edouard Philippe [&hellip;]<\/p>\n","protected":false},"author":1,"featured_media":7046,"comment_status":"open","ping_status":"closed","sticky":false,"template":"","format":"standard","meta":{"footnotes":""},"categories":[5],"tags":[1214,1253,1254],"class_list":["post-7045","post","type-post","status-publish","format-standard","has-post-thumbnail","hentry","category-sport","tag-covid-19","tag-foot","tag-rugby"],"aioseo_notices":[],"_links":{"self":[{"href":"https:\/\/www.culturalusa.com\/news\/wp-json\/wp\/v2\/posts\/7045","targetHints":{"allow":["GET"]}}],"collection":[{"href":"https:\/\/www.culturalusa.com\/news\/wp-json\/wp\/v2\/posts"}],"about":[{"href":"https:\/\/www.culturalusa.com\/news\/wp-json\/wp\/v2\/types\/post"}],"author":[{"embeddable":true,"href":"https:\/\/www.culturalusa.com\/news\/wp-json\/wp\/v2\/users\/1"}],"replies":[{"embeddable":true,"href":"https:\/\/www.culturalusa.com\/news\/wp-json\/wp\/v2\/comments?post=7045"}],"version-history":[{"count":0,"href":"https:\/\/www.culturalusa.com\/news\/wp-json\/wp\/v2\/posts\/7045\/revisions"}],"wp:featuredmedia":[{"embeddable":true,"href":"https:\/\/www.culturalusa.com\/news\/wp-json\/wp\/v2\/media\/7046"}],"wp:attachment":[{"href":"https:\/\/www.culturalusa.com\/news\/wp-json\/wp\/v2\/media?parent=7045"}],"wp:term":[{"taxonomy":"category","embeddable":true,"href":"https:\/\/www.culturalusa.com\/news\/wp-json\/wp\/v2\/categories?post=7045"},{"taxonomy":"post_tag","embeddable":true,"href":"https:\/\/www.culturalusa.com\/news\/wp-json\/wp\/v2\/tags?post=7045"}],"curies":[{"name":"wp","href":"https:\/\/api.w.org\/{rel}","templated":true}]}}