{"id":7124,"date":"2020-05-26T20:07:43","date_gmt":"2020-05-26T18:07:43","guid":{"rendered":"https:\/\/www.culturalusa.com\/news\/?p=7124"},"modified":"2020-09-24T14:46:44","modified_gmt":"2020-09-24T12:46:44","slug":"darmanin-maire-et-ministre-philippe-rappelle-quil-devra-choisir-le-moment-venu","status":"publish","type":"post","link":"https:\/\/www.culturalusa.com\/news\/actualite\/darmanin-maire-et-ministre-philippe-rappelle-quil-devra-choisir-le-moment-venu\/","title":{"rendered":"Darmanin maire et ministre? Philippe rappelle qu&rsquo;il devra choisir \u00ab\u00a0le moment venu\u00a0\u00bb"},"content":{"rendered":"<p>Le Premier ministre \u00c9douard Philippe a rappel\u00e9 mardi que le ministre des Comptes publics, G\u00e9rald Darmanin, \u00e9lu samedi maire de Tourcoing (Nord), devrait choisir \u00ab\u00a0le moment venu\u00a0\u00bb entre ses deux fonctions ex\u00e9cutives.<\/p>\n<p>Interrog\u00e9 \u00e0 l&rsquo;Assembl\u00e9e nationale lors des questions au gouvernement par le d\u00e9put\u00e9 LR Patrick Hetzel sur la r\u00e8gle du non-cumul, le Premier ministre a r\u00e9p\u00e9t\u00e9 des propos d\u00e9j\u00e0 tenus cet \u00e9t\u00e9, lorsqu&rsquo;il affirmait \u00ab\u00a0qu&rsquo;il appartiendra \u00e0 ceux qui sont candidats le moment venu, et s&rsquo;ils sont \u00e9lus, de d\u00e9terminer si oui ou non ils veulent rester membre du gouvernement\u00a0\u00bb.<\/p>\n<p>\u00ab\u00a0Je n&rsquo;ajoute ni ne retranche rien de ce que j&rsquo;ai dit le 4 septembre 2019\u00a0\u00bb, a ajout\u00e9 le chef du gouvernement, sans \u00eatre plus pr\u00e9cis.<\/p>\n<p>\u00c9lu samedi maire de Tourcoing, M. Darmanin a r\u00e9p\u00e9t\u00e9 qu&rsquo;il avait \u00e9t\u00e9 autoris\u00e9 \u00e0 cumuler son mandat et celui de ministre par \u00c9douard Philippe et Emmanuel Macron, une information confirm\u00e9e de sources concordantes au sein de l&rsquo;ex\u00e9cutif.<\/p>\n<p>Le lendemain, dans un entretien au JDD, le ministre de l&rsquo;Action et des comptes publics avait expliqu\u00e9 vouloir \u00ab\u00a0peser davantage\u00a0\u00bb sur les choix politiques et \u00ab\u00a0continuer \u00e0 travailler\u00a0\u00bb avec Emmanuel Macron \u00ab\u00a0pour r\u00e9parer notre pays\u00a0\u00bb.<\/p>\n<p>D&rsquo;aucuns y ont vu une offre de service pour Matignon, dans la perspective d&rsquo;un remaniement jug\u00e9 probable apr\u00e8s le second tour des municipales pr\u00e9vu le 28 juin, m\u00eame si l&rsquo;int\u00e9ress\u00e9 jure \u00eatre \u00ab\u00a0un soutien loyal et fid\u00e8le\u00a0\u00bb d&rsquo;\u00c9douard Philippe.<\/p>\n<p>Ce dernier l&rsquo;a par ailleurs f\u00e9licit\u00e9, mardi, lors des questions au gouvernement, en affirmant se \u00ab\u00a0r\u00e9jouir publiquement de l&rsquo;\u00e9lection du ministre \u00e0 la mairie de Tourcoing, apr\u00e8s un tr\u00e8s beau score au premier tour des \u00e9lections municipales\u00a0\u00bb.<br \/>\nG\u00e9rald Darmanin avait recueilli 60,89 % des voix le 15 mars. (AFP)<\/p>\n","protected":false},"excerpt":{"rendered":"<p>Le Premier ministre \u00c9douard Philippe a rappel\u00e9 mardi que le ministre des Comptes publics, G\u00e9rald Darmanin, \u00e9lu samedi maire de Tourcoing (Nord), devrait choisir \u00ab\u00a0le moment venu\u00a0\u00bb entre ses deux fonctions ex\u00e9cutives. Interrog\u00e9 \u00e0 l&rsquo;Assembl\u00e9e nationale lors des questions au gouvernement par le d\u00e9put\u00e9 LR Patrick Hetzel sur la r\u00e8gle du non-cumul, le Premier ministre [&hellip;]<\/p>\n","protected":false},"author":1,"featured_media":7125,"comment_status":"open","ping_status":"closed","sticky":false,"template":"","format":"standard","meta":{"footnotes":""},"categories":[30],"tags":[681,1282,1283],"class_list":["post-7124","post","type-post","status-publish","format-standard","has-post-thumbnail","hentry","category-actualite","tag-edouard-philippe","tag-gerald-darmanin","tag-ministre-des-comptes-publics"],"aioseo_notices":[],"_links":{"self":[{"href":"https:\/\/www.culturalusa.com\/news\/wp-json\/wp\/v2\/posts\/7124","targetHints":{"allow":["GET"]}}],"collection":[{"href":"https:\/\/www.culturalusa.com\/news\/wp-json\/wp\/v2\/posts"}],"about":[{"href":"https:\/\/www.culturalusa.com\/news\/wp-json\/wp\/v2\/types\/post"}],"author":[{"embeddable":true,"href":"https:\/\/www.culturalusa.com\/news\/wp-json\/wp\/v2\/users\/1"}],"replies":[{"embeddable":true,"href":"https:\/\/www.culturalusa.com\/news\/wp-json\/wp\/v2\/comments?post=7124"}],"version-history":[{"count":0,"href":"https:\/\/www.culturalusa.com\/news\/wp-json\/wp\/v2\/posts\/7124\/revisions"}],"wp:featuredmedia":[{"embeddable":true,"href":"https:\/\/www.culturalusa.com\/news\/wp-json\/wp\/v2\/media\/7125"}],"wp:attachment":[{"href":"https:\/\/www.culturalusa.com\/news\/wp-json\/wp\/v2\/media?parent=7124"}],"wp:term":[{"taxonomy":"category","embeddable":true,"href":"https:\/\/www.culturalusa.com\/news\/wp-json\/wp\/v2\/categories?post=7124"},{"taxonomy":"post_tag","embeddable":true,"href":"https:\/\/www.culturalusa.com\/news\/wp-json\/wp\/v2\/tags?post=7124"}],"curies":[{"name":"wp","href":"https:\/\/api.w.org\/{rel}","templated":true}]}}