{"id":7130,"date":"2020-06-01T11:00:15","date_gmt":"2020-06-01T09:00:15","guid":{"rendered":"https:\/\/www.culturalusa.com\/news\/?p=7130"},"modified":"2020-09-24T14:46:10","modified_gmt":"2020-09-24T12:46:10","slug":"place-saint-pierre-a-rome-les-fideles-a-nouveau-libres-daller-ecouter-le-pape","status":"publish","type":"post","link":"https:\/\/www.culturalusa.com\/news\/actualite\/place-saint-pierre-a-rome-les-fideles-a-nouveau-libres-daller-ecouter-le-pape\/","title":{"rendered":"Place Saint-Pierre \u00e0 Rome: les fid\u00e8les \u00e0 nouveau libres d&rsquo;aller \u00e9couter le Pape"},"content":{"rendered":"<p>Symbole d&rsquo;un retour \u00e0 la normale apr\u00e8s le confinement, le pape Fran\u00e7ois s&rsquo;est adress\u00e9 pour la premi\u00e8re fois depuis trois mois directement aux fid\u00e8les, qui peuvent d\u00e9sormais venir l&rsquo;\u00e9couter en s&rsquo;espa\u00e7ant prudemment sur la place Saint-Pierre \u00e0 Rome.<\/p>\n<p>\u00ab\u00a0Aujourd&rsquo;hui que la place est ouverte, nous pouvons revenir, c&rsquo;est un plaisir !\u00a0\u00bb, a lanc\u00e9 le pape argentin depuis une fen\u00eatre du palais apostolique, saluant en contrebas plusieurs centaines de personnes dispers\u00e9es sur l&rsquo;immense place encercl\u00e9e par les colonnades du Bernin, mais aussi par la police.<\/p>\n<p>Ils \u00e9taient 1.500, estime le service de presse du Vatican, bien loin de l&rsquo;affluence dix fois sup\u00e9rieure lorsque les touristes et p\u00e8lerins de la plan\u00e8te enti\u00e8re prenaient d&rsquo;assaut le quartier. Mais entretemps, l&rsquo;\u00e9pid\u00e9mie de coronavirus a durement \u00e9prouv\u00e9 l&rsquo;Italie, faisant plus de 33.000 morts, et le pays s&rsquo;est confin\u00e9 deux mois. La p\u00e9ninsule a entam\u00e9 d\u00e9but mai son d\u00e9confinement et la situation se normalise lentement.<\/p>\n<p>Micaela Testa, en tenue color\u00e9e et estivale de joggeuse, a joint le sport au spirituel. Elle a pris le bus depuis sa commune de Fregene sur le littoral romain, puis couru quatre kilom\u00e8tres jusqu&rsquo;\u00e0 la place Saint-Pierre.<\/p>\n<p>\u00ab\u00a0C&rsquo;est un moment o\u00f9 vous sentez que vous devez faire quelque chose, comme vous approcher de ce monument symbolisant la foi\u00a0\u00bb, confie-t-elle. \u00ab\u00a0C&rsquo;est aussi un moment o\u00f9 l&rsquo;on se rapproche les uns des autres\u00a0\u00bb, ajoute-t-elle, persuad\u00e9e qu&rsquo;une solidarit\u00e9 nouvelle est n\u00e9e de la pand\u00e9mie.<\/p>\n<p>\u00ab\u00a0Ayons le courage de changer, d&rsquo;\u00eatre meilleurs qu&rsquo;avant et de pouvoir construire positivement l&rsquo;apr\u00e8s-crise de la pand\u00e9mie\u00a0\u00bb, a d&rsquo;ailleurs plaid\u00e9 une nouvelle fois le pape, fermement engag\u00e9 dans une bataille pour une soci\u00e9t\u00e9 plus juste et \u00e0 l&rsquo;\u00e9coute des pauvres.<br \/>\n\u00ab\u00a0R\u00e9flexion sur l&rsquo;avenir\u00a0\u00bb<\/p>\n<p>Elisa Marzia Vitaliano, une directrice d&rsquo;\u00e9cole, ne voulait pas manquer ce rendez-vous \u00ab\u00a0hautement symbolique\u00a0\u00bb v\u00e9cu comme \u00ab\u00a0un point de d\u00e9part pour entamer une r\u00e9flexion sur l&rsquo;avenir\u00a0\u00bb. Cette inconditionnelle juge que ce pape \u00ab\u00a0charismatique\u00a0\u00bb a su soutenir les croyants \u00e0 travers ses paroles et pri\u00e8res diffus\u00e9es par internet durant le confinement.<\/p>\n<p>Des interventions suivies jusqu&rsquo;en Tanzanie, assure Herbert Mpwage, un \u00e9tudiant tanzanien venu \u00e9tudier la th\u00e9ologie \u00e0 Rome. Le pape \u00ab\u00a0donne de l&rsquo;espoir\u00a0\u00bb et dit que \u00ab\u00a0la vie doit continuer\u00a0\u00bb, appr\u00e9cie le jeune homme qui veut devenir pr\u00eatre.<\/p>\n<p>Image lugubre qui restera dans les esprits: Fran\u00e7ois \u00e9tait apparu fin mars sur une place Saint-Pierre d\u00e9serte et balay\u00e9e par la pluie pour pr\u00e9sider une pri\u00e8re face \u00e0 \u00ab\u00a0la temp\u00eate\u00a0\u00bb de la pand\u00e9mie, en exhortant le monde \u00ab\u00a0apeur\u00e9 et perdu\u00a0\u00bb \u00e0 revoir ses priorit\u00e9s.<\/p>\n<p>Dimanche, sous un soleil radieux, il a sembl\u00e9 savourer les retrouvailles, pr\u00e9cis\u00e9ment le jour important de la Pentec\u00f4te, sans devoir parler \u00e0 l&rsquo;objectif d&rsquo;une cam\u00e9ra comme il le faisait depuis le 8 mars. Pour autant, il ne devrait pas s&rsquo;adonner de si t\u00f4t aux traditionnels bains de foule de l&rsquo;audience du mercredi, ponctu\u00e9s d&#8217;embrassades et de milliers de poign\u00e9es de mains sur la place.<\/p>\n<p>L&rsquo;Argentin Jorge Bergoglio a demand\u00e9 dimanche \u00e0 la foule de prier avec lui en silence pour \u00ab\u00a0les m\u00e9decins, volontaires, infirmi\u00e8res, tout le personnel sanitaire qui ont donn\u00e9 leur vie\u00a0\u00bb, qui m\u00e9ritent \u00ab\u00a0gratitude\u00a0\u00bb et \u00ab\u00a0admiration\u00a0\u00bb.<\/p>\n<p>\u00ab\u00a0Soigner les gens est plus important que l&rsquo;\u00e9conomie\u00a0\u00bb, a-t-il improvis\u00e9, suscitant une vol\u00e9e d&rsquo;applaudissements.<br \/>\nPens\u00e9e pour l&rsquo;Amazonie<\/p>\n<p>En d&rsquo;autres temps, le pape avait r\u00e9uni en octobre dernier au Vatican un synode r\u00e9gional in\u00e9dit consacr\u00e9 aux probl\u00e8mes de l&rsquo;Amazonie, avec 200 participants dont des pr\u00e9lats de la r\u00e9gion et des repr\u00e9sentants des peuples indig\u00e8nes.<\/p>\n<p>Dimanche, il s&rsquo;est dit pr\u00e9occup\u00e9 pour ces populations \u00ab\u00a0particuli\u00e8rement vuln\u00e9rables\u00a0\u00bb face \u00e0 la pand\u00e9mie de Covid-19. \u00ab\u00a0Il y a tellement de personnes contamin\u00e9es et d\u00e9c\u00e9d\u00e9es\u00a0\u00bb, a-t-il regrett\u00e9, jugeant que personne dans le monde ne devait \u00eatre priv\u00e9e d&rsquo;assistance.<\/p>\n<p>Dans une hom\u00e9lie de la Pentec\u00f4te prononc\u00e9e auparavant devant une cinquantaine de fid\u00e8les dans la basilique Saint-Pierre, le pape avait appel\u00e9 les chr\u00e9tiens \u00e0 laisser de c\u00f4t\u00e9 \u00ab\u00a0\u00e9go\u00efsme\u00a0\u00bb et \u00ab\u00a0pessimisme\u00a0\u00bb, pour affronter avec \u00ab\u00a0unit\u00e9\u00a0\u00bb les cons\u00e9quences de la pand\u00e9mie.<\/p>\n<p>Autre signe d&rsquo;une normalisation, on pouvait croiser aussi dimanche des promeneurs non croyants, heureux de venir admirer la basilique sans faire la queue. Comme Javier Cerrato, un Espagnol vivant \u00e0 Rome, qui esp\u00e8re n\u00e9anmoins que les visiteurs \u00e9trangers reviendront, attir\u00e9s par le pape et le Vatican, \u00ab\u00a0des atouts touristiques\u00a0\u00bb. (AFP)<\/p>\n","protected":false},"excerpt":{"rendered":"<p>Symbole d&rsquo;un retour \u00e0 la normale apr\u00e8s le confinement, le pape Fran\u00e7ois s&rsquo;est adress\u00e9 pour la premi\u00e8re fois depuis trois mois directement aux fid\u00e8les, qui peuvent d\u00e9sormais venir l&rsquo;\u00e9couter en s&rsquo;espa\u00e7ant prudemment sur la place Saint-Pierre \u00e0 Rome. \u00ab\u00a0Aujourd&rsquo;hui que la place est ouverte, nous pouvons revenir, c&rsquo;est un plaisir !\u00a0\u00bb, a lanc\u00e9 le pape [&hellip;]<\/p>\n","protected":false},"author":1,"featured_media":7131,"comment_status":"open","ping_status":"closed","sticky":false,"template":"","format":"standard","meta":{"footnotes":""},"categories":[30],"tags":[350,1284,857],"class_list":["post-7130","post","type-post","status-publish","format-standard","has-post-thumbnail","hentry","category-actualite","tag-pape-francois","tag-place-saint-pierre","tag-rome"],"aioseo_notices":[],"_links":{"self":[{"href":"https:\/\/www.culturalusa.com\/news\/wp-json\/wp\/v2\/posts\/7130","targetHints":{"allow":["GET"]}}],"collection":[{"href":"https:\/\/www.culturalusa.com\/news\/wp-json\/wp\/v2\/posts"}],"about":[{"href":"https:\/\/www.culturalusa.com\/news\/wp-json\/wp\/v2\/types\/post"}],"author":[{"embeddable":true,"href":"https:\/\/www.culturalusa.com\/news\/wp-json\/wp\/v2\/users\/1"}],"replies":[{"embeddable":true,"href":"https:\/\/www.culturalusa.com\/news\/wp-json\/wp\/v2\/comments?post=7130"}],"version-history":[{"count":0,"href":"https:\/\/www.culturalusa.com\/news\/wp-json\/wp\/v2\/posts\/7130\/revisions"}],"wp:featuredmedia":[{"embeddable":true,"href":"https:\/\/www.culturalusa.com\/news\/wp-json\/wp\/v2\/media\/7131"}],"wp:attachment":[{"href":"https:\/\/www.culturalusa.com\/news\/wp-json\/wp\/v2\/media?parent=7130"}],"wp:term":[{"taxonomy":"category","embeddable":true,"href":"https:\/\/www.culturalusa.com\/news\/wp-json\/wp\/v2\/categories?post=7130"},{"taxonomy":"post_tag","embeddable":true,"href":"https:\/\/www.culturalusa.com\/news\/wp-json\/wp\/v2\/tags?post=7130"}],"curies":[{"name":"wp","href":"https:\/\/api.w.org\/{rel}","templated":true}]}}