{"id":7138,"date":"2020-06-07T02:37:12","date_gmt":"2020-06-07T00:37:12","guid":{"rendered":"https:\/\/www.culturalusa.com\/news\/?p=7138"},"modified":"2020-09-24T14:45:17","modified_gmt":"2020-09-24T12:45:17","slug":"coronavirus-le-point-sur-la-pandemie-dans-le-monde","status":"publish","type":"post","link":"https:\/\/www.culturalusa.com\/news\/actualite\/coronavirus-le-point-sur-la-pandemie-dans-le-monde\/","title":{"rendered":"CoronaVirus : le point sur la pand\u00e9mie dans le monde"},"content":{"rendered":"<p>Nouveaux bilans, nouvelles mesures, faits marquants: un point sur les derni\u00e8res \u00e9volutions de la pand\u00e9mie de Covid-19.<\/p>\n<p><strong>Plus de 397.000 morts<\/strong><\/p>\n<p>La pand\u00e9mie du nouveau coronavirus a fait au moins 397.179 morts dans le monde depuis son apparition en d\u00e9cembre en Chine, selon un bilan \u00e9tabli par l&rsquo;AFP \u00e0 partir de sources officielles samedi \u00e0 19h00 GMT.<\/p>\n<p>La propagation du virus s&rsquo;est acc\u00e9l\u00e9r\u00e9e en Am\u00e9rique latine o\u00f9 le Br\u00e9sil est devenu le troisi\u00e8me pays le plus endeuill\u00e9 au monde avec 35.026 morts.<\/p>\n<p>Les \u00c9tats-Unis restent le pays le plus touch\u00e9 tant en nombre de morts que de cas (109.497 d\u00e9c\u00e8s pour 1.908.235 cas). Viennent ensuite le Royaume-Uni avec 40.465 morts, le Br\u00e9sil, l&rsquo;Italie (33.846 morts) et la France (29.111 morts).<\/p>\n<p><strong>L&rsquo;Opep prolonge ses coupes<\/strong><\/p>\n<p>Les membres de l&rsquo;Organisation des pays exportateurs de p\u00e9trole (Opep) se sont accord\u00e9s pour prolonger d&rsquo;un mois la r\u00e9duction de production auxquels ils s&rsquo;astreignent depuis d\u00e9but mai.<\/p>\n<p>Alors que la demande avait plong\u00e9 dans une \u00e9conomie mondiale \u00e0 l&rsquo;arr\u00eat, l&rsquo;OPEP avait ferm\u00e9 le robinet avec force, s&rsquo;engageant \u00e0 retirer 9,7 millions de barils par jour.<\/p>\n<p><strong>Manifestations<\/strong><\/p>\n<p>Plusieurs milliers de personnes dans le monde ont brav\u00e9 les risques de contagion pour exprimer leur indignation dans la rue, apr\u00e8s la mort du Noir am\u00e9ricain George Floyd asphyxi\u00e9 par un policier blanc lors d&rsquo;une arrestation.<\/p>\n<p>En France, quelques milliers de personnes ont fait fi de l&rsquo;interdiction par les autorit\u00e9s des rassemblements pour d\u00e9noncer les violences polici\u00e8res et le racisme, notamment \u00e0 Paris et \u00e0 Lyon.<\/p>\n<p>A Sydney, Londres, Berlin, B\u00e2le ou encore Tunis, les manifestants ont d\u00e9fil\u00e9 sous les m\u00eames banni\u00e8res empruntant la gestuelle des marches am\u00e9ricaines, poings lev\u00e9s et habits noirs.<\/p>\n<p><strong>Bolsonaro menace de quitter l&rsquo;OMS<\/strong><\/p>\n<p>Le pr\u00e9sident br\u00e9silien Jair Bolsonaro a menac\u00e9 de retirer son pays de l&rsquo;Organisation mondiale de la sant\u00e9, \u00e0 l&rsquo;instar de son homologue am\u00e9ricain Donald Trump, pour protester contre le \u00ab\u00a0parti pris id\u00e9ologique\u00a0\u00bb de l&rsquo;organisation onusienne.<\/p>\n<p><strong>Iran: le virus pour longtemps<\/strong><\/p>\n<p>Le pr\u00e9sident iranien Hassan Rohani a averti que la lutte contre la maladie Covid-19 \u00e9tait encore loin d&rsquo;\u00eatre gagn\u00e9e et appel\u00e9 ses compatriotes \u00e0 se pr\u00e9parer \u00e0 vivre \u00ab\u00a0longtemps\u00a0\u00bb avec le virus.<\/p>\n<p><strong>Relancer le tourisme<\/strong><\/p>\n<p>L&rsquo;Union europ\u00e9enne est incapable de se coordonner pour la r\u00e9ouverture de ses fronti\u00e8res car les pays sont entr\u00e9s dans une forme de concurrence touristique, a d\u00e9plor\u00e9 le chef de la diplomatie belge Philippe Goffin.<\/p>\n<p>Si la majorit\u00e9 des Etats membres a d\u00e9cid\u00e9 d&rsquo;ouvrir ses fronti\u00e8res \u00e0 partir du 15 juin, certains pays \u00e0 l&rsquo;instar de l&rsquo;Italie (d\u00e8s le 3 juin) ou Chypre (le 9 juin), ont pris les devants.<\/p>\n<p>En Afrique du Sud, les parcs nationaux qui accueillent chaque ann\u00e9e quelque 6 millions de touristes, rouvrent lundi.<\/p>\n<p>Le ch\u00e2teau de Versailles, l&rsquo;un des lieux touristiques les plus visit\u00e9s au monde, tout comme le mus\u00e9e du Prado \u00e0 Madrid ont rouvert.<br \/>\nJO de Tokyo, en 2021 ou pas du tout<\/p>\n<p>\u00ab\u00a0Les Jeux (de Tokyo) auront lieu en 2021 ou n&rsquo;auront pas lieu\u00a0\u00bb, a d\u00e9clar\u00e9 le Belge Pierre-Olivier Beckers, haut responsable du CIO, qui pr\u00e9side notamment la Commission de coordination des JO-2024, dans un entretien au journal belge L&rsquo;Avenir.<\/p>\n<p><strong>Tournages autoris\u00e9s en Californie<\/strong><\/p>\n<p>Les tournages de cin\u00e9ma et de t\u00e9l\u00e9vision pourront reprendre \u00e0 compter du 12 juin en Californie, ont annonc\u00e9 les services du gouverneur, soulignant qu&rsquo;ils resteraient soumis \u00e0 des mesures sanitaires strictes. (AFP)<\/p>\n","protected":false},"excerpt":{"rendered":"<p>Nouveaux bilans, nouvelles mesures, faits marquants: un point sur les derni\u00e8res \u00e9volutions de la pand\u00e9mie de Covid-19. Plus de 397.000 morts La pand\u00e9mie du nouveau coronavirus a fait au moins 397.179 morts dans le monde depuis son apparition en d\u00e9cembre en Chine, selon un bilan \u00e9tabli par l&rsquo;AFP \u00e0 partir de sources officielles samedi \u00e0 [&hellip;]<\/p>\n","protected":false},"author":1,"featured_media":6862,"comment_status":"open","ping_status":"closed","sticky":false,"template":"","format":"standard","meta":{"footnotes":""},"categories":[30],"tags":[1180,1211],"class_list":["post-7138","post","type-post","status-publish","format-standard","has-post-thumbnail","hentry","category-actualite","tag-coronavirus","tag-pandemie"],"aioseo_notices":[],"_links":{"self":[{"href":"https:\/\/www.culturalusa.com\/news\/wp-json\/wp\/v2\/posts\/7138","targetHints":{"allow":["GET"]}}],"collection":[{"href":"https:\/\/www.culturalusa.com\/news\/wp-json\/wp\/v2\/posts"}],"about":[{"href":"https:\/\/www.culturalusa.com\/news\/wp-json\/wp\/v2\/types\/post"}],"author":[{"embeddable":true,"href":"https:\/\/www.culturalusa.com\/news\/wp-json\/wp\/v2\/users\/1"}],"replies":[{"embeddable":true,"href":"https:\/\/www.culturalusa.com\/news\/wp-json\/wp\/v2\/comments?post=7138"}],"version-history":[{"count":0,"href":"https:\/\/www.culturalusa.com\/news\/wp-json\/wp\/v2\/posts\/7138\/revisions"}],"wp:featuredmedia":[{"embeddable":true,"href":"https:\/\/www.culturalusa.com\/news\/wp-json\/wp\/v2\/media\/6862"}],"wp:attachment":[{"href":"https:\/\/www.culturalusa.com\/news\/wp-json\/wp\/v2\/media?parent=7138"}],"wp:term":[{"taxonomy":"category","embeddable":true,"href":"https:\/\/www.culturalusa.com\/news\/wp-json\/wp\/v2\/categories?post=7138"},{"taxonomy":"post_tag","embeddable":true,"href":"https:\/\/www.culturalusa.com\/news\/wp-json\/wp\/v2\/tags?post=7138"}],"curies":[{"name":"wp","href":"https:\/\/api.w.org\/{rel}","templated":true}]}}