{"id":7140,"date":"2020-06-07T02:57:40","date_gmt":"2020-06-07T00:57:40","guid":{"rendered":"https:\/\/www.culturalusa.com\/news\/?p=7140"},"modified":"2020-09-24T14:44:53","modified_gmt":"2020-09-24T12:44:53","slug":"priorite-a-la-sante-plutot-qua-largent-dit-le-graet","status":"publish","type":"post","link":"https:\/\/www.culturalusa.com\/news\/economie\/priorite-a-la-sante-plutot-qua-largent-dit-le-graet\/","title":{"rendered":"Priorit\u00e9 \u00e0 la sant\u00e9 plut\u00f4t qu&rsquo;\u00e0 l&rsquo;argent, dit Le Gra\u00ebt"},"content":{"rendered":"<p>Priorit\u00e9 \u00e0 la sant\u00e9 plut\u00f4t qu&rsquo;\u00e0 l&rsquo;argent\u00a0\u00bb: le pr\u00e9sident de la F\u00e9d\u00e9ration fran\u00e7aise de football No\u00ebl Le Gra\u00ebt est revenu sur l&rsquo;arr\u00eat des comp\u00e9titions, le plan d&rsquo;aide aux amateurs et le retour du public dans les stades, lors d&rsquo;un entretien accord\u00e9 vendredi \u00e0 l&rsquo;AFP.<\/p>\n<p>Q: Le plan de soutien de 30 millions d&rsquo;euros pour le football amateur, annonc\u00e9 jeudi, \u00e9tait-il motiv\u00e9 par la crainte d&rsquo;une h\u00e9catombe parmi les clubs ?<\/p>\n<p>No\u00ebl Le Gra\u00eb: \u00ab\u00a0Non. Toutes les semaines on fait une r\u00e9union avec les pr\u00e9sidents de ligues. On peut s&rsquo;apercevoir que les clubs sont plut\u00f4t press\u00e9s de reprendre. La F\u00e9d\u00e9ration va \u00e9quilibrer ses comptes cette ann\u00e9e malgr\u00e9 le manque de matches (des Bleus). On verse 300 millions en tout sur trois ans (au monde amateur), ce n&rsquo;est pas rien\u00a0\u00bb.<\/p>\n<p>Q: Les quatre matches des Bleus initialement pr\u00e9vus en mars et juin conduisent-ils \u00e0 des pertes s\u00e8ches ?<\/p>\n<p>R: \u00ab\u00a0Non, ce sont des matches qui vont \u00eatre r\u00e9cup\u00e9r\u00e9s. Pas tous, mais deux ou trois vont \u00eatre r\u00e9cup\u00e9r\u00e9s la saison prochaine. Avec l&rsquo;UEFA, on a un contrat de 40 matches sur 4 ans. On peut faire 12 matches un ann\u00e9e et 8 une autre, \u00e0 la limite\u00a0\u00bb. <\/p>\n<p>\u00ab\u00a0Pour le moment, on n&rsquo;est pas en retard. La seule question, c&rsquo;est public ou pas public. Vous vous doutez bien qu&rsquo;\u00e0 titre personnel je suis pour. Mais je ne mettrai pas de pression \u00e9conomique sur qui que ce soit pour le football, on tiendra toujours compte de l&rsquo;avis m\u00e9dical du gouvernement\u00a0\u00bb.<\/p>\n<p>Q: La finale de Coupe de France entre Paris et Saint-Etienne pourrait-elle se jouer cet \u00e9t\u00e9 devant des supporters, m\u00eame avec une jauge restreinte ?<\/p>\n<p>R: \u00ab\u00a0Bien s\u00fbr, c&rsquo;est ce qu&rsquo;on va demander. C&rsquo;est mon souhait en tout cas. On a des contacts avec l&rsquo;Etat. Ils pourront peut-\u00eatre nous permettre de parler de jauge soit pour le d\u00e9but de championnat, soit pour les matches de Coupe. On est en conversation permanente, avec des avanc\u00e9es qui me paraissent positives\u00a0\u00bb.<\/p>\n<p>Q: La Ligue a \u00e9voqu\u00e9 la possibilit\u00e9 de matches amicaux en juillet. Est-ce que \u00e7a ne relance pas le d\u00e9bat sur une reprise de la saison 2019-2020, comme dans les autres championnats europ\u00e9ens majeurs ?<\/p>\n<p>R: \u00ab\u00a0Quel d\u00e9bat ? Nous, on est disciplin\u00e9 par rapport \u00e0 l&rsquo;Etat. Il n&rsquo;y a aucun d\u00e9bat possible. Nos joueurs seront mieux pr\u00e9par\u00e9s et peut-\u00eatre m\u00eame en meilleure forme que les autres, on verra bien. Mais en tout cas je n&rsquo;ai jamais contest\u00e9 les d\u00e9cisions prises par l&rsquo;Etat. Priorit\u00e9 \u00e0 la sant\u00e9 plut\u00f4t qu&rsquo;\u00e0 l&rsquo;argent\u00a0\u00bb.<\/p>\n<p>Q: Le plan de soutien aux amateurs a \u00e9t\u00e9 act\u00e9 mi-avril. Pourquoi ne le d\u00e9voiler que d\u00e9but juin ?<\/p>\n<p>R: \u00ab\u00a0On peut toujours faire des promesses en f\u00e9vrier et apr\u00e8s ne pas avoir d&rsquo;argent. Je sais maintenant ce qu&rsquo;on va avoir sur juin et ce que je peux sortir. Je sais ce que je vais avoir sur l&rsquo;exercice prochain \u00e0 condition qu&rsquo;il y ait des matches de l&rsquo;\u00e9quipe de France avec public\u00a0\u00bb.<\/p>\n<p>Q: La F\u00e9d\u00e9ration fran\u00e7aise de rugby a pr\u00e9f\u00e9r\u00e9 de son c\u00f4t\u00e9 arr\u00eater les pr\u00e9l\u00e8vements (licences, assurances, etc.) pour la fin de saison et la suivante&#8230;<\/p>\n<p>R: \u00ab\u00a0Oui, \u00e7a revient pratiquement au m\u00eame. Ils auront moins de cotisations et moins de frais. Mais je ne vais pas comparer. On vient de faire trois ans avec des sommes fortes pour les amateurs, sans emprunt, sans chialer et en travaillant. Le coup de chapeau que je dois donner c&rsquo;est \u00e0 nos sponsors. On n&rsquo;en a pas perdu un pendant cette p\u00e9riode dramatique. Ils repr\u00e9sentent 40% de notre budget. Tout est pay\u00e9, tout est en r\u00e8gle.\u00a0\u00bb<\/p>\n<p>Q: La suspension des courses hippiques a heurt\u00e9 votre sponsor PMU. Y a-t-il eu un risque de d\u00e9sengagement de leur part ?<\/p>\n<p>R: \u00ab\u00a0J&rsquo;ai trouv\u00e9 un accord avec M. (Cyril) Linette (directeur g\u00e9n\u00e9ral du groupe, NDLR) la semaine derni\u00e8re. Ils paient la totalit\u00e9 de ce qui est d\u00fb sur la saison en cours et la totalit\u00e9 de l&rsquo;ann\u00e9e prochaine\u00a0\u00bb.<\/p>\n<p>Q: Avez-vous \u00e9valu\u00e9 les pertes c\u00f4t\u00e9 F\u00e9d\u00e9ration ?<\/p>\n<p>R: \u00ab\u00a0Si vous ne parlez que des pertes, vous pouvez dire qu&rsquo;on a perdu quatre matches de l&rsquo;\u00e9quipe de France, \u00e7a fait environ dix millions. De l&rsquo;autre c\u00f4t\u00e9, il n&rsquo;y a pas de frais et on a frein\u00e9 certaines op\u00e9rations. J&rsquo;ai mis un syst\u00e8me en place pour qu&rsquo;\u00e0 fin juin on pr\u00e9sente un budget proche de l&rsquo;\u00e9quilibre. <\/p>\n<p>Et sur le pr\u00e9visionnel 2020-2021, on pense que les matches de l&rsquo;\u00e9quipe de France auront lieu avec du public. On a quatre matches en retard. Si on peut en faire deux minimum sur la saison, je suis assez content\u00a0\u00bb. (AFP)<\/p>\n","protected":false},"excerpt":{"rendered":"<p>Priorit\u00e9 \u00e0 la sant\u00e9 plut\u00f4t qu&rsquo;\u00e0 l&rsquo;argent\u00a0\u00bb: le pr\u00e9sident de la F\u00e9d\u00e9ration fran\u00e7aise de football No\u00ebl Le Gra\u00ebt est revenu sur l&rsquo;arr\u00eat des comp\u00e9titions, le plan d&rsquo;aide aux amateurs et le retour du public dans les stades, lors d&rsquo;un entretien accord\u00e9 vendredi \u00e0 l&rsquo;AFP. Q: Le plan de soutien de 30 millions d&rsquo;euros pour le [&hellip;]<\/p>\n","protected":false},"author":1,"featured_media":7141,"comment_status":"open","ping_status":"closed","sticky":false,"template":"","format":"standard","meta":{"footnotes":""},"categories":[1],"tags":[1286],"class_list":["post-7140","post","type-post","status-publish","format-standard","has-post-thumbnail","hentry","category-economie","tag-federation-francaise-de-football"],"aioseo_notices":[],"_links":{"self":[{"href":"https:\/\/www.culturalusa.com\/news\/wp-json\/wp\/v2\/posts\/7140","targetHints":{"allow":["GET"]}}],"collection":[{"href":"https:\/\/www.culturalusa.com\/news\/wp-json\/wp\/v2\/posts"}],"about":[{"href":"https:\/\/www.culturalusa.com\/news\/wp-json\/wp\/v2\/types\/post"}],"author":[{"embeddable":true,"href":"https:\/\/www.culturalusa.com\/news\/wp-json\/wp\/v2\/users\/1"}],"replies":[{"embeddable":true,"href":"https:\/\/www.culturalusa.com\/news\/wp-json\/wp\/v2\/comments?post=7140"}],"version-history":[{"count":0,"href":"https:\/\/www.culturalusa.com\/news\/wp-json\/wp\/v2\/posts\/7140\/revisions"}],"wp:featuredmedia":[{"embeddable":true,"href":"https:\/\/www.culturalusa.com\/news\/wp-json\/wp\/v2\/media\/7141"}],"wp:attachment":[{"href":"https:\/\/www.culturalusa.com\/news\/wp-json\/wp\/v2\/media?parent=7140"}],"wp:term":[{"taxonomy":"category","embeddable":true,"href":"https:\/\/www.culturalusa.com\/news\/wp-json\/wp\/v2\/categories?post=7140"},{"taxonomy":"post_tag","embeddable":true,"href":"https:\/\/www.culturalusa.com\/news\/wp-json\/wp\/v2\/tags?post=7140"}],"curies":[{"name":"wp","href":"https:\/\/api.w.org\/{rel}","templated":true}]}}