{"id":718,"date":"2012-08-22T00:22:40","date_gmt":"2012-08-21T22:22:40","guid":{"rendered":"http:\/\/www.culturalusa.com\/news\/?p=718"},"modified":"2021-01-06T21:34:38","modified_gmt":"2021-01-06T20:34:38","slug":"affaire-assange-attaques-contre-des-sites-internet-du-gouvernement-britannique","status":"publish","type":"post","link":"https:\/\/www.culturalusa.com\/news\/technologie\/affaire-assange-attaques-contre-des-sites-internet-du-gouvernement-britannique\/","title":{"rendered":"Affaire Assange attaques contre des sites internet du gouvernement britannique"},"content":{"rendered":"<p>Le collectif de pirates informatiques Anonymous a revendiqu\u00e9 des attaques sur des sites internet du gouvernement britannique, en repr\u00e9sailles \u00e0 la gestion par Londres du cas Julian Assange, retranch\u00e9 dans l&rsquo;ambassade d&rsquo;Equateur au Royaume-Uni.<\/p>\n<blockquote><p>Anonymous a endoss\u00e9 sur Twitter la responsabilit\u00e9 de cyber-attaques dans le cadre de l&rsquo;op\u00e9ration \u00ab\u00a0Lib\u00e9rez Assange\u00a0\u00bb.<\/p><\/blockquote>\n<p>De son c\u00f4t\u00e9, le minist\u00e8re britannique de la Justice a reconnu mardi que son site avait connu des \u00ab\u00a0interruptions\u00a0\u00bb. \u00ab\u00a0Des mesures sont \u00e9t\u00e9 prises pour que le site fonctionne mais des visiteurs pourraient ne pas y acc\u00e9der de fa\u00e7on intermittente\u00a0\u00bb, a ajout\u00e9 le minist\u00e8re, pr\u00e9cisant que le site ne contenait aucune \u00ab\u00a0donn\u00e9e sensible\u00a0\u00bb.<\/p>\n<p>Le site du minist\u00e8re de l&rsquo;Int\u00e9rieur a \u00e9galement connu \u00ab\u00a0des interruptions extr\u00eamement mineures\u00a0\u00bb apr\u00e8s avoir \u00e9t\u00e9 la cible d&rsquo;attaques lundi soir, a indiqu\u00e9 le Home Office, soulignant qu&rsquo;il n&rsquo;avait pas \u00e9t\u00e9 \u00ab\u00a0pirat\u00e9\u00a0\u00bb et qu&rsquo;aucun autre de ses services n&rsquo;avait \u00e9t\u00e9 affect\u00e9.<\/p>\n<p>Les services du Premier ministre britannique David Cameron ont, eux, affirm\u00e9 que des attaques visant le site de Downing Street avaient \u00ab\u00a0\u00e9chou\u00e9\u00a0\u00bb.<\/p>\n<p>Julian Assange, fondateur du site internet WikiLeaks, est clo\u00eetr\u00e9 dans l&rsquo;ambassade de l&rsquo;Equateur \u00e0 Londres depuis deux mois alors qu&rsquo;il est sous le coup d&rsquo;une extradition vers la Su\u00e8de, o\u00f9 il est accus\u00e9 de viol et d&rsquo;agression sexuelle par deux jeunes femmes.<\/p>\n<p>M. Assange et ses d\u00e9fenseurs affirment que s&rsquo;il est extrad\u00e9 en Su\u00e8de, il risque d&rsquo;\u00eatre envoy\u00e9 aux Etats-Unis o\u00f9 il encourt, selon lui, la peine de mort pour espionnage, apr\u00e8s la publication en 2010 par son site internet WikiLeaks de t\u00e9l\u00e9grammes diplomatiques am\u00e9ricains.<\/p>\n<p>L&rsquo;Equateur lui a accord\u00e9 le 16 ao\u00fbt l&rsquo;asile politique, mais Londres se dit d\u00e9termin\u00e9 \u00e0 extrader l&rsquo;Australien vers la Su\u00e8de et refuse de le laisser quitter le Royaume-Uni libre.<\/p>\n","protected":false},"excerpt":{"rendered":"<p>Le collectif de pirates informatiques Anonymous a revendiqu\u00e9 des attaques sur des sites internet du gouvernement britannique, en repr\u00e9sailles \u00e0 la gestion par Londres du cas Julian Assange, retranch\u00e9 dans l&rsquo;ambassade d&rsquo;Equateur au Royaume-Uni. Anonymous a endoss\u00e9 sur Twitter la responsabilit\u00e9 de cyber-attaques dans le cadre de l&rsquo;op\u00e9ration \u00ab\u00a0Lib\u00e9rez Assange\u00a0\u00bb. De son c\u00f4t\u00e9, le minist\u00e8re [&hellip;]<\/p>\n","protected":false},"author":1,"featured_media":719,"comment_status":"open","ping_status":"closed","sticky":false,"template":"","format":"standard","meta":{"footnotes":""},"categories":[6],"tags":[],"class_list":["post-718","post","type-post","status-publish","format-standard","has-post-thumbnail","hentry","category-technologie"],"aioseo_notices":[],"_links":{"self":[{"href":"https:\/\/www.culturalusa.com\/news\/wp-json\/wp\/v2\/posts\/718","targetHints":{"allow":["GET"]}}],"collection":[{"href":"https:\/\/www.culturalusa.com\/news\/wp-json\/wp\/v2\/posts"}],"about":[{"href":"https:\/\/www.culturalusa.com\/news\/wp-json\/wp\/v2\/types\/post"}],"author":[{"embeddable":true,"href":"https:\/\/www.culturalusa.com\/news\/wp-json\/wp\/v2\/users\/1"}],"replies":[{"embeddable":true,"href":"https:\/\/www.culturalusa.com\/news\/wp-json\/wp\/v2\/comments?post=718"}],"version-history":[{"count":0,"href":"https:\/\/www.culturalusa.com\/news\/wp-json\/wp\/v2\/posts\/718\/revisions"}],"wp:featuredmedia":[{"embeddable":true,"href":"https:\/\/www.culturalusa.com\/news\/wp-json\/wp\/v2\/media\/719"}],"wp:attachment":[{"href":"https:\/\/www.culturalusa.com\/news\/wp-json\/wp\/v2\/media?parent=718"}],"wp:term":[{"taxonomy":"category","embeddable":true,"href":"https:\/\/www.culturalusa.com\/news\/wp-json\/wp\/v2\/categories?post=718"},{"taxonomy":"post_tag","embeddable":true,"href":"https:\/\/www.culturalusa.com\/news\/wp-json\/wp\/v2\/tags?post=718"}],"curies":[{"name":"wp","href":"https:\/\/api.w.org\/{rel}","templated":true}]}}