{"id":7215,"date":"2020-06-23T00:48:50","date_gmt":"2020-06-22T22:48:50","guid":{"rendered":"https:\/\/www.culturalusa.com\/news\/?p=7215"},"modified":"2020-09-24T14:28:20","modified_gmt":"2020-09-24T12:28:20","slug":"coronavirus-loin-de-reculer-la-pandemie-continue-de-saccelerer","status":"publish","type":"post","link":"https:\/\/www.culturalusa.com\/news\/actualite\/coronavirus-loin-de-reculer-la-pandemie-continue-de-saccelerer\/","title":{"rendered":"CoronaVirus: loin de reculer, la pand\u00e9mie \u00ab\u00a0continue de s&rsquo;acc\u00e9l\u00e9rer\u00a0\u00bb"},"content":{"rendered":"<p>Sur le front du <strong>Covid-19<\/strong>, les bonnes nouvelles venues de certains pays ne doivent pas faire illusion: au niveau mondial, la pand\u00e9mie ne recule pas mais \u00ab\u00a0continue de s&rsquo;acc\u00e9l\u00e9rer\u00a0\u00bb, a pr\u00e9venu l&rsquo;<strong>Organisation mondiale de la sant\u00e9<\/strong> (OMS).<\/p>\n<p>Alors que dans plusieurs pays, dont la <strong>France<\/strong>, l&rsquo;heure est \u00e0 un optimisme prudent et au d\u00e9confinement, le directeur g\u00e9n\u00e9ral de l&rsquo;OMS, Tedros Adhanom Ghebreyesus, a profit\u00e9 d&rsquo;une conf\u00e9rence virtuelle organis\u00e9e par l&rsquo;\u00e9mirat de Duba\u00ef pour lancer une nouvelle mise en garde.<\/p>\n<p>\u00ab\u00a0Il a fallu plus de trois mois pour que le premier million de cas soit signal\u00e9. Le dernier million de cas a \u00e9t\u00e9 signal\u00e9 en seulement huit jours\u00a0\u00bb, a-t-il dit. Cela d\u00e9montre que la pand\u00e9mie \u00ab\u00a0continue de s&rsquo;acc\u00e9l\u00e9rer\u00a0\u00bb.<\/p>\n<p>\u00ab\u00a0Nous savons qu&rsquo;elle est bien plus qu&rsquo;une crise sanitaire, c&rsquo;est une crise \u00e9conomique, sociale et, dans de nombreux pays, politique. Ses effets se feront sentir sur des d\u00e9cennies\u00a0\u00bb, a-t-il ajout\u00e9.<\/p>\n<p>M. Ghebreyesus a appel\u00e9 les laboratoires pharmaceutiques \u00e0 augmenter la production de dexam\u00e9thasone et \u00e0 \u00ab\u00a0distribuer rapidement dans le monde entier\u00a0\u00bb ce st\u00e9ro\u00efde qui s&rsquo;est r\u00e9v\u00e9l\u00e9 efficace pour traiter les malades les plus gravement atteints par le Covid-19.<\/p>\n<p>L&rsquo;Am\u00e9rique latine vient d&rsquo;entrer dans l&rsquo;hiver, dont il semble que les basses temp\u00e9ratures soient propices \u00e0 la propagation du virus. C&rsquo;est l\u00e0 que se situe d\u00e9sormais l&rsquo;\u00e9picentre de la maladie.<\/p>\n<p>Le Br\u00e9sil, deuxi\u00e8me pays du monde, a d\u00e9pass\u00e9 le seuil des 50.000 morts et des deux millions de cas confirm\u00e9s, les m\u00e9galopoles de Sao Paulo et de Rio de Janeiro \u00e9tant les plus s\u00e9v\u00e8rement atteintes.<\/p>\n<p>Ailleurs en <strong>Am\u00e9rique latine<\/strong>, le bilan a d\u00e9pass\u00e9 ces derniers jours les 20.000 morts au Mexique, les 1.000 morts en Argentine et les 8.000 morts au P\u00e9rou.<\/p>\n<p>Dans d&rsquo;autres pays, comme en Azerba\u00efdjan, la multiplication de nouveaux cas, \u00e0 la suite d&rsquo;un d\u00e9confinement trop pr\u00e9coce, a conduit \u00e0 un reconfinement.<\/p>\n<p>Jusqu&rsquo;au 1er ao\u00fbt, centres commerciaux, caf\u00e9s, restaurants et salons de beaut\u00e9 de la capitale Bakou et des autres grandes villes seront ferm\u00e9s, et les habitants autoris\u00e9s \u00e0 sortir une \u00ab\u00a0fois par jour, pour deux heures au maximum, apr\u00e8s avoir re\u00e7u par texto une permission\u00a0\u00bb des autorit\u00e9s, selon le Premier ministre Ali Asadov.<\/p>\n<p>Au <strong>Portugal<\/strong>, les autorit\u00e9s ont resserr\u00e9 les mesures de confinement r\u00e9cemment assouplies autour de Lisbonne, afin de ma\u00eetriser de nouveaux foyers de contagion.<\/p>\n<p>En <strong>Australie<\/strong>, face \u00e0 six foyers de contamination \u00e0 Melbourne, des responsables ont exhort\u00e9 leurs compatriotes \u00e0 \u00e9viter de se rendre dans la grande ville du Sud.<\/p>\n<p>L&rsquo;<strong>Afrique du Sud<\/strong> a franchi le cap des 100.000 cas lundi, avec pr\u00e8s de 2.000 morts li\u00e9s au nouveau coronavirus.<\/p>\n<p>Au <strong>Moyen-Orient<\/strong>, l&rsquo;Arabie saoudite a annonc\u00e9 le maintien fin juillet du grand p\u00e8lerinage musulman de La Mecque, l&rsquo;un des cinq piliers de l&rsquo;islam, mais avec un \u00ab\u00a0nombre tr\u00e8s limit\u00e9\u00a0\u00bb de fid\u00e8les.<br \/>\nL&rsquo;Europe d\u00e9confine<\/p>\n<p>En revanche plusieurs pays d&rsquo;Europe, submerg\u00e9s au printemps par la maladie, continuent d&rsquo;all\u00e9ger les mesures de pr\u00e9caution \u00e0 la faveur d&rsquo;un r\u00e9pit de l&rsquo;\u00e9pid\u00e9mie.<\/p>\n<p>Ainsi, l&rsquo;<strong>Espagne<\/strong> est sortie dimanche de l&rsquo;\u00e9tat d&rsquo;urgence sanitaire et a rouvert sa fronti\u00e8re avec la France, pour le plus grand plaisir des touristes qui ont pu retrouver les plages de la M\u00e9diterran\u00e9e.<\/p>\n<p>En France, les salles de cin\u00e9ma et les casinos sont autoris\u00e9s \u00e0 rouvrir depuis lundi, et l&rsquo;\u00e9cole est redevenue obligatoire pour tous les \u00e9l\u00e8ves, \u00e0 l&rsquo;exception des lyc\u00e9ens, \u00e0 deux semaines des grandes vacances d&rsquo;\u00e9t\u00e9.<\/p>\n<p>Pr\u00e8s de Paris, le parc d&rsquo;attraction Disneyland a annonc\u00e9 sa r\u00e9ouverture pour le 15 juillet, avec une capacit\u00e9 d&rsquo;accueil r\u00e9duite.<\/p>\n<p>Le <strong>Royaume-Uni<\/strong>, pays le plus touch\u00e9 d&rsquo;Europe, continue de lever progressivement son confinement. Il a enregistr\u00e9 lundi moins de 1.000 nouveaux cas et 15 morts, soit le plus faible bilan depuis le 15 mars, selon le ministre de la Sant\u00e9 Matt Hancock.<\/p>\n<p>Le Covid-19 a tu\u00e9 officiellement au moins 469.060 personnes dans le monde et en a contamin\u00e9 plus de 9 millions, dont 4,2 millions consid\u00e9r\u00e9s aujourd&rsquo;hui comme gu\u00e9ris, depuis que la <strong>Chine<\/strong> a fait \u00e9tat de l&rsquo;apparition en d\u00e9cembre de la maladie.<\/p>\n<p>Les <strong>Etats-Unis<\/strong> sont le pays le plus touch\u00e9 avec 120.106 d\u00e9c\u00e8s. Le pr\u00e9sident am\u00e9ricain Donald Trump a estim\u00e9 lundi que le bilan pourait y d\u00e9passer \u00e0 terme les 150.000.<\/p>\n<p>Suivent le <strong>Br\u00e9sil<\/strong> (50.617 d\u00e9c\u00e8s), le Royaume-Uni (42.647), l&rsquo;Italie (34.657) et la France (29.663).<br \/>\nConcert pour un vaccin<\/p>\n<p>Un grand concert virtuel rassemblera samedi des stars de la musique (Shakira, Coldplay, Usher, Justin Bieber) pour soutenir la collecte de dons pour la recherche m\u00e9dicale sur le Covid-19.<br \/>\n\u00ab\u00a0Les artistes ont le pouvoir d&rsquo;inspirer le changement\u00a0\u00bb, a salu\u00e9 Ursula von der Leyen, la pr\u00e9sidente de la Commission europ\u00e9enne qui co-organise l&rsquo;\u00e9v\u00e9nement avec l&rsquo;organisation Global Citizen.<\/p>\n<p>Que ce soit dans la musique ou le sport, les \u00e9v\u00e9nements rassemblant du public restent souvent interdits ou d\u00e9conseill\u00e9s.<\/p>\n<p>En Espagne, la ligue de football pr\u00e9pare un \u00e9ventuel retour du public dans les stades, avec inscription, masques et prise de temp\u00e9rature obligatoires, alors qu&rsquo;au Nigeria, les clubs du championnat ont vot\u00e9 lundi la fin de la saison en cours.<\/p>\n<p>Aux Etats-Unis, les golfeurs participant \u00e0 l&rsquo;USPGA de San Francisco, pr\u00e9vu en mai et report\u00e9 au 6 ao\u00fbt, joueront \u00e0 huis clos.<\/p>\n<p>Dans les <strong>Balkans<\/strong>, le virus s&rsquo;est invit\u00e9 dans un tournoi organis\u00e9 pour le champion Novak Djokovic sans mesures sanitaires : deux des joueurs de cet \u00ab\u00a0Adria Tour\u00a0\u00bb, le Bulgare Grigor Dimitrov et le Croate Borna Coric, ont annonc\u00e9 avoir \u00e9t\u00e9 test\u00e9s positif.<\/p>\n<p>Le pr\u00e9parateur physique de Djokovic, Marko Paniki, et l&rsquo;entra\u00eeneur de Dimitrov, Kristijan Groh, ont \u00e9galement \u00e9t\u00e9 test\u00e9s positifs, selon la presse locale, qui pr\u00e9cise que le N.1 mondial a rapidement quitt\u00e9 Zadar, o\u00f9 se d\u00e9roulaient les matchs, pour Belgrade o\u00f9 il a \u00e9t\u00e9 test\u00e9 lundi matin. (AFP)<\/p>\n","protected":false},"excerpt":{"rendered":"<p>Sur le front du Covid-19, les bonnes nouvelles venues de certains pays ne doivent pas faire illusion: au niveau mondial, la pand\u00e9mie ne recule pas mais \u00ab\u00a0continue de s&rsquo;acc\u00e9l\u00e9rer\u00a0\u00bb, a pr\u00e9venu l&rsquo;Organisation mondiale de la sant\u00e9 (OMS). Alors que dans plusieurs pays, dont la France, l&rsquo;heure est \u00e0 un optimisme prudent et au d\u00e9confinement, le [&hellip;]<\/p>\n","protected":false},"author":1,"featured_media":7096,"comment_status":"open","ping_status":"closed","sticky":false,"template":"","format":"standard","meta":{"footnotes":""},"categories":[30],"tags":[1180,1298,1211],"class_list":["post-7215","post","type-post","status-publish","format-standard","has-post-thumbnail","hentry","category-actualite","tag-coronavirus","tag-oms","tag-pandemie"],"aioseo_notices":[],"_links":{"self":[{"href":"https:\/\/www.culturalusa.com\/news\/wp-json\/wp\/v2\/posts\/7215","targetHints":{"allow":["GET"]}}],"collection":[{"href":"https:\/\/www.culturalusa.com\/news\/wp-json\/wp\/v2\/posts"}],"about":[{"href":"https:\/\/www.culturalusa.com\/news\/wp-json\/wp\/v2\/types\/post"}],"author":[{"embeddable":true,"href":"https:\/\/www.culturalusa.com\/news\/wp-json\/wp\/v2\/users\/1"}],"replies":[{"embeddable":true,"href":"https:\/\/www.culturalusa.com\/news\/wp-json\/wp\/v2\/comments?post=7215"}],"version-history":[{"count":0,"href":"https:\/\/www.culturalusa.com\/news\/wp-json\/wp\/v2\/posts\/7215\/revisions"}],"wp:featuredmedia":[{"embeddable":true,"href":"https:\/\/www.culturalusa.com\/news\/wp-json\/wp\/v2\/media\/7096"}],"wp:attachment":[{"href":"https:\/\/www.culturalusa.com\/news\/wp-json\/wp\/v2\/media?parent=7215"}],"wp:term":[{"taxonomy":"category","embeddable":true,"href":"https:\/\/www.culturalusa.com\/news\/wp-json\/wp\/v2\/categories?post=7215"},{"taxonomy":"post_tag","embeddable":true,"href":"https:\/\/www.culturalusa.com\/news\/wp-json\/wp\/v2\/tags?post=7215"}],"curies":[{"name":"wp","href":"https:\/\/api.w.org\/{rel}","templated":true}]}}