{"id":7219,"date":"2020-06-23T01:05:18","date_gmt":"2020-06-22T23:05:18","guid":{"rendered":"https:\/\/www.culturalusa.com\/news\/?p=7219"},"modified":"2020-09-24T14:27:58","modified_gmt":"2020-09-24T12:27:58","slug":"deconfinement-les-cinephiles-sont-de-retour-dans-les-salles","status":"publish","type":"post","link":"https:\/\/www.culturalusa.com\/news\/culture\/deconfinement-les-cinephiles-sont-de-retour-dans-les-salles\/","title":{"rendered":"D\u00e9confinement: les cin\u00e9philes sont de retour dans les salles"},"content":{"rendered":"<p>Apr\u00e8s des semaines de fermeture, les cin\u00e9mas ont pu rouvrir leurs portes lundi et accueillir le public, tout en respectant les r\u00e8gles sanitaires.<\/p>\n<p>Les cin\u00e9philes \u00e9taient impatients: lundi 22 juin, les cin\u00e9mas ont rouverts en France apr\u00e8s cent jours de fermeture. \u00ab\u00a0J&rsquo;attends \u00e7a depuis des semaines. Pour moi, c&rsquo;est vraiment un jour de f\u00eate\u00a0\u00bb, lance \u00c9douard Feinstein, 52 ans. <\/p>\n<p>\u00ab\u00a0C&rsquo;est tellement bon d&rsquo;\u00eatre l\u00e0\u00a0\u00bb, ajoute cet amateur du 7\u00e8me art, qui s&rsquo;est post\u00e9 devant le cin\u00e9ma MK2 Biblioth\u00e8que \u00e0 Paris avant l&rsquo;ouverture. <\/p>\n<p>\u00ab\u00a0\u00c7a m&rsquo;a beaucoup manqu\u00e9\u00a0\u00bb, confie aussi L\u00e9onard, \u00e9tudiant en cin\u00e9ma de 19 ans, qui retourne voir En avant de Pixar dans ce complexe projetant une vingtaine de films cette semaine.<\/p>\n<p>A la billetterie du cin\u00e9ma Les Vari\u00e9t\u00e9s, dans le centre de Marseille, Pierre Chaillet a le sourire derri\u00e8re son masque: \u00ab\u00a0On a 70 spectateurs pour les s\u00e9ances de 14h, pour un lundi apr\u00e8s-midi avec ce soleil, \u00e0 Marseille, c&rsquo;est bien !\u00a0\u00bb. <\/p>\n<p>Magali, 57 ans, abonn\u00e9e du cin\u00e9ma, est venue \u00ab\u00a0aussit\u00f4t que \u00e7a a rouvert\u00a0\u00bb: \u00ab\u00a0j&rsquo;esp\u00e8re qu&rsquo;il y aura beaucoup de monde pour compenser les pertes\u00a0\u00bb. <\/p>\n<p>Au cin\u00e9ma Path\u00e9 Bellecour de Lyon, au programme pour la premi\u00e8re s\u00e9ance, en milieu d&rsquo;apr\u00e8s-midi: De Gaulle de Gabriel Le Bomin avec Lambert Wilson, qui revient apr\u00e8s une premi\u00e8re sortie en mars. <\/p>\n<p>Il fait partie de la quarantaine de films en salles en France cette semaine, aux c\u00f4t\u00e9s notamment d&rsquo;autres reprises, comme La Bonne \u00e9pouse de Martin Provost.<\/p>\n<p><strong>2 000 cin\u00e9mas<\/strong><br \/>\nDans la file d&rsquo;attente d&rsquo;une vingtaine de personnes, Pascale, retrait\u00e9e de 62 ans, masque chirurgical sur le visage, explique \u00e0 l&rsquo;Agence France-Presse \u00eatre venue avec son mari d\u00e8s la r\u00e9ouverture par \u00ab\u00a0pr\u00e9caution\u00a0\u00bb, car \u00ab\u00a0la salle va \u00eatre bien propre, et ce ne sera pas forc\u00e9ment le cas la semaine prochaine\u00a0\u00bb. <\/p>\n<p>La tr\u00e8s grande majorit\u00e9 des 2 000 cin\u00e9mas fran\u00e7ais ont rouvert lundi ou rouvriront mercredi, avec de nouvelles r\u00e8gles sanitaires pr\u00e9vues par la F\u00e9d\u00e9ration nationale des cin\u00e9mas fran\u00e7ais (FNCF).<\/p>\n<p>Gel hydroalcoolique, portes laiss\u00e9es ouvertes, personnel d&rsquo;accueil portant des masques, fauteuils laiss\u00e9s vacants de chaque c\u00f4t\u00e9 des spectateurs ou groupes, s\u00e9ances espac\u00e9es pour \u00e9viter de se croiser, vente de billets sur internet privil\u00e9gi\u00e9e ou d\u00e9sinfection r\u00e9guli\u00e8re des locaux: tout est mis en oeuvre pour accueillir et rassurer les spectateurs.<br \/>\nLa limitation \u00e0 50 % du taux de remplissage des salles, pr\u00e9vue \u00e0 l&rsquo;origine, a en revanche \u00e9t\u00e9 lev\u00e9e. <\/p>\n<p>\u00ab\u00a0Il n&rsquo;y a plus de limitation de 50 % de jauge\u00a0\u00bb pour les salles de cin\u00e9ma et de spectacles, a annonc\u00e9 dimanche le ministre de la Culture Franck Riester, qui a c\u00e9l\u00e9br\u00e9 cette r\u00e9ouverture en allant voir De Gaulle lundi \u00e0 l&rsquo;UGC des Halles \u00e0 Paris. <\/p>\n<p>Premier cin\u00e9ma d&rsquo;Europe en nombre d&rsquo;entr\u00e9es, celui-ci avait d\u00e9j\u00e0 accueilli 1 950 spectateurs vers 17 heures, \u00ab\u00a0un bon d\u00e9marrage\u00a0\u00bb, s&rsquo;est f\u00e9licit\u00e9 aupr\u00e8s de l&rsquo;Agence France-Presse Emmanuel Delesse, directeur de l&rsquo;exploitation du groupe UGC.<\/p>\n<p><strong>S\u00e9ance de minuit<\/strong><br \/>\nCertains cin\u00e9mas, comme les 5 Caumartin \u00e0 Paris, ou des salles du circuit Path\u00e9 Gaumont \u00e0 Paris, Lyon, Toulouse et Rennes, ont aussi propos\u00e9 dans la nuit de dimanche \u00e0 lundi une s\u00e9ance de minuit pour f\u00eater la r\u00e9ouverture. Le r\u00e9seau CGR, qui compte 73 complexes dans toute la France, va lui proposer une offre \u00e0 5 euros la place pendant deux semaines. <\/p>\n<p>\u00ab\u00a0Aujourd&rsquo;hui, on a d\u00e9j\u00e0 20 000 r\u00e9servations\u00a0\u00bb, a indiqu\u00e9 \u00e0 l&rsquo;Agence France-Presse David Scantamburlo, directeur du marketing de CGR. \u00ab\u00a0On est plut\u00f4t confiants sur la fr\u00e9quentation.\u00a0\u00bb \u00ab\u00a0On sent les spectateurs pr\u00eats \u00e0 revenir\u00a0\u00bb, estime aussi Nathana\u00ebl Karmitz, pr\u00e9sident du directoire de MK2 (68 \u00e9crans \u00e0 Paris).<\/p>\n<p>Selon un sondage M\u00e9diam\u00e9trie publi\u00e9 mercredi, 18,7 millions de Fran\u00e7ais ont d\u00e9clar\u00e9 avoir l&rsquo;intention d&rsquo;aller au cin\u00e9ma dans les quatre prochaines semaines. Heureux de rouvrir leurs salles, les exploitants de cin\u00e9ma oscillent cependant entre \u00ab\u00a0enthousiasme\u00a0\u00bb et \u00ab\u00a0angoisse\u00a0\u00bb, selon Richard Patry, le pr\u00e9sident de la FNCF. <\/p>\n<p>Pour l&rsquo;ensemble des exploitants de salles, la crise et l&rsquo;arr\u00eat de l&rsquo;activit\u00e9 repr\u00e9sentent selon une estimation de la FNCF pr\u00e8s de 60 millions d&rsquo;entr\u00e9es perdues (de d\u00e9but mars \u00e0 fin juin par rapport aux ann\u00e9es pr\u00e9c\u00e9dentes), soit une perte de pr\u00e8s de 400 millions d&rsquo;euros. (AFP)<\/p>\n","protected":false},"excerpt":{"rendered":"<p>Apr\u00e8s des semaines de fermeture, les cin\u00e9mas ont pu rouvrir leurs portes lundi et accueillir le public, tout en respectant les r\u00e8gles sanitaires. Les cin\u00e9philes \u00e9taient impatients: lundi 22 juin, les cin\u00e9mas ont rouverts en France apr\u00e8s cent jours de fermeture. \u00ab\u00a0J&rsquo;attends \u00e7a depuis des semaines. Pour moi, c&rsquo;est vraiment un jour de f\u00eate\u00a0\u00bb, lance [&hellip;]<\/p>\n","protected":false},"author":1,"featured_media":7220,"comment_status":"open","ping_status":"closed","sticky":false,"template":"","format":"standard","meta":{"footnotes":""},"categories":[4],"tags":[1299,413,1256],"class_list":["post-7219","post","type-post","status-publish","format-standard","has-post-thumbnail","hentry","category-culture","tag-cinephiles","tag-cinema","tag-deconfinement"],"aioseo_notices":[],"_links":{"self":[{"href":"https:\/\/www.culturalusa.com\/news\/wp-json\/wp\/v2\/posts\/7219","targetHints":{"allow":["GET"]}}],"collection":[{"href":"https:\/\/www.culturalusa.com\/news\/wp-json\/wp\/v2\/posts"}],"about":[{"href":"https:\/\/www.culturalusa.com\/news\/wp-json\/wp\/v2\/types\/post"}],"author":[{"embeddable":true,"href":"https:\/\/www.culturalusa.com\/news\/wp-json\/wp\/v2\/users\/1"}],"replies":[{"embeddable":true,"href":"https:\/\/www.culturalusa.com\/news\/wp-json\/wp\/v2\/comments?post=7219"}],"version-history":[{"count":0,"href":"https:\/\/www.culturalusa.com\/news\/wp-json\/wp\/v2\/posts\/7219\/revisions"}],"wp:featuredmedia":[{"embeddable":true,"href":"https:\/\/www.culturalusa.com\/news\/wp-json\/wp\/v2\/media\/7220"}],"wp:attachment":[{"href":"https:\/\/www.culturalusa.com\/news\/wp-json\/wp\/v2\/media?parent=7219"}],"wp:term":[{"taxonomy":"category","embeddable":true,"href":"https:\/\/www.culturalusa.com\/news\/wp-json\/wp\/v2\/categories?post=7219"},{"taxonomy":"post_tag","embeddable":true,"href":"https:\/\/www.culturalusa.com\/news\/wp-json\/wp\/v2\/tags?post=7219"}],"curies":[{"name":"wp","href":"https:\/\/api.w.org\/{rel}","templated":true}]}}