{"id":722,"date":"2012-08-25T21:00:09","date_gmt":"2012-08-25T19:00:09","guid":{"rendered":"http:\/\/www.culturalusa.com\/news\/?p=722"},"modified":"2012-08-25T21:00:09","modified_gmt":"2012-08-25T19:00:09","slug":"le-portugal-pourrait-demander-plus-de-souplesse-budgetaire-a-lue","status":"publish","type":"post","link":"https:\/\/www.culturalusa.com\/news\/portugal\/le-portugal-pourrait-demander-plus-de-souplesse-budgetaire-a-lue\/","title":{"rendered":"Le Portugal pourrait demander plus de souplesse budg\u00e9taire \u00e0 l&rsquo;UE"},"content":{"rendered":"<figure id=\"attachment_356\" aria-describedby=\"caption-attachment-356\" style=\"width: 460px\" class=\"wp-caption aligncenter\"><img loading=\"lazy\" decoding=\"async\" src=\"http:\/\/www.culturalusa.com\/news\/wp-content\/uploads\/2012\/04\/passoscoelho-discurso.jpg\" alt=\"\" title=\"Passos Coelho no parlamento\" width=\"460\" height=\"263\" class=\"size-full wp-image-356\" srcset=\"https:\/\/www.culturalusa.com\/news\/wp-content\/uploads\/2012\/04\/passoscoelho-discurso.jpg 460w, https:\/\/www.culturalusa.com\/news\/wp-content\/uploads\/2012\/04\/passoscoelho-discurso-275x157.jpg 275w\" sizes=\"auto, (max-width: 460px) 100vw, 460px\" \/><figcaption id=\"caption-attachment-356\" class=\"wp-caption-text\">Le Premier ministre portugais Pedro Passos Coelho s&#039;adresse au parlement, \u00e0 Lisbonne<\/figcaption><\/figure>Le Portugal, dont l&rsquo;objectif de d\u00e9ficit public semble compromis cette ann\u00e9e en raison d&rsquo;une baisse de recettes fiscales, pourrait \u00eatre contraint, \u00e0 l&rsquo;instar de la Gr\u00e8ce, de demander plus de souplesse dans la mise en oeuvre du plan d&rsquo;aust\u00e9rit\u00e9 impos\u00e9 par ses cr\u00e9anciers, selon les analystes.<\/p>\n<p>D&rsquo;apr\u00e8s la direction g\u00e9n\u00e9rale du budget, les recettes fiscales ont recul\u00e9 sur les sept premiers mois, de 3,5% sur un an, en raison notamment d&rsquo;une forte baisse de la consommation sur fond de r\u00e9cession, avec une contraction de l&rsquo;\u00e9conomie pr\u00e9vue de 3% cette ann\u00e9e et un taux de ch\u00f4mage record, actuellement \u00e0 15%.<\/p>\n<p>Dans ce contexte, le gouvernement ne sera pas en mesure de respecter l&rsquo;objectif de d\u00e9ficit public de 4,5% du PIB \u00e0 la fin de l&rsquo;ann\u00e9e, s&rsquo;accordent \u00e0 dire de nombreux analystes et il devra trouver entre deux et trois milliards d&rsquo;euros pour compenser cet \u00e9cart budg\u00e9taire.<\/p>\n<p>Le ministre des Finances, Vitor Gaspar, \u00ab\u00a0a perdu le combat\u00a0\u00bb, affirme le quotidien Diario Economico ajoutant qu&rsquo;il n&rsquo;a pas su \u00ab\u00a0pr\u00e9voir l&rsquo;impact de la r\u00e9cession dans les recettes fiscales\u00a0\u00bb.<\/p>\n<p>\u00ab\u00a0Ces chiffres pr\u00e9parent les responsables nationaux et internationaux \u00e0 une plus grande souplesse du plan d&rsquo;ajustement budg\u00e9taire\u00a0\u00bb du Portugal, a indiqu\u00e9 \u00e0 l&rsquo;AFP l&rsquo;\u00e9conomiste Paulo Mourao de l&rsquo;Universit\u00e9 du Minho.<\/p>\n<p>Le Portugal a obtenu en mai 2011, de l&rsquo;Union europ\u00e9enne et du Fonds mon\u00e9taire international, un pr\u00eat de 78 milliards d&rsquo;euros, en \u00e9change d&rsquo;un programme de rigueur et de r\u00e9formes visant \u00e0 assainir ses finances publiques et relancer son \u00e9conomie.<\/p>\n<p>En \u00e9change, le gouvernement s&rsquo;\u00e9tait engag\u00e9 \u00e0 ramener son d\u00e9ficit public \u00e0 3% du PIB en 2013, apr\u00e8s un r\u00e9sultat meilleur que pr\u00e9vu en 2011, \u00e0 4,2%, gr\u00e2ce \u00e0 des mesures exceptionnelles.<\/p>\n<p>Mais la mesure phare de la politique d&rsquo;aust\u00e9rit\u00e9 du gouvernement de centre droit, qui consistait \u00e0 supprimer les 13e et 14e mois des fonctionnaires et des retrait\u00e9s gagnant plus de 1.000 euros par mois en 2012, 2013 et 2014, a \u00e9t\u00e9 jug\u00e9e anticonstitutionnelle.<\/p>\n<p>L&rsquo;ex\u00e9cutif, qui va commenc\u00e9 \u00e0 pr\u00e9parer le budget 2013 \u00e0 la rentr\u00e9e, devra ainsi trouver une mesure \u00e9quivalente \u00e9quitablement r\u00e9partie pour compenser le manque \u00e0 gagner.<\/p>\n<p style=\"text-align:center;\"><script type=\"text\/javascript\"><!--\ngoogle_ad_client = \"ca-pub-2727717456356200\";\n\/* CulturaLusa 468x60 *\/\ngoogle_ad_slot = \"2785499263\";\ngoogle_ad_width = 468;\ngoogle_ad_height = 60;\n\/\/-->\n<\/script><br \/>\n<script type=\"text\/javascript\"\nsrc=\"http:\/\/pagead2.googlesyndication.com\/pagead\/show_ads.js\">\n<\/script><\/p>\n<p>La tro\u00efka UE-FMI-BCE, repr\u00e9sentant les bailleurs de fonds du pays, a d\u00e9j\u00e0 exprim\u00e9 sa pr\u00e9f\u00e9rence pour des mesures ax\u00e9es sur les baisses des d\u00e9penses et les r\u00e9formes structurelles.<\/p>\n<p>Le gouvernement, qui maintient pour l&rsquo;instant officiellement ses objectifs budg\u00e9taires pour cette ann\u00e9e, a toutefois d\u00e9j\u00e0 admis en juin dernier que l'\u00a0\u00bbeffort n\u00e9cessaire sera tr\u00e8s important\u00a0\u00bb.<\/p>\n<p>Une source du minist\u00e8re des Finances, cit\u00e9e jeudi par l&rsquo;agence de presse Lusa, a reconnu que pour corriger l&rsquo;\u00e9cart budg\u00e9taire d&rsquo;ici \u00e0 la fin de l&rsquo;ann\u00e9e, le gouvernement devra adopter des mesures de rigueur suppl\u00e9mentaires ou obtenir un assouplissement des objectifs.<\/p>\n<p>\u00ab\u00a0Nous nous attendons \u00e0 ce que le Portugal demande bient\u00f4t une extension du plan de sauvetage\u00a0\u00bb, a estim\u00e9 r\u00e9cemment la banque am\u00e9ricaine Citigroup dans un rapport, pr\u00e9voyant que Lisbonne \u00ab\u00a0manque l&rsquo;objectif de d\u00e9ficit\u00a0\u00bb en 2012.<\/p>\n<p>\u00ab\u00a0Cet \u00e9chec budg\u00e9taire pourra avoir des cons\u00e9quences dans la cr\u00e9dibilit\u00e9 externe du pays aupr\u00e8s des investisseurs internationaux, compliquant ainsi un retour d\u00e9j\u00e0 difficile aux march\u00e9s en septembre 2013\u00a0\u00bb, comme le pr\u00e9voit le plan d&rsquo;assistance, a affirm\u00e9 Bruno Proen\u00e7a, directeur du Diario Economico.<\/p>\n<p>Mais selon lui, de nouvelles mesures de rigueur, \u00ab\u00a0ne r\u00e9soudront rien et ne feront que plomber davantage l&rsquo;\u00e9conmie\u00a0\u00bb.<\/p>\n<p>La tro\u00efka attendue mardi \u00e0 Lisbonne pour sa cinqui\u00e8me mission d&rsquo;\u00e9valuation du plan de sauvetage du Portugal, devra se prononcer sur les diff\u00e9rents sc\u00e9narios possibles.<\/p>\n<p>Les cr\u00e9anciers du Portugal avaient toutefois d\u00e9j\u00e0 reconnu en juillet que les \u00ab\u00a0risques budg\u00e9taires\u00a0\u00bb avaient augment\u00e9, mais estimaient que l&rsquo;objectif du d\u00e9ficit pour 2012 restait \u00ab\u00a0\u00e0 port\u00e9e\u00a0\u00bb.<\/p>\n<p>L&rsquo;ex\u00e9cution budg\u00e9taire du Portugal est \u00e9galement un \u00e9chec pour la Tro\u00efka, a observ\u00e9 M. Mourao, car leur recette n&rsquo;est pas adapt\u00e9e \u00e0 la situation du pays, dans la mesure o\u00f9 \u00ab\u00a0elle a \u00e9t\u00e9 pr\u00e9vue pour \u00eatre ex\u00e9cut\u00e9e dans un contexte de croissance \u00e9conomique\u00a0\u00bb. (AFP)<\/p>\n","protected":false},"excerpt":{"rendered":"<p>Le Portugal, dont l&rsquo;objectif de d\u00e9ficit public semble compromis cette ann\u00e9e en raison d&rsquo;une baisse de recettes fiscales, pourrait \u00eatre contraint, \u00e0 l&rsquo;instar de la Gr\u00e8ce, de demander plus de souplesse dans la mise en oeuvre du plan d&rsquo;aust\u00e9rit\u00e9 impos\u00e9 par ses cr\u00e9anciers, selon les analystes. D&rsquo;apr\u00e8s la direction g\u00e9n\u00e9rale du budget, les recettes fiscales [&hellip;]<\/p>\n","protected":false},"author":1,"featured_media":0,"comment_status":"open","ping_status":"closed","sticky":false,"template":"","format":"standard","meta":{"footnotes":""},"categories":[3],"tags":[],"class_list":["post-722","post","type-post","status-publish","format-standard","hentry","category-portugal"],"aioseo_notices":[],"_links":{"self":[{"href":"https:\/\/www.culturalusa.com\/news\/wp-json\/wp\/v2\/posts\/722","targetHints":{"allow":["GET"]}}],"collection":[{"href":"https:\/\/www.culturalusa.com\/news\/wp-json\/wp\/v2\/posts"}],"about":[{"href":"https:\/\/www.culturalusa.com\/news\/wp-json\/wp\/v2\/types\/post"}],"author":[{"embeddable":true,"href":"https:\/\/www.culturalusa.com\/news\/wp-json\/wp\/v2\/users\/1"}],"replies":[{"embeddable":true,"href":"https:\/\/www.culturalusa.com\/news\/wp-json\/wp\/v2\/comments?post=722"}],"version-history":[{"count":0,"href":"https:\/\/www.culturalusa.com\/news\/wp-json\/wp\/v2\/posts\/722\/revisions"}],"wp:attachment":[{"href":"https:\/\/www.culturalusa.com\/news\/wp-json\/wp\/v2\/media?parent=722"}],"wp:term":[{"taxonomy":"category","embeddable":true,"href":"https:\/\/www.culturalusa.com\/news\/wp-json\/wp\/v2\/categories?post=722"},{"taxonomy":"post_tag","embeddable":true,"href":"https:\/\/www.culturalusa.com\/news\/wp-json\/wp\/v2\/tags?post=722"}],"curies":[{"name":"wp","href":"https:\/\/api.w.org\/{rel}","templated":true}]}}