{"id":7222,"date":"2020-06-23T01:25:59","date_gmt":"2020-06-22T23:25:59","guid":{"rendered":"https:\/\/www.culturalusa.com\/news\/?p=7222"},"modified":"2020-09-24T14:27:38","modified_gmt":"2020-09-24T12:27:38","slug":"lescalade-covid-19-conduit-le-gouvernement-portugais-a-appliquer-des-mesures-de-confinement","status":"publish","type":"post","link":"https:\/\/www.culturalusa.com\/news\/portugal\/lescalade-covid-19-conduit-le-gouvernement-portugais-a-appliquer-des-mesures-de-confinement\/","title":{"rendered":"L&rsquo;escalade Covid-19 conduit le gouvernement portugais \u00e0 appliquer des mesures de confinement"},"content":{"rendered":"<p>L&rsquo;escalade Covid-19 conduit le <strong>gouvernement portugais \u00e0 appliquer des mesures de confinement obligatoires<\/strong> \u00e0 l&rsquo;ensemble de la zone m\u00e9tropolitaine de Lisbonne.<\/p>\n<p>Le gouvernement portugais appliquera d\u00e8s mardi \u00e0 l&rsquo;ensemble de la zone m\u00e9tropolitaine de Lisbonne les principales nouvelles mesures de confinement obligatoires, \u00e0 savoir celles li\u00e9es aux \u00e9tablissements et l&rsquo;imposition d&rsquo;une limite pour les rassemblements.<\/p>\n<p>Lors d&rsquo;une conf\u00e9rence de presse \u00e0 S\u00e3o Bento, \u00e0 l&rsquo;issue de la r\u00e9union du gouvernement avec les cinq pr\u00e9sidents des municipalit\u00e9s actuellement les plus touch\u00e9es par la pand\u00e9mie de Covid-19 (Lisbonne, Loures, Odivelas, Sintra et Amadora), le Premier ministre, Ant\u00f3nio Costa, il a soulign\u00e9 qu&rsquo;une partie des nouvelles mesures d\u00e9sormais prises par son ex\u00e9cutif &lsquo;auront un caract\u00e8re transversal&rsquo;.<\/p>\n<p>&lsquo;Certaines mesures sont transversales \u00e0 l&rsquo;ensemble de la zone m\u00e9tropolitaine. Nous ne pouvons ignorer que nous sommes dans un espace o\u00f9 le degr\u00e9 de mobilit\u00e9 est extr\u00eamement \u00e9lev\u00e9&rsquo;, a d\u00e9clar\u00e9 Ant\u00f3nio Costa.<\/p>\n<p>Parmi les principales restrictions, le retour de l&rsquo;interdiction des rassemblements de plus de dix personnes, le renforcement de l&rsquo;inspection des centres commerciaux et la fermeture g\u00e9n\u00e9rale des \u00e9tablissements \u00e0 20h00, \u00e0 l&rsquo;exception des restaurants servant des repas.<\/p>\n<p>Le Portugal enregistre quatre d\u00e9c\u00e8s li\u00e9s au covid-19 de plus que dimanche et 259 plus infect\u00e9s, la plupart dans la r\u00e9gion de Lisbonne et Vale do Tejo, selon le bulletin \u00e9pid\u00e9miologique de la <strong>direction g\u00e9n\u00e9rale de la sant\u00e9<\/strong> (DGS).<\/p>\n<p>Les donn\u00e9es de la <strong>DGS<\/strong> indiquent <strong>1 534 d\u00e9c\u00e8s<\/strong> li\u00e9s \u00e0 Covid-19 et <strong>39 392 cas confirm\u00e9s<\/strong> depuis le d\u00e9but de la pand\u00e9mie.<\/p>\n<p>En comparaison avec les donn\u00e9es de dimanche, il y a eu aujourd&rsquo;hui une augmentation de 0,3% des d\u00e9c\u00e8s. Les cas d&rsquo;infection ont augment\u00e9 de 0,7%.<\/p>\n<p>Dans la r\u00e9gion de Lisbonne et de la vall\u00e9e du Tage, o\u00f9 le plus grand nombre de foyers a \u00e9t\u00e9 enregistr\u00e9, la pand\u00e9mie de covid-19 a atteint 16 926 cas confirm\u00e9s, 164 de plus que dimanche, ce qui correspond \u00e0 63% des nouvelles infections.<\/p>\n","protected":false},"excerpt":{"rendered":"<p>L&rsquo;escalade Covid-19 conduit le gouvernement portugais \u00e0 appliquer des mesures de confinement obligatoires \u00e0 l&rsquo;ensemble de la zone m\u00e9tropolitaine de Lisbonne. Le gouvernement portugais appliquera d\u00e8s mardi \u00e0 l&rsquo;ensemble de la zone m\u00e9tropolitaine de Lisbonne les principales nouvelles mesures de confinement obligatoires, \u00e0 savoir celles li\u00e9es aux \u00e9tablissements et l&rsquo;imposition d&rsquo;une limite pour les rassemblements. [&hellip;]<\/p>\n","protected":false},"author":1,"featured_media":7223,"comment_status":"open","ping_status":"closed","sticky":false,"template":"","format":"standard","meta":{"footnotes":""},"categories":[3],"tags":[1300,1227,47],"class_list":["post-7222","post","type-post","status-publish","format-standard","has-post-thumbnail","hentry","category-portugal","tag-confinement-portugal","tag-covid-19-portugal","tag-lisbonne"],"aioseo_notices":[],"_links":{"self":[{"href":"https:\/\/www.culturalusa.com\/news\/wp-json\/wp\/v2\/posts\/7222","targetHints":{"allow":["GET"]}}],"collection":[{"href":"https:\/\/www.culturalusa.com\/news\/wp-json\/wp\/v2\/posts"}],"about":[{"href":"https:\/\/www.culturalusa.com\/news\/wp-json\/wp\/v2\/types\/post"}],"author":[{"embeddable":true,"href":"https:\/\/www.culturalusa.com\/news\/wp-json\/wp\/v2\/users\/1"}],"replies":[{"embeddable":true,"href":"https:\/\/www.culturalusa.com\/news\/wp-json\/wp\/v2\/comments?post=7222"}],"version-history":[{"count":0,"href":"https:\/\/www.culturalusa.com\/news\/wp-json\/wp\/v2\/posts\/7222\/revisions"}],"wp:featuredmedia":[{"embeddable":true,"href":"https:\/\/www.culturalusa.com\/news\/wp-json\/wp\/v2\/media\/7223"}],"wp:attachment":[{"href":"https:\/\/www.culturalusa.com\/news\/wp-json\/wp\/v2\/media?parent=7222"}],"wp:term":[{"taxonomy":"category","embeddable":true,"href":"https:\/\/www.culturalusa.com\/news\/wp-json\/wp\/v2\/categories?post=7222"},{"taxonomy":"post_tag","embeddable":true,"href":"https:\/\/www.culturalusa.com\/news\/wp-json\/wp\/v2\/tags?post=7222"}],"curies":[{"name":"wp","href":"https:\/\/api.w.org\/{rel}","templated":true}]}}