{"id":723,"date":"2012-08-25T21:04:01","date_gmt":"2012-08-25T19:04:01","guid":{"rendered":"http:\/\/www.culturalusa.com\/news\/?p=723"},"modified":"2012-08-25T21:04:01","modified_gmt":"2012-08-25T19:04:01","slug":"la-zone-euro-va-tout-droit-vers-la-recession-au-troisieme-trimestre","status":"publish","type":"post","link":"https:\/\/www.culturalusa.com\/news\/economie\/la-zone-euro-va-tout-droit-vers-la-recession-au-troisieme-trimestre\/","title":{"rendered":"La zone euro va tout droit vers la r\u00e9cession au troisi\u00e8me trimestre"},"content":{"rendered":"<figure id=\"attachment_525\" aria-describedby=\"caption-attachment-525\" style=\"width: 275px\" class=\"wp-caption alignleft\"><img loading=\"lazy\" decoding=\"async\" src=\"http:\/\/www.culturalusa.com\/news\/wp-content\/uploads\/2012\/05\/europa-275x158.jpg\" alt=\"\" title=\"La zone euro\" width=\"275\" height=\"158\" class=\"size-medium wp-image-525\" \/><figcaption id=\"caption-attachment-525\" class=\"wp-caption-text\">Commission Europ\u00e9enne - La zone euro<\/figcaption><\/figure>Les signes d&rsquo;un retour de la zone euro en r\u00e9cession s&rsquo;accumulent apr\u00e8s la publication r\u00e9centes d&rsquo;indicateurs peu encourageants et malgr\u00e9 la r\u00e9sistance affich\u00e9e par l&rsquo;\u00e9conomie allemande au deuxi\u00e8me trimestre.<\/p>\n<p>Mi-ao\u00fbt, l&rsquo;office europ\u00e9en de statistique Eurostat avait publi\u00e9 une premi\u00e8re estimation du Produit int\u00e9rieur brut de la zone euro montrant un recul de 0,2% au deuxi\u00e8me trimestre apr\u00e8s une stagnation au premier, et les analystes avaient alors unanimement averti que le recul du PIB devrait se poursuivre au troisi\u00e8me trimestre. Or une p\u00e9riode de r\u00e9cession correspond techniquement \u00e0 deux trimestres cons\u00e9cutifs de repli du PIB.<\/p>\n<p>L&rsquo;indice PMI, qui mesure l&rsquo;activit\u00e9 du secteur priv\u00e9, publi\u00e9 jeudi, a apport\u00e9 de l&rsquo;eau \u00e0 leur moulin en affichant une contraction de l&rsquo;activit\u00e9 dans la zone euro pour le septi\u00e8me mois cons\u00e9cutif.<\/p>\n<p>\u00ab\u00a0Ensemble, les indices de juillet et d&rsquo;ao\u00fbt semblent conformes \u00e0 une baisse trimestrielle du PIB de l&rsquo;ordre de 0,5 ou 0,6%\u00a0\u00bb au troisi\u00e8me trimestre, et \u00ab\u00a0il faudrait donc un rebond substantiel en septembre pour contredire ces pr\u00e9visions\u00a0\u00bb, selon Rob Dobson, analyste de la soci\u00e9t\u00e9 Markit, qui publie cet indice.<\/p>\n<p>Une r\u00e9cession serait la seconde en trois ans pour la zone euro, qui \u00e9tait revenue \u00e0 la croissance au troisi\u00e8me trimestre 2009. Une nouvelle plong\u00e9e a \u00e9t\u00e9 \u00e9vit\u00e9e de justesse jusqu&rsquo;ici puisque le PIB a \u00e9t\u00e9 n\u00e9gatif au quatri\u00e8me trimestre 2011 (-0,3%) et nul au premier trimestre de cette ann\u00e9e.<\/p>\n<p>Mais d\u00e9sormais l&rsquo;Allemagne, qui a jusqu&rsquo;ici bien r\u00e9sist\u00e9 \u00e0 la morosit\u00e9 \u00e9conomique \u00e0 l&rsquo;inverse des pays du sud de la zone, avec une progression du PIB de 0,3% au deuxi\u00e8me trimestre, commence \u00e0 montrer des signes de fragilit\u00e9.<\/p>\n<p style=\"text-align:center;\"><script type=\"text\/javascript\"><!--\ngoogle_ad_client = \"ca-pub-2727717456356200\";\n\/* CulturaLusa 468x60 *\/\ngoogle_ad_slot = \"2785499263\";\ngoogle_ad_width = 468;\ngoogle_ad_height = 60;\n\/\/-->\n<\/script><br \/>\n<script type=\"text\/javascript\"\nsrc=\"http:\/\/pagead2.googlesyndication.com\/pagead\/show_ads.js\">\n<\/script><\/p>\n<p>Markit souligne ainsi que si l&rsquo;activit\u00e9 recule dans les deux principales \u00e9conomies de la r\u00e9gion, ce repli ralentit en France tandis qu&rsquo;il s&rsquo;acc\u00e9l\u00e8re en Allemagne.<\/p>\n<p>La contraction de l&rsquo;activit\u00e9 observ\u00e9e outre-Rhin pour le septi\u00e8me mois cons\u00e9cutif \u00ab\u00a0laisse penser que la modeste progression de l&rsquo;\u00e9conomie observ\u00e9e au deuxi\u00e8me trimestre ne se r\u00e9p\u00e9tera pas au troisi\u00e8me\u00a0\u00bb, juge Jonathan Loynes de Capital Economics.<\/p>\n<p>L&rsquo;indice PMI des services est m\u00eame \u00ab\u00a0tomb\u00e9 bien en-dessous du seuil de 50, \u00e0 48,3 pour la premi\u00e8re fois depuis l&rsquo;\u00e9t\u00e9 2009, signe que la consommation des m\u00e9nages allemands pourrait s&rsquo;affaiblir apr\u00e8s un tr\u00e8s bon deuxi\u00e8me trimestre\u00a0\u00bb, souligne de son c\u00f4t\u00e9 Julien Manceaux, d&rsquo;ING.<\/p>\n<p>L&rsquo;indice PMI signale une progression de l&rsquo;activit\u00e9 lorsqu&rsquo;il d\u00e9passe 50 et une contraction en-dessous de ce seuil.<\/p>\n<p>Pour cet analyste, de mani\u00e8re g\u00e9n\u00e9rale \u00ab\u00a0la combinaison entre tensions sur les march\u00e9s financiers et aust\u00e9rit\u00e9 budg\u00e9taire demeure un frein important \u00e0 la demande int\u00e9rieure dans la zone euro, et la demande ext\u00e9rieure est trop faible pour avoir un effet compensateur\u00a0\u00bb.<\/p>\n<p>Il estime qu&rsquo;un \u00ab\u00a0revirement du sentiment \u00e9conomique ne pourra intervenir que lorsque l&rsquo;avenir de la zone euro commencera \u00e0 para\u00eetre moins incertain\u00a0\u00bb, ce qui \u00ab\u00a0malheureusement, ne devrait pas arriver de sit\u00f4t\u00a0\u00bb.<\/p>\n<p>D&rsquo;autres analystes se montrent moins alarmistes, comme Marie Diron, d&rsquo;Ernst and Young, qui estime que \u00ab\u00a0bien qu&rsquo;elle continue vraisemblablement \u00e0 se contracter, l&rsquo;\u00e9conomie de la zone euro n&rsquo;est pas en train de d\u00e9visser\u00a0\u00bb.<\/p>\n<p>Or, \u00ab\u00a0le fait que la r\u00e9cession reste contenue est n\u00e9cessaire pour donner aux responsables politiques l&rsquo;espace n\u00e9cessaire \u00e0 la mise en place des r\u00e9formes\u00a0\u00bb, souligne-t-elle, \u00e9voquant les chantiers en cours en mati\u00e8re d&rsquo;int\u00e9gration budg\u00e9taire et d&rsquo;union bancaire.<\/p>\n<p>Quant \u00e0 Christian Schulz, de Berenberg, il souligne qu'\u00a0\u00bben s&rsquo;attaquant \u00e0 ses d\u00e9s\u00e9quilibres internes gr\u00e2ce \u00e0 des r\u00e9formes structurelles et \u00e0 l&rsquo;aust\u00e9rit\u00e9\u00a0\u00bb, ce qui a conduit \u00e0 r\u00e9duire la demande de consommation dans plusieurs pays en crise, \u00ab\u00a0la zone euro est en train de devenir plus comp\u00e9titive au niveau mondial\u00a0\u00bb.<\/p>\n","protected":false},"excerpt":{"rendered":"<p>Les signes d&rsquo;un retour de la zone euro en r\u00e9cession s&rsquo;accumulent apr\u00e8s la publication r\u00e9centes d&rsquo;indicateurs peu encourageants et malgr\u00e9 la r\u00e9sistance affich\u00e9e par l&rsquo;\u00e9conomie allemande au deuxi\u00e8me trimestre. Mi-ao\u00fbt, l&rsquo;office europ\u00e9en de statistique Eurostat avait publi\u00e9 une premi\u00e8re estimation du Produit int\u00e9rieur brut de la zone euro montrant un recul de 0,2% au deuxi\u00e8me [&hellip;]<\/p>\n","protected":false},"author":1,"featured_media":0,"comment_status":"open","ping_status":"closed","sticky":false,"template":"","format":"standard","meta":{"footnotes":""},"categories":[1],"tags":[],"class_list":["post-723","post","type-post","status-publish","format-standard","hentry","category-economie"],"aioseo_notices":[],"_links":{"self":[{"href":"https:\/\/www.culturalusa.com\/news\/wp-json\/wp\/v2\/posts\/723","targetHints":{"allow":["GET"]}}],"collection":[{"href":"https:\/\/www.culturalusa.com\/news\/wp-json\/wp\/v2\/posts"}],"about":[{"href":"https:\/\/www.culturalusa.com\/news\/wp-json\/wp\/v2\/types\/post"}],"author":[{"embeddable":true,"href":"https:\/\/www.culturalusa.com\/news\/wp-json\/wp\/v2\/users\/1"}],"replies":[{"embeddable":true,"href":"https:\/\/www.culturalusa.com\/news\/wp-json\/wp\/v2\/comments?post=723"}],"version-history":[{"count":0,"href":"https:\/\/www.culturalusa.com\/news\/wp-json\/wp\/v2\/posts\/723\/revisions"}],"wp:attachment":[{"href":"https:\/\/www.culturalusa.com\/news\/wp-json\/wp\/v2\/media?parent=723"}],"wp:term":[{"taxonomy":"category","embeddable":true,"href":"https:\/\/www.culturalusa.com\/news\/wp-json\/wp\/v2\/categories?post=723"},{"taxonomy":"post_tag","embeddable":true,"href":"https:\/\/www.culturalusa.com\/news\/wp-json\/wp\/v2\/tags?post=723"}],"curies":[{"name":"wp","href":"https:\/\/api.w.org\/{rel}","templated":true}]}}