{"id":7237,"date":"2020-07-03T19:51:33","date_gmt":"2020-07-03T17:51:33","guid":{"rendered":"https:\/\/www.culturalusa.com\/news\/?p=7237"},"modified":"2020-09-24T14:26:39","modified_gmt":"2020-09-24T12:26:39","slug":"emmanuel-macron-reprend-la-main-en-nommant-jean-castex-a-matignon","status":"publish","type":"post","link":"https:\/\/www.culturalusa.com\/news\/actualite\/emmanuel-macron-reprend-la-main-en-nommant-jean-castex-a-matignon\/","title":{"rendered":"Emmanuel Macron reprend la main en nommant Jean Castex \u00e0 Matignon"},"content":{"rendered":"<p>Emmanuel Macron a d\u00e9cid\u00e9 vendredi de remplacer Edouard Philippe \u00e0 Matignon par Jean Castex, 55 ans, son \u00ab\u00a0M. d\u00e9confinement\u00a0\u00bb, inconnu du grand public, signe que le chef de l&rsquo;Etat reprend les r\u00eanes pour faire appliquer le \u00ab\u00a0nouveau chemin\u00a0\u00bb annonc\u00e9 pour la fin du quinquennat.<\/p>\n<p>Ex-collaborateur de Nicolas Sarkozy et de Xavier Bertrand, maire d\u00e9sormais ex-LR de Prades (Pyr\u00e9n\u00e9es-Orientales), Jean Castex repr\u00e9sente \u00ab\u00a0un choix macronien, conforme \u00e0 l&rsquo;esprit de d\u00e9passement port\u00e9 par le pr\u00e9sident depuis trois ans\u00a0\u00bb, selon l&rsquo;Elys\u00e9e pour qui il vient, comme son pr\u00e9d\u00e9cesseur, \u00ab\u00a0de la droite mais est un gaulliste social\u00a0\u00bb.<\/p>\n<p>Jean Castex, qui devrait finaliser son gouvernement durant le week-end, entrera d\u00e8s vendredi apr\u00e8s-midi \u00e0 Matignon o\u00f9 les pr\u00e9paratifs de la passation de pouvoir, pr\u00e9vue vers 17h30, \u00e9taient en cours. Il sera ensuite l&rsquo;invit\u00e9 du 20h de TF1, au terme d&rsquo;une journ\u00e9e o\u00f9 le pr\u00e9sident de la R\u00e9publique a acc\u00e9l\u00e9r\u00e9 le remaniement attendu depuis des semaines.<\/p>\n<p>Dans un communiqu\u00e9 mis en ligne sur le site de la ville de Prades, le haut fonctionnaire a dit \u00ab\u00a0mesurer l&rsquo;immensit\u00e9 de la t\u00e2che\u00a0\u00bb qui l&rsquo;attend. \u00ab\u00a0Compte tenu des circonstances exceptionnelles dans lesquelles se trouve notre pays, j\u2019ai accept\u00e9\u00a0\u00bb, a-t-il ajout\u00e9.<\/p>\n<p>Edouard Philippe, avec lequel Emmanuel Macron a assur\u00e9 jeudi entretenir une \u00ab\u00a0relation de confiance unique\u00a0\u00bb, va retrouver d\u00e8s dimanche la mairie du Havre. Mais il va rester en contact \u00e9troit avec le chef de l&rsquo;Etat car, selon l&rsquo;entourage de celui-ci, il a accept\u00e9 \u00ab\u00a0d&rsquo;aider le pr\u00e9sident\u00a0\u00bb \u00e0 \u00ab\u00a0consolider la majorit\u00e9\u00a0\u00bb, fragilis\u00e9e par la perte de la majorit\u00e9 absolue \u00e0 l&rsquo;Assembl\u00e9e, des contestations internes et un fiasco aux \u00e9lections municipales pour LREM.<\/p>\n<p>Avec la d\u00e9mission du gouvernement et le d\u00e9part d&rsquo;Edouard Philippe, le pr\u00e9sident de la R\u00e9publique cherche, \u00e0 moins de deux ans de la pr\u00e9sidentielle, \u00e0 donner un nouveau souffle \u00e0 son quinquennat.<\/p>\n<p><strong>\u00ab\u00a0Techno\u00a0\u00bb<\/strong> <\/p>\n<p>\u00ab\u00a0Le cap sur lequel je me suis engag\u00e9 en 2017 reste vrai\u00a0\u00bb, a-t-il r\u00e9affirm\u00e9 dans une interview \u00e0 la presse r\u00e9gionale publi\u00e9e jeudi. Mais alors que se profile une rentr\u00e9e \u00ab\u00a0tr\u00e8s dure\u00a0\u00bb sur les fronts \u00e9conomique et social, le prochain gouvernement sera charg\u00e9 d&rsquo;appliquer le \u00ab\u00a0nouveau chemin\u00a0\u00bb que le chef de l&rsquo;Etat a commenc\u00e9 \u00e0 dessiner, avec une priorit\u00e9 \u00e0 la politique de sant\u00e9, au grand \u00e2ge et \u00e0 un plan pour la jeunesse. Un changement qui s&rsquo;annonce dans la continuit\u00e9 avec notamment la remise en chantier de la r\u00e9forme des retraites.<\/p>\n<p>Pour incarner ce \u00ab\u00a0chemin\u00a0\u00bb escarp\u00e9, plut\u00f4t qu&rsquo;une figure de l&rsquo;\u00e9cologie ou un poids lourd politique, le chef de l&rsquo;Etat a pr\u00e9f\u00e9r\u00e9 un profil \u00ab\u00a0techno\u00a0\u00bb, \u00e9lu local et haut fonctionnaire. Un choix qui lui donne les mains libres, apr\u00e8s trois ans d&rsquo;entente cordiale avec Edouard Philippe qui prenait un poids croissant dans la strat\u00e9gie gouvernementale et dans l&rsquo;opinion. Et des dissensions de plus en plus marqu\u00e9es, notamment pour la r\u00e9forme des retraites.<\/p>\n<p>D&rsquo;autant plus que le directeur de cabinet de Jean Castex sera Nicolas Revel, un proche d&rsquo;Emmanuel Macron que le chef de l&rsquo;Etat avait tent\u00e9, en vain, d&rsquo;imposer \u00e0 Edouard Philippe \u00e0 son arriv\u00e9e \u00e0 Matignon.<\/p>\n<p>A noter que le premier cercle du pouvoir comprendra trois anciens secr\u00e9taires g\u00e9n\u00e9raux adjoints de l&rsquo;Elys\u00e9e &#8212; Emmanuel Macron et Nicolas Revel sous Fran\u00e7ois Hollande et Jean Castex sous Nicolas Sarkozy &#8212; et, comme auparavant, quatre \u00e9narques en incluant Alexis Kohler, bras droit d&rsquo;Emmanuel Macron en tant que secr\u00e9taire g\u00e9n\u00e9ral de l&rsquo;Elys\u00e9e.<\/p>\n<p><strong>\u00ab\u00a0Nouveaux talents\u00a0\u00bb<\/strong><\/p>\n<p>Pour le pr\u00e9sident des R\u00e9publicains Christian Jacob, Jean Castex, qui vient de d\u00e9missionner de LR, repr\u00e9sente un choix \u00ab\u00a0technocratique\u00a0\u00bb. \u00ab\u00a0En mati\u00e8re de trahisons, on a donn\u00e9 d\u00e9j\u00e0\u00a0\u00bb a-t-il lanc\u00e9, allusion \u00e0 Edouard Philippe, \u00e9galement issu de LR.<\/p>\n<p>\u00ab\u00a0Je connais et j&rsquo;appr\u00e9cie les qualit\u00e9s de serviteur de l&rsquo;Etat de Jean Castex. Elles seront indispensables dans les moments difficiles que nous allons connaitre\u2026 Puissent-elles corriger les mauvais choix du Pr\u00e9sident de la R\u00e9publique\u00a0\u00bb, a comment\u00e9 le pr\u00e9sident de la r\u00e9gion Hauts-de-France Xavier Bertrand.<\/p>\n<p>A gauche, on estimait que cette nomination d\u00e9montrait une poursuite d&rsquo;une politique \u00ab\u00a0de droite\u00a0\u00bb. \u00ab\u00a0Le jour d&rsquo;apr\u00e8s sera de droite comme le jour d&rsquo;avant\u00a0\u00bb, a fustig\u00e9 Olivier Faure (PS). Chez les \u00e9cologistes, Julien Bayou, num\u00e9ro un d&rsquo;EELV, a regrett\u00e9 la nomination d&rsquo;un nouvel \u00ab\u00a0homme de droite qu&rsquo;on n&rsquo;a jamais entendu sur l&rsquo;\u00e9cologie\u00a0\u00bb.<\/p>\n<p>La composition du nouveau gouvernement devrait \u00eatre peaufin\u00e9e durant le week-end, avant le prochain conseil des ministres pr\u00e9vu mercredi.<\/p>\n<p>\u00ab\u00a0Il y aura de nouveaux talents\u00a0\u00bb et \u00ab\u00a0des personnalit\u00e9s venues d&rsquo;horizons diff\u00e9rents\u00a0\u00bb, a indiqu\u00e9 Emmanuel Macron jeudi.<\/p>\n<p>Le nouveau gouvernement devra \u00ab\u00a0mettre en \u0153uvre la nouvelle \u00e9tape du quinquennat, le projet de reconstruction sociale, \u00e9conomique, environnementale et locale\u00a0\u00bb, a soulign\u00e9 l&rsquo;Elys\u00e9e.<\/p>\n<p>Emmanuel Macron avait r\u00e9affirm\u00e9 en avril, au plus fort de l&rsquo;\u00e9pid\u00e9mie du Covid-19, vouloir \u00ab\u00a0se r\u00e9inventer\u00a0\u00bb mais sans \u00ab\u00a0renier\u00a0\u00bb les r\u00e9formes du d\u00e9but du quinquennat. (AFP)<\/p>\n","protected":false},"excerpt":{"rendered":"<p>Emmanuel Macron a d\u00e9cid\u00e9 vendredi de remplacer Edouard Philippe \u00e0 Matignon par Jean Castex, 55 ans, son \u00ab\u00a0M. d\u00e9confinement\u00a0\u00bb, inconnu du grand public, signe que le chef de l&rsquo;Etat reprend les r\u00eanes pour faire appliquer le \u00ab\u00a0nouveau chemin\u00a0\u00bb annonc\u00e9 pour la fin du quinquennat. Ex-collaborateur de Nicolas Sarkozy et de Xavier Bertrand, maire d\u00e9sormais ex-LR [&hellip;]<\/p>\n","protected":false},"author":1,"featured_media":7238,"comment_status":"open","ping_status":"closed","sticky":false,"template":"","format":"standard","meta":{"footnotes":""},"categories":[30],"tags":[1303,626,1304],"class_list":["post-7237","post","type-post","status-publish","format-standard","has-post-thumbnail","hentry","category-actualite","tag-jean-castex","tag-macron","tag-matignon"],"aioseo_notices":[],"_links":{"self":[{"href":"https:\/\/www.culturalusa.com\/news\/wp-json\/wp\/v2\/posts\/7237","targetHints":{"allow":["GET"]}}],"collection":[{"href":"https:\/\/www.culturalusa.com\/news\/wp-json\/wp\/v2\/posts"}],"about":[{"href":"https:\/\/www.culturalusa.com\/news\/wp-json\/wp\/v2\/types\/post"}],"author":[{"embeddable":true,"href":"https:\/\/www.culturalusa.com\/news\/wp-json\/wp\/v2\/users\/1"}],"replies":[{"embeddable":true,"href":"https:\/\/www.culturalusa.com\/news\/wp-json\/wp\/v2\/comments?post=7237"}],"version-history":[{"count":0,"href":"https:\/\/www.culturalusa.com\/news\/wp-json\/wp\/v2\/posts\/7237\/revisions"}],"wp:featuredmedia":[{"embeddable":true,"href":"https:\/\/www.culturalusa.com\/news\/wp-json\/wp\/v2\/media\/7238"}],"wp:attachment":[{"href":"https:\/\/www.culturalusa.com\/news\/wp-json\/wp\/v2\/media?parent=7237"}],"wp:term":[{"taxonomy":"category","embeddable":true,"href":"https:\/\/www.culturalusa.com\/news\/wp-json\/wp\/v2\/categories?post=7237"},{"taxonomy":"post_tag","embeddable":true,"href":"https:\/\/www.culturalusa.com\/news\/wp-json\/wp\/v2\/tags?post=7237"}],"curies":[{"name":"wp","href":"https:\/\/api.w.org\/{rel}","templated":true}]}}