{"id":7248,"date":"2020-07-07T23:41:48","date_gmt":"2020-07-07T21:41:48","guid":{"rendered":"https:\/\/www.culturalusa.com\/news\/?p=7248"},"modified":"2020-09-24T14:24:48","modified_gmt":"2020-09-24T12:24:48","slug":"macron-reunit-son-gouvernement","status":"publish","type":"post","link":"https:\/\/www.culturalusa.com\/news\/actualite\/macron-reunit-son-gouvernement\/","title":{"rendered":"Macron r\u00e9unit son \u00ab\u00a0gouvernement de 600 jours\u00a0\u00bb et fixe \u00ab\u00a04 grands axes\u00a0\u00bb, dit Attal"},"content":{"rendered":"<p>Emmanuel Macron a fix\u00e9 \u00ab\u00a0quatre grands axes\u00a0\u00bb de travail, dont la \u00ab\u00a0reconstruction du pays\u00a0\u00bb et le \u00ab\u00a0patriotisme r\u00e9publicain\u00a0\u00bb, au gouvernement \u00ab\u00a0de 600 jours\u00a0\u00bb qu&rsquo;il a r\u00e9uni pour la premi\u00e8re fois mardi lors du Conseil des ministres, a indiqu\u00e9 le porte-parole Gabriel Attal.<\/p>\n<p>Au lendemain de l&rsquo;annonce des noms des nouveaux ministres, le chef de l&rsquo;Etat a re\u00e7u \u00e0 l&rsquo;Elys\u00e9e durant 1h30 environ l&rsquo;\u00e9quipe remani\u00e9e autour du Premier ministre Jean Castex: \u00ab\u00a0c&rsquo;est un gouvernement de 600 jours, tel que l&rsquo;a indiqu\u00e9 le pr\u00e9sident de la R\u00e9publique, puisqu&rsquo;il reste un peu moins de deux ans avant la fin de ce quinquennat et que jusqu&rsquo;au dernier jour (&#8230;), nous serons pleinement \u00e0 notre t\u00e2che et nous travaillerons d&rsquo;arrache-pied avec d\u00e9termination\u00a0\u00bb, a assur\u00e9 M. Attal, qui \u00e9trennait ses fonctions de porte-parole du gouvernement.<\/p>\n<p>Le chef de l&rsquo;Etat, appelant \u00e0 \u00ab\u00a0un changement profond de m\u00e9thode\u00a0\u00bb, a fix\u00e9 \u00ab\u00a0quatre grands axes\u00a0\u00bb \u00e0 ce \u00ab\u00a0gouvernement de combat\u00a0\u00bb qui sera \u00ab\u00a0\u00e9largi prochainement avec l&rsquo;entr\u00e9e de secr\u00e9taires d&rsquo;Etat sur des missions prioritaires\u00a0\u00bb, a pr\u00e9cis\u00e9 M. Attal.<\/p>\n<p>En premier lieu, \u00ab\u00a0la reconstruction de notre pays\u00a0\u00bb, \u00ab\u00a0\u00e9conomique\u00a0\u00bb, \u00ab\u00a0sociale\u00a0\u00bb, \u00ab\u00a0environnementale\u00a0\u00bb, \u00ab\u00a0culturelle\u00a0\u00bb et \u00ab\u00a0territoriale\u00a0\u00bb.<\/p>\n<p>Le deuxi\u00e8me axe est \u00ab\u00a0le patriotisme r\u00e9publicain\u00a0\u00bb. \u00ab\u00a0Nous allons avancer avec des objectifs clairs, aller au bout de notre ambition sur l&rsquo;\u00e9cole\u00a0\u00bb, a d\u00e9taill\u00e9 M. Attal, en \u00e9voquant aussi la \u00ab\u00a0justice et la police\u00a0\u00bb, \u00ab\u00a0des institutions qui sont bouscul\u00e9es\u00a0\u00bb, et \u00ab\u00a0l&rsquo;\u00e9galit\u00e9 des chances\u00a0\u00bb.<\/p>\n<p>Selon M. Attal, le pr\u00e9sident a \u00e9galement fix\u00e9 comme objectif \u00ab\u00a0d&rsquo;apporter davantage de libert\u00e9s et d&rsquo;associations plus larges qu&rsquo;auparavant dans notre pays\u00a0\u00bb en s&rsquo;appuyant sur \u00ab\u00a0les forces vives de la nation, les forces \u00e9conomiques et sociales, les syndicats\u00a0\u00bb.<\/p>\n<p>Enfin, \u00ab\u00a0le 4e axe, c&rsquo;est l&rsquo;Europe\u00a0\u00bb, a-t-il ajout\u00e9,\u00a0\u00bb puisque nous ne construirons pas notre ind\u00e9pendance sans une politique europ\u00e9enne la plus forte qui soit\u00a0\u00bb.<\/p>\n<p>Ces axes devraient \u00eatre d\u00e9clin\u00e9s par M. Castex dans sa d\u00e9claration de politique g\u00e9n\u00e9rale attendue \u00ab\u00a0la semaine prochaine\u00a0\u00bb. En attendant, le gouvernement sera r\u00e9uni en s\u00e9minaire \u00ab\u00a0samedi matin\u00a0\u00bb, a pr\u00e9cis\u00e9 M. Attal. (AFP)<\/p>\n","protected":false},"excerpt":{"rendered":"<p>Emmanuel Macron a fix\u00e9 \u00ab\u00a0quatre grands axes\u00a0\u00bb de travail, dont la \u00ab\u00a0reconstruction du pays\u00a0\u00bb et le \u00ab\u00a0patriotisme r\u00e9publicain\u00a0\u00bb, au gouvernement \u00ab\u00a0de 600 jours\u00a0\u00bb qu&rsquo;il a r\u00e9uni pour la premi\u00e8re fois mardi lors du Conseil des ministres, a indiqu\u00e9 le porte-parole Gabriel Attal. Au lendemain de l&rsquo;annonce des noms des nouveaux ministres, le chef de l&rsquo;Etat [&hellip;]<\/p>\n","protected":false},"author":1,"featured_media":7249,"comment_status":"open","ping_status":"closed","sticky":false,"template":"","format":"standard","meta":{"footnotes":""},"categories":[30],"tags":[1307,626,1306],"class_list":["post-7248","post","type-post","status-publish","format-standard","has-post-thumbnail","hentry","category-actualite","tag-gouvernement-castex","tag-macron","tag-ministres"],"aioseo_notices":[],"_links":{"self":[{"href":"https:\/\/www.culturalusa.com\/news\/wp-json\/wp\/v2\/posts\/7248","targetHints":{"allow":["GET"]}}],"collection":[{"href":"https:\/\/www.culturalusa.com\/news\/wp-json\/wp\/v2\/posts"}],"about":[{"href":"https:\/\/www.culturalusa.com\/news\/wp-json\/wp\/v2\/types\/post"}],"author":[{"embeddable":true,"href":"https:\/\/www.culturalusa.com\/news\/wp-json\/wp\/v2\/users\/1"}],"replies":[{"embeddable":true,"href":"https:\/\/www.culturalusa.com\/news\/wp-json\/wp\/v2\/comments?post=7248"}],"version-history":[{"count":0,"href":"https:\/\/www.culturalusa.com\/news\/wp-json\/wp\/v2\/posts\/7248\/revisions"}],"wp:featuredmedia":[{"embeddable":true,"href":"https:\/\/www.culturalusa.com\/news\/wp-json\/wp\/v2\/media\/7249"}],"wp:attachment":[{"href":"https:\/\/www.culturalusa.com\/news\/wp-json\/wp\/v2\/media?parent=7248"}],"wp:term":[{"taxonomy":"category","embeddable":true,"href":"https:\/\/www.culturalusa.com\/news\/wp-json\/wp\/v2\/categories?post=7248"},{"taxonomy":"post_tag","embeddable":true,"href":"https:\/\/www.culturalusa.com\/news\/wp-json\/wp\/v2\/tags?post=7248"}],"curies":[{"name":"wp","href":"https:\/\/api.w.org\/{rel}","templated":true}]}}