{"id":7263,"date":"2020-07-13T19:04:51","date_gmt":"2020-07-13T17:04:51","guid":{"rendered":"https:\/\/www.culturalusa.com\/news\/?p=7263"},"modified":"2020-09-24T14:23:05","modified_gmt":"2020-09-24T12:23:05","slug":"la-reforme-des-retraites-est-absolument-indispensable-juge-bruno-le-maire","status":"publish","type":"post","link":"https:\/\/www.culturalusa.com\/news\/actualite\/la-reforme-des-retraites-est-absolument-indispensable-juge-bruno-le-maire\/","title":{"rendered":"La r\u00e9forme des Retraites est \u00ab\u00a0absolument indispensable\u00a0\u00bb, juge Bruno Le Maire"},"content":{"rendered":"<p>Le ministre de l&rsquo;Economie <strong>Bruno Le Maire<\/strong> a estim\u00e9 que la <strong>r\u00e9forme des retraites<\/strong> \u00e9tait \u00ab\u00a0absolument indispensable\u00a0\u00bb au moment o\u00f9 les partenaires sociaux refusent qu&rsquo;elle soit remise sur la table dans l&rsquo;imm\u00e9diat.<\/p>\n<p>\u00ab\u00a0La r\u00e9forme des retraites est absolument indispensable\u00a0\u00bb, a affirm\u00e9 M. Le Maire sur RTL.<\/p>\n<p>\u00ab\u00a0Je pense qu&rsquo;il est n\u00e9cessaire d&rsquo;aller au bout de cette r\u00e9forme des retraites. On voit bien d&rsquo;abord qu&rsquo;il y a un d\u00e9ficit, on voit bien que nous vivons tous plus longtemps, on voit bien que collectivement il faut que nous travaillions davantage et que c&rsquo;est une condition de redressement de la France\u00a0\u00bb, a-t-il ajout\u00e9.<\/p>\n<p>Le Premier ministre Jean Castex a affich\u00e9 sa d\u00e9termination \u00e0 traiter en particulier le sujet du d\u00e9ficit du syst\u00e8me actuel, tandis que la r\u00e9forme du syst\u00e8me, et donc des r\u00e9gimes sp\u00e9ciaux, interviendra dans un second temps.<\/p>\n<p>D&rsquo;apr\u00e8s une estimation provisoire du Conseil d&rsquo;orientation des retraites (COR), le d\u00e9ficit devrait approcher cette ann\u00e9e le niveau record de 30 milliards d&rsquo;euros, tr\u00e8s loin des 4 milliards attendus avant la crise.<\/p>\n<p>\u00ab\u00a0La m\u00e9thode du Premier ministre est une m\u00e9thode de dialogue, d&rsquo;\u00e9coute. Nous avons dit que ce ne serait pas la m\u00eame r\u00e9forme qui serait remise sur la table\u00a0\u00bb, a indiqu\u00e9 le ministre de l&rsquo;Economie.<\/p>\n<p>\u00ab\u00a0Il est question de s&rsquo;\u00e9couter et de trouver des solutions pour financer notre r\u00e9gime des retraites\u00a0\u00bb, a-t-il insist\u00e9. (AFP)<\/p>\n","protected":false},"excerpt":{"rendered":"<p>Le ministre de l&rsquo;Economie Bruno Le Maire a estim\u00e9 que la r\u00e9forme des retraites \u00e9tait \u00ab\u00a0absolument indispensable\u00a0\u00bb au moment o\u00f9 les partenaires sociaux refusent qu&rsquo;elle soit remise sur la table dans l&rsquo;imm\u00e9diat. \u00ab\u00a0La r\u00e9forme des retraites est absolument indispensable\u00a0\u00bb, a affirm\u00e9 M. Le Maire sur RTL. \u00ab\u00a0Je pense qu&rsquo;il est n\u00e9cessaire d&rsquo;aller au bout de [&hellip;]<\/p>\n","protected":false},"author":1,"featured_media":7264,"comment_status":"open","ping_status":"closed","sticky":false,"template":"","format":"standard","meta":{"footnotes":""},"categories":[30],"tags":[1189,932],"class_list":["post-7263","post","type-post","status-publish","format-standard","has-post-thumbnail","hentry","category-actualite","tag-economie","tag-retraites"],"aioseo_notices":[],"_links":{"self":[{"href":"https:\/\/www.culturalusa.com\/news\/wp-json\/wp\/v2\/posts\/7263","targetHints":{"allow":["GET"]}}],"collection":[{"href":"https:\/\/www.culturalusa.com\/news\/wp-json\/wp\/v2\/posts"}],"about":[{"href":"https:\/\/www.culturalusa.com\/news\/wp-json\/wp\/v2\/types\/post"}],"author":[{"embeddable":true,"href":"https:\/\/www.culturalusa.com\/news\/wp-json\/wp\/v2\/users\/1"}],"replies":[{"embeddable":true,"href":"https:\/\/www.culturalusa.com\/news\/wp-json\/wp\/v2\/comments?post=7263"}],"version-history":[{"count":0,"href":"https:\/\/www.culturalusa.com\/news\/wp-json\/wp\/v2\/posts\/7263\/revisions"}],"wp:featuredmedia":[{"embeddable":true,"href":"https:\/\/www.culturalusa.com\/news\/wp-json\/wp\/v2\/media\/7264"}],"wp:attachment":[{"href":"https:\/\/www.culturalusa.com\/news\/wp-json\/wp\/v2\/media?parent=7263"}],"wp:term":[{"taxonomy":"category","embeddable":true,"href":"https:\/\/www.culturalusa.com\/news\/wp-json\/wp\/v2\/categories?post=7263"},{"taxonomy":"post_tag","embeddable":true,"href":"https:\/\/www.culturalusa.com\/news\/wp-json\/wp\/v2\/tags?post=7263"}],"curies":[{"name":"wp","href":"https:\/\/api.w.org\/{rel}","templated":true}]}}