{"id":7270,"date":"2020-07-16T13:54:42","date_gmt":"2020-07-16T11:54:42","guid":{"rendered":"https:\/\/www.culturalusa.com\/news\/?p=7270"},"modified":"2020-09-24T14:22:14","modified_gmt":"2020-09-24T12:22:14","slug":"1er-aout-masque-obligatoire-questions-sur-le-delai-et-la-definition-des-lieux","status":"publish","type":"post","link":"https:\/\/www.culturalusa.com\/news\/actualite\/1er-aout-masque-obligatoire-questions-sur-le-delai-et-la-definition-des-lieux\/","title":{"rendered":"1er ao\u00fbt: Masque obligatoire, questions sur le d\u00e9lai et la d\u00e9finition des lieux"},"content":{"rendered":"<p>L&rsquo;annonce par Emmanuel Macron de l&rsquo;obligation de porter un masque dans les \u00ab\u00a0lieux publics clos\u00a0\u00bb \u00e0 partir du 1er ao\u00fbt r\u00e9jouit ceux qui plaidaient pour cette mesure, mais ils r\u00e9clament son application sans d\u00e9lai et y compris sur les lieux de travail.<\/p>\n<p>\u00ab\u00a0Attendre quinze jours de plus, c&rsquo;est trop\u00a0\u00bb, juge ainsi dans Le Parisien le psychiatre Antoine Pelissolo, auteur d&rsquo;une tribune appelant au port du masque obligatoire dans les lieux clos, parue samedi dans ce quotidien.<\/p>\n<p>\u00ab\u00a0On ne comprend pas vraiment la raison de ce report. Appliquer cette mesure est urgent. On sait qu&rsquo;\u00e0 tout moment, il peut y avoir une r\u00e9surgence de l&rsquo;\u00e9pid\u00e9mie. Le temps perdu est d\u00e9l\u00e9t\u00e8re\u00a0\u00bb, estime-t-il.<\/p>\n<p>Le pr\u00e9sident de la R\u00e9publique a dit souhaiter que \u00ab\u00a0dans les prochaines semaines on rende obligatoire le masque dans tous les lieux publics clos (&#8230;) par exemple \u00e0 partir du 1er ao\u00fbt\u00a0\u00bb, mardi lors de l&rsquo;interview du 14 juillet.<\/p>\n<p>\u00ab\u00a0Il faut du temps pour s&rsquo;approprier une nouvelle doctrine, et donc le rendre obligatoire dans un certain d\u00e9lai permet ce travail d&rsquo;appropriation\u00a0\u00bb par les Fran\u00e7ais, a argu\u00e9 mardi soir le ministre de la Sant\u00e9 Olivier V\u00e9ran.<\/p>\n<p>Il a \u00e9galement justifi\u00e9 ce d\u00e9lai par un n\u00e9cessaire \u00ab\u00a0travail de logistique\u00a0\u00bb. \u00ab\u00a0D&rsquo;o\u00f9 viennent les masques, comment s&rsquo;assurer que les Fran\u00e7ais en disposent? Nous devons pouvoir r\u00e9pondre \u00e0 ces questions, cela n\u00e9cessite d&rsquo;avoir quelques jours\u00a0\u00bb, a-t-il ajout\u00e9, lors d&rsquo;un point presse \u00e0 l&rsquo;issue d&rsquo;une visite \u00e0 l&rsquo;h\u00f4pital Henri-Mondor de Cr\u00e9teil (AP-HP).<\/p>\n<p>Autre question: que recouvre l&rsquo;expression de \u00ab\u00a0lieux publics clos\u00a0\u00bb utilis\u00e9e par le chef de l&rsquo;Etat, laquelle n&rsquo;est pas un terme juridique? Cette obligation s&rsquo;appliquera-t-elle seulement dans les \u00ab\u00a0\u00e9tablissements recevant du public\u00a0\u00bb ou \u00e0 l&rsquo;ensemble des lieux de travail?<\/p>\n<p>\u00ab\u00a0Il va y avoir un travail assez rapide de d\u00e9finition\u00a0\u00bb de la part du gouvernement pour savoir \u00ab\u00a0de quels lieux publics on parle, comment l&rsquo;obligation s&rsquo;applique\u00a0\u00bb, a assur\u00e9 mardi soir Gabriel Attal, le porte-parole du gouvernement, sur BFMTV.<\/p>\n<p>Selon la loi de sortie de l&rsquo;Etat d&rsquo;urgence sanitaire du 9 juillet, \u00ab\u00a0le Premier ministre peut, par d\u00e9cret pris sur le rapport du ministre charg\u00e9 de la Sant\u00e9, (&#8230;) r\u00e9glementer (&#8230;) les conditions d&rsquo;acc\u00e8s (&#8230;) d&rsquo;une ou de plusieurs cat\u00e9gories d&rsquo;\u00e9tablissements recevant du public ainsi que des lieux de r\u00e9union, \u00e0 l&rsquo;exception des locaux \u00e0 usage d&rsquo;habitation\u00a0\u00bb.<\/p>\n<p>A Saint-Ouen (Seine-Saint-Denis), o\u00f9 cette mesure est en vigueur depuis lundi, la mesure concerne \u00ab\u00a0tout \u00e9tablissement clos recevant du public, que son activit\u00e9 soit d&rsquo;ordre administratif ou commercial\u00a0\u00bb (commerces, mairie, services publics, parties communes des h\u00f4tels, etc.), a pr\u00e9cis\u00e9 la pr\u00e9fecture dans un communiqu\u00e9.<\/p>\n<p>Mais pour les m\u00e9decins signataires d&rsquo;une seconde tribune, mise en ligne dimanche par Lib\u00e9ration, il est \u00ab\u00a0indispensable\u00a0\u00bb que la mesure s&rsquo;applique aussi \u00ab\u00a0sur les lieux de travail\u00a0\u00bb.<\/p>\n<p>\u00ab\u00a0Le virus ne conna\u00eet en effet pas la subtilit\u00e9 des d\u00e9finitions administratives des lieux clos, il est le m\u00eame partout\u00a0\u00bb, estiment-ils, dans une r\u00e9action transmise \u00e0 l&rsquo;AFP, soulignant que selon Sant\u00e9 publique France, \u00ab\u00a0les locaux professionnels repr\u00e9sentent 25% des clusters en cours d&rsquo;investigation et pr\u00e8s de 20% des clusters r\u00e9cents\u00a0\u00bb. (AFP)<\/p>\n","protected":false},"excerpt":{"rendered":"<p>L&rsquo;annonce par Emmanuel Macron de l&rsquo;obligation de porter un masque dans les \u00ab\u00a0lieux publics clos\u00a0\u00bb \u00e0 partir du 1er ao\u00fbt r\u00e9jouit ceux qui plaidaient pour cette mesure, mais ils r\u00e9clament son application sans d\u00e9lai et y compris sur les lieux de travail. \u00ab\u00a0Attendre quinze jours de plus, c&rsquo;est trop\u00a0\u00bb, juge ainsi dans Le Parisien le [&hellip;]<\/p>\n","protected":false},"author":1,"featured_media":6905,"comment_status":"open","ping_status":"closed","sticky":false,"template":"","format":"standard","meta":{"footnotes":""},"categories":[30],"tags":[1313],"class_list":["post-7270","post","type-post","status-publish","format-standard","has-post-thumbnail","hentry","category-actualite","tag-masque-obligatoire"],"aioseo_notices":[],"_links":{"self":[{"href":"https:\/\/www.culturalusa.com\/news\/wp-json\/wp\/v2\/posts\/7270","targetHints":{"allow":["GET"]}}],"collection":[{"href":"https:\/\/www.culturalusa.com\/news\/wp-json\/wp\/v2\/posts"}],"about":[{"href":"https:\/\/www.culturalusa.com\/news\/wp-json\/wp\/v2\/types\/post"}],"author":[{"embeddable":true,"href":"https:\/\/www.culturalusa.com\/news\/wp-json\/wp\/v2\/users\/1"}],"replies":[{"embeddable":true,"href":"https:\/\/www.culturalusa.com\/news\/wp-json\/wp\/v2\/comments?post=7270"}],"version-history":[{"count":0,"href":"https:\/\/www.culturalusa.com\/news\/wp-json\/wp\/v2\/posts\/7270\/revisions"}],"wp:featuredmedia":[{"embeddable":true,"href":"https:\/\/www.culturalusa.com\/news\/wp-json\/wp\/v2\/media\/6905"}],"wp:attachment":[{"href":"https:\/\/www.culturalusa.com\/news\/wp-json\/wp\/v2\/media?parent=7270"}],"wp:term":[{"taxonomy":"category","embeddable":true,"href":"https:\/\/www.culturalusa.com\/news\/wp-json\/wp\/v2\/categories?post=7270"},{"taxonomy":"post_tag","embeddable":true,"href":"https:\/\/www.culturalusa.com\/news\/wp-json\/wp\/v2\/tags?post=7270"}],"curies":[{"name":"wp","href":"https:\/\/api.w.org\/{rel}","templated":true}]}}