{"id":7277,"date":"2020-07-16T15:19:55","date_gmt":"2020-07-16T13:19:55","guid":{"rendered":"https:\/\/www.culturalusa.com\/news\/?p=7277"},"modified":"2020-09-24T14:21:32","modified_gmt":"2020-09-24T12:21:32","slug":"la-societe-edp-energias-de-portugal-est-accusee-dans-laffaire-impliquant-artur-trindade","status":"publish","type":"post","link":"https:\/\/www.culturalusa.com\/news\/portugal\/la-societe-edp-energias-de-portugal-est-accusee-dans-laffaire-impliquant-artur-trindade\/","title":{"rendered":"La soci\u00e9t\u00e9 EDP (Energias de Portugal) est accus\u00e9e dans l&rsquo;affaire impliquant Artur Trindade"},"content":{"rendered":"<p>EDP \u200b\u200ba d\u00e9j\u00e0 \u00e9t\u00e9 inform\u00e9 de sa constitution en tant que d\u00e9fendeur dans une affaire de corruption, dans le cadre de l&rsquo;affaire impliquant l&rsquo;ancien secr\u00e9taire d&rsquo;\u00c9tat \u00e0 l&rsquo;\u00c9nergie Artur Trindade, a confirm\u00e9 \u00e0 l&rsquo;Agence Lusa une source officielle de la compagnie d&rsquo;\u00e9lectricit\u00e9.<\/p>\n<blockquote><p><strong><a href=\"https:\/\/www.culturalusa.net\/news\/politica\/edp-empresa-constituida-arguida-no-caso-que-envolve-artur-trindade\/\">En cause, des avantages all\u00e9gu\u00e9s pour EDP de 1,2 milliard d&rsquo;euros<\/a>.<\/strong><\/p><\/blockquote>\n<p>La nouvelle que la soci\u00e9t\u00e9 et l&rsquo;ancien gouverneur et actuel pr\u00e9sident de l&rsquo;OMIP (op\u00e9rateur du march\u00e9 ib\u00e9rique) seraient constitu\u00e9s en tant que d\u00e9fendeurs a \u00e9t\u00e9 annonc\u00e9e aujourd&rsquo;hui par RTP.<\/p>\n<p>Le nom d&rsquo;Artur Trindade est mentionn\u00e9 \u00e0 plusieurs reprises dans l&rsquo;ordonnance sign\u00e9e par le juge Carlos Alexandre qui dicte plusieurs mesures coercitives \u00e0 Ant\u00f3nio Mexia et Jo\u00e3o Manso Neto (qui \u00e9taient jusqu&rsquo;\u00e0 r\u00e9cemment pr\u00e9sidents d&rsquo;EDP et d&rsquo;EDP Renov\u00e1veis) et Jo\u00e3o Concei\u00e7\u00e3o, administrateur de REN.<\/p>\n<p>EDP \u200b\u200bn&rsquo;a \u00e9t\u00e9 constitu\u00e9 accus\u00e9 que par rapport \u00e0 Artur Trindade et non aux autres faits qui ont dict\u00e9, entre autres mesures, la suspension de Mexia et Manso Neto des fonctions.<\/p>\n<p>En cause: des irr\u00e9gularit\u00e9s pr\u00e9sum\u00e9es dans l&#8217;embauche du p\u00e8re d&rsquo;Artur Trindade par l&rsquo;entreprise, ainsi que l&rsquo;entr\u00e9e de l&rsquo;ancien gouverneur \u00e0 l&rsquo;OMIP.<\/p>\n<p>Dans ce processus, qui enqu\u00eate sur les soup\u00e7ons de corruption active et de participation \u00e9conomique aux affaires, li\u00e9s aux proc\u00e9dures d&rsquo;introduction dans le secteur national de l&rsquo;\u00e9lectricit\u00e9 des co\u00fbts de maintien de l&rsquo;\u00e9quilibre contractuel (CMEC), entre autres faits signal\u00e9s par le minist\u00e8re public, <strong>Mexia et Manso Neto, Manuel Pinho, Ricardo Salgado et Jo\u00e3o Concei\u00e7\u00e3o et Rui Cartaxo<\/strong>, entre autres.<\/p>\n","protected":false},"excerpt":{"rendered":"<p>EDP \u200b\u200ba d\u00e9j\u00e0 \u00e9t\u00e9 inform\u00e9 de sa constitution en tant que d\u00e9fendeur dans une affaire de corruption, dans le cadre de l&rsquo;affaire impliquant l&rsquo;ancien secr\u00e9taire d&rsquo;\u00c9tat \u00e0 l&rsquo;\u00c9nergie Artur Trindade, a confirm\u00e9 \u00e0 l&rsquo;Agence Lusa une source officielle de la compagnie d&rsquo;\u00e9lectricit\u00e9. En cause, des avantages all\u00e9gu\u00e9s pour EDP de 1,2 milliard d&rsquo;euros. La nouvelle [&hellip;]<\/p>\n","protected":false},"author":1,"featured_media":7278,"comment_status":"open","ping_status":"closed","sticky":false,"template":"","format":"standard","meta":{"footnotes":""},"categories":[3],"tags":[668,1316],"class_list":["post-7277","post","type-post","status-publish","format-standard","has-post-thumbnail","hentry","category-portugal","tag-edp","tag-energias-de-portugal"],"aioseo_notices":[],"_links":{"self":[{"href":"https:\/\/www.culturalusa.com\/news\/wp-json\/wp\/v2\/posts\/7277","targetHints":{"allow":["GET"]}}],"collection":[{"href":"https:\/\/www.culturalusa.com\/news\/wp-json\/wp\/v2\/posts"}],"about":[{"href":"https:\/\/www.culturalusa.com\/news\/wp-json\/wp\/v2\/types\/post"}],"author":[{"embeddable":true,"href":"https:\/\/www.culturalusa.com\/news\/wp-json\/wp\/v2\/users\/1"}],"replies":[{"embeddable":true,"href":"https:\/\/www.culturalusa.com\/news\/wp-json\/wp\/v2\/comments?post=7277"}],"version-history":[{"count":0,"href":"https:\/\/www.culturalusa.com\/news\/wp-json\/wp\/v2\/posts\/7277\/revisions"}],"wp:featuredmedia":[{"embeddable":true,"href":"https:\/\/www.culturalusa.com\/news\/wp-json\/wp\/v2\/media\/7278"}],"wp:attachment":[{"href":"https:\/\/www.culturalusa.com\/news\/wp-json\/wp\/v2\/media?parent=7277"}],"wp:term":[{"taxonomy":"category","embeddable":true,"href":"https:\/\/www.culturalusa.com\/news\/wp-json\/wp\/v2\/categories?post=7277"},{"taxonomy":"post_tag","embeddable":true,"href":"https:\/\/www.culturalusa.com\/news\/wp-json\/wp\/v2\/tags?post=7277"}],"curies":[{"name":"wp","href":"https:\/\/api.w.org\/{rel}","templated":true}]}}