{"id":7284,"date":"2020-07-22T00:05:31","date_gmt":"2020-07-21T22:05:31","guid":{"rendered":"https:\/\/www.culturalusa.com\/news\/?p=7284"},"modified":"2020-09-24T14:21:08","modified_gmt":"2020-09-24T12:21:08","slug":"emmanuel-macron-salue-le-moment-le-plus-important-depuis-la-creation-de-leuro","status":"publish","type":"post","link":"https:\/\/www.culturalusa.com\/news\/actualite\/emmanuel-macron-salue-le-moment-le-plus-important-depuis-la-creation-de-leuro\/","title":{"rendered":"Emmanuel Macron salue \u00ab\u00a0le moment le plus important depuis la cr\u00e9ation de l&rsquo;euro\u00a0\u00bb"},"content":{"rendered":"<p>L&rsquo;accord conclu sur le plan de relance est pour l&rsquo;Union europ\u00e9enne \u00ab\u00a0le moment le plus important depuis la cr\u00e9ation de l&rsquo;euro\u00a0\u00bb, a d\u00e9clar\u00e9 mardi Emmanuel Macron, quelques heures apr\u00e8s la fin du sommet de Bruxelles.<\/p>\n<p>Cet accord d&rsquo;un montant de 750 milliards d&rsquo;euros, conclu mardi \u00e0 l&rsquo;aube, est le fruit d&rsquo;un \u00ab\u00a0travail de trois ans entre la France et l&rsquo;Allemagne\u00a0\u00bb, a-t-il ajout\u00e9 au journal de 20H de TF1.<\/p>\n<p>\u00ab\u00a0Je veux que nos concitoyens mesurent l&rsquo;importance de ce qui s&rsquo;est pass\u00e9 pendant ces quatre jours et quatre nuits\u00a0\u00bb, a insist\u00e9 le chef de l&rsquo;Etat. \u00ab\u00a0C&rsquo;est le projet sur lequel les Francais m&rsquo;ont fait confiance, que j&rsquo;ai pr\u00e9sent\u00e9 en septembre 2017 \u00e0 La Sorbonne. Nous nous sommes battus (&#8230;) C&rsquo;est le moment le plus important de la vie de notre Europe depuis la cr\u00e9ation de l&rsquo;euro\u00a0\u00bb, entr\u00e9 en circulation le 1er janvier 2002.<\/p>\n<p>Emmanuel Macron a confirm\u00e9 que la France allait toucher \u00ab\u00a040 milliards d&rsquo;euros sur ce plan de relance\u00a0\u00bb et sera \u00ab\u00a0le 3\u00e8me b\u00e9n\u00e9ficiaire en Europe\u00a0\u00bb, apr\u00e8s l&rsquo;Italie et l&rsquo;Espagne. <\/p>\n<p>Cela \u00ab\u00a0correspond \u00e0 40 % des d\u00e9penses\u00a0\u00bb du plan de relance fran\u00e7ais \u00e9valu\u00e9 \u00e0 100 milliards, ce qui \u00ab\u00a0veut dire que cet argent viendra de l&rsquo;Europe sur notre budget sans que nous ayons besoin de le financer, ni par notre propre endettement ni par nos imp\u00f4ts\u00a0\u00bb, a-t-il d\u00e9taill\u00e9.<\/p>\n<p>Le plan de relance fran\u00e7ais, qui sera pr\u00e9sent\u00e9 le 24 ao\u00fbt, servira \u00e0 \u00ab\u00a0financer l&#8217;emploi des jeunes\u00a0\u00bb, \u00ab\u00a0nos petites et moyennes entreprises, nos artisans, nos commer\u00e7ants\u00a0\u00bb, \u00ab\u00a0le tourisme mais aussi la r\u00e9novation thermique des b\u00e2timents\u00a0\u00bb, \u00ab\u00a0l&rsquo;hydrog\u00e8ne, les batteries \u00e9lectriques&#8230; tout ce qui va nous permettre de cr\u00e9er de l&#8217;emploi\u00a0\u00bb, a-t-il \u00e9num\u00e9r\u00e9.<\/p>\n<p>Le chef de l&rsquo;Etat a affirm\u00e9 que \u00ab\u00a0ce n&rsquo;est pas le contribuable fran\u00e7ais\u00a0\u00bb qui \u00ab\u00a0paiera\u00a0\u00bb le plan de relance, \u00ab\u00a0parce que nous nous sommes engag\u00e9s \u00e0 cr\u00e9er de nouvelles ressources propres\u00a0\u00bb.<\/p>\n<p>Il s&rsquo;agit, a-t-il expliqu\u00e9, de \u00ab\u00a0pouvoir, au niveau europ\u00e9en, lever un imp\u00f4t sur les grandes entreprises et les acteurs internationaux qui ne jouent pas le jeu de nos politiques\u00a0\u00bb. <\/p>\n<p>A la taxe sur le plastique, \u00ab\u00a0une premi\u00e8re ressource propre\u00a0\u00bb, il souhaite que s&rsquo;ajoute \u00ab\u00a0une taxe num\u00e9rique pour les grands acteurs internationaux du num\u00e9rique qui aujourd&rsquo;hui ne payent pas d&rsquo;imp\u00f4ts\u00a0\u00bb.<\/p>\n<p>La deuxi\u00e8me piste est l&rsquo;installation d&rsquo;un \u00ab\u00a0m\u00e9canisme carbone aux fronti\u00e8res\u00a0\u00bb, a-t-il ajout\u00e9 en citant l&rsquo;exemple de l&rsquo;acier import\u00e9 en Europe. \u00ab\u00a0Lorsque nous importons de l&rsquo;acier qui vient du bout du monde, qui est fait dans des conditions beaucoup moins vertueuses (qu&rsquo;en Europe), il faut pouvoir mettre \u00e0 nos fronti\u00e8res une taxe qui \u00e9vite une concurrence d\u00e9loyale\u00a0\u00bb de \u00ab\u00a0cet acier qui viendrait d&rsquo;Inde, de Chine ou d&rsquo;ailleurs\u00a0\u00bb.<\/p>\n<p>\u00ab\u00a0Cet imp\u00f4t europ\u00e9en que nous allons b\u00e2tir ensemble permettra de rembourser cette dette que nous contractons\u00a0\u00bb, a affirm\u00e9 Emmanuel Macron. (AFP)<\/p>\n","protected":false},"excerpt":{"rendered":"<p>L&rsquo;accord conclu sur le plan de relance est pour l&rsquo;Union europ\u00e9enne \u00ab\u00a0le moment le plus important depuis la cr\u00e9ation de l&rsquo;euro\u00a0\u00bb, a d\u00e9clar\u00e9 mardi Emmanuel Macron, quelques heures apr\u00e8s la fin du sommet de Bruxelles. Cet accord d&rsquo;un montant de 750 milliards d&rsquo;euros, conclu mardi \u00e0 l&rsquo;aube, est le fruit d&rsquo;un \u00ab\u00a0travail de trois ans [&hellip;]<\/p>\n","protected":false},"author":1,"featured_media":7285,"comment_status":"open","ping_status":"closed","sticky":false,"template":"","format":"standard","meta":{"footnotes":""},"categories":[30],"tags":[1317,173],"class_list":["post-7284","post","type-post","status-publish","format-standard","has-post-thumbnail","hentry","category-actualite","tag-relance-ue","tag-union-europeenne"],"aioseo_notices":[],"_links":{"self":[{"href":"https:\/\/www.culturalusa.com\/news\/wp-json\/wp\/v2\/posts\/7284","targetHints":{"allow":["GET"]}}],"collection":[{"href":"https:\/\/www.culturalusa.com\/news\/wp-json\/wp\/v2\/posts"}],"about":[{"href":"https:\/\/www.culturalusa.com\/news\/wp-json\/wp\/v2\/types\/post"}],"author":[{"embeddable":true,"href":"https:\/\/www.culturalusa.com\/news\/wp-json\/wp\/v2\/users\/1"}],"replies":[{"embeddable":true,"href":"https:\/\/www.culturalusa.com\/news\/wp-json\/wp\/v2\/comments?post=7284"}],"version-history":[{"count":0,"href":"https:\/\/www.culturalusa.com\/news\/wp-json\/wp\/v2\/posts\/7284\/revisions"}],"wp:featuredmedia":[{"embeddable":true,"href":"https:\/\/www.culturalusa.com\/news\/wp-json\/wp\/v2\/media\/7285"}],"wp:attachment":[{"href":"https:\/\/www.culturalusa.com\/news\/wp-json\/wp\/v2\/media?parent=7284"}],"wp:term":[{"taxonomy":"category","embeddable":true,"href":"https:\/\/www.culturalusa.com\/news\/wp-json\/wp\/v2\/categories?post=7284"},{"taxonomy":"post_tag","embeddable":true,"href":"https:\/\/www.culturalusa.com\/news\/wp-json\/wp\/v2\/tags?post=7284"}],"curies":[{"name":"wp","href":"https:\/\/api.w.org\/{rel}","templated":true}]}}