{"id":7301,"date":"2020-07-29T00:41:48","date_gmt":"2020-07-28T22:41:48","guid":{"rendered":"https:\/\/www.culturalusa.com\/news\/?p=7301"},"modified":"2020-09-24T14:19:54","modified_gmt":"2020-09-24T12:19:54","slug":"covid-19-les-restrictions-se-multiplient-la-pandemie-saigne-a-blanc-le-tourisme-mondial","status":"publish","type":"post","link":"https:\/\/www.culturalusa.com\/news\/actualite\/covid-19-les-restrictions-se-multiplient-la-pandemie-saigne-a-blanc-le-tourisme-mondial\/","title":{"rendered":"Covid-19: les restrictions se multiplient, la pand\u00e9mie saigne \u00e0 blanc le tourisme mondial"},"content":{"rendered":"<p><strong>Restrictions de voyage en Europe<\/strong>, \u00ab\u00a0bulle de contact\u00a0\u00bb r\u00e9tr\u00e9cie en Belgique, plages ferm\u00e9es le soir en France, d\u00e9placements restreints au Maroc : de nombreux pays durcissent leurs mesures sanitaires pour tenter de freiner la pand\u00e9mie, qui <strong>a co\u00fbt\u00e9 depuis janvier 320 milliards de dollars au tourisme mondial<\/strong>.<\/p>\n<p>Face \u00e0 une \u00e9pid\u00e9mie qui semblait avoir \u00e9t\u00e9 ma\u00eetris\u00e9e gr\u00e2ce \u00e0 l&rsquo;instauration de confinements stricts au printemps, les craintes sont vives de voir appara\u00eetre une seconde vague aux enjeux \u00e9conomiques et soci\u00e9taux potentiellement d\u00e9sastreux.<\/p>\n<p>L&rsquo;Organisation mondiale du tourisme (OMT) a estim\u00e9 mardi que la pand\u00e9mie avait d\u00e9j\u00e0 co\u00fbt\u00e9, de janvier \u00e0 mai, 320 milliards de dollars au secteur touristique.<\/p>\n<p>Sur cette p\u00e9riode, le nombre des touristes internationaux a chut\u00e9 de 56 % par rapport \u00e0 la m\u00eame p\u00e9riode en 2019, ce qui repr\u00e9sente 300 millions de visiteurs en moins.<\/p>\n<p>L&rsquo;OMT table sur une chute de 60 \u00e0 80 % du nombre des touristes internationaux pour l&rsquo;ann\u00e9e 2020, avec des pertes pouvant atteindre au total 910 \u00e0 1.200 milliards de dollars et \u00ab\u00a0la mise en danger de 100 \u00e0 120 millions d&#8217;emplois directs dans le tourisme\u00a0\u00bb.<\/p>\n<p><strong>Grandes inqui\u00e9tudes<\/strong><\/p>\n<p>De son c\u00f4t\u00e9, l&rsquo;Association internationale du transport a\u00e9rien (Iata) a estim\u00e9 que le trafic a\u00e9rien mondial ne retrouverait pas son niveau d&rsquo;avant-crise avant 2024, en raison notamment des incertitudes sur les ouvertures des fronti\u00e8res qui p\u00e8sent sur les voyages internationaux.<\/p>\n<p>L&rsquo;Institut allemand d&rsquo;\u00e9pid\u00e9miologie et de veille sanitaire Robert-Koch (RKI) s&rsquo;est alarm\u00e9 mardi de l&rsquo;augmentation des nouvelles infections de cas de Covid-19 dans le pays depuis plusieurs jours, source de \u00ab\u00a0grandes inqui\u00e9tudes\u00a0\u00bb.<\/p>\n<p>Evoquant une recrudescence \u00ab\u00a0pr\u00e9occupante\u00a0\u00bb des cas, la Belgique, l&rsquo;un des pays qui compte le plus de morts du Covid-19 par rapport \u00e0 sa population (85 pour 100.000 habitants), a annonc\u00e9 pour sa part un nouveau durcissement des mesures.<\/p>\n<p>A partir de mercredi, le nombre de personnes que les Belges sont autoris\u00e9s \u00e0 voir de fa\u00e7on rapproch\u00e9e et r\u00e9guli\u00e8re dans le cadre de leur \u00ab\u00a0bulle de contact\u00a0\u00bb sera abaiss\u00e9 de 15 \u00e0 5 personnes, par foyer, pour les quatre prochaines semaines.<\/p>\n<p>\u00ab\u00a0Prendre ces mesures difficiles&#8230; n&rsquo;est pas un choix facile. C&rsquo;est surtout un devoir\u00a0\u00bb, a soulign\u00e9 la Premi\u00e8re ministre belge Sophie Wilm\u00e8s.<\/p>\n<p>Egalement inqui\u00e8tes d&rsquo;un rebond des contaminations, les autorit\u00e9s fran\u00e7aises ont ordonn\u00e9 lundi la fermeture de lieux de rassemblement comme les plages, les parcs et les jardins publics la nuit dans la ville touristique de Quiberon, sur l&rsquo;Atlantique.<\/p>\n<p>Le port du masque a \u00e9t\u00e9 rendu obligatoire dans les rues fr\u00e9quent\u00e9es du centre-ville et sur les march\u00e9s, les autorit\u00e9s locales \u00e9voquant un \u00ab\u00a0cluster sanitaire \u00e0 risque de fort potentiel de transmission\u00a0\u00bb.<\/p>\n<p>En Allemagne, les autorit\u00e9s vont imposer des tests de d\u00e9pistage aux voyageurs revenant de r\u00e9gions \u00e0 risques. Comme elles ont d\u00e9conseill\u00e9 les voyages non essentiels vers les r\u00e9gions espagnoles d&rsquo;Aragon, de Catalogne et de Navarre en raison du \u00ab\u00a0nombre \u00e9lev\u00e9 d&rsquo;infections\u00a0\u00bb de coronavirus.<\/p>\n<p><strong>\u00ab\u00a0Un pays s\u00fbr\u00a0\u00bb<\/strong><\/p>\n<p>Quant \u00e0 la Grande-Bretagne, elle soumet depuis dimanche les passagers en provenance d&rsquo;Espagne, deuxi\u00e8me destination touristique mondiale derri\u00e8re la France, \u00e0 une p\u00e9riode d&rsquo;isolement. Une mesure critiqu\u00e9e par Madrid, qui tablait sur la saison touristique et a ripost\u00e9 en assurant \u00eatre un \u00ab\u00a0pays s\u00fbr\u00a0\u00bb.<\/p>\n<p>Dans la r\u00e9gion de Madrid, l&rsquo;obligation du port du masque a \u00e9t\u00e9 renforc\u00e9e, et les rassemblements ont \u00e9t\u00e9 limit\u00e9s \u00e0 dix personnes.<\/p>\n<p>\u00ab\u00a0La cl\u00e9 est d\u00e9sormais de ne pas \u00e0 avoir \u00e0 nous confiner de nouveau\u00a0\u00bb, a d\u00e9clar\u00e9 la pr\u00e9sidente de la r\u00e9gion de Madrid, Isabel Diaz Ayuso.<\/p>\n<p>La maladie a d\u00e9j\u00e0 fait 654.477 morts, selon le dernier bilan \u00e9tabli par l&rsquo;AFP mardi. Les Etats-Unis restent le pays le plus endeuill\u00e9 (148.056 d\u00e9c\u00e8s) devant le Br\u00e9sil (87.618), le Royaume-Uni (45.759), le Mexique (44.022) et l&rsquo;Italie (35.112).<\/p>\n<p>L&rsquo;administration am\u00e9ricaine a de son c\u00f4t\u00e9 annonc\u00e9 la contamination du conseiller \u00e0 la s\u00e9curit\u00e9 nationale Robert O&rsquo;Brien, l&rsquo;un des hommes les plus souvent en contact avec le pr\u00e9sident Trump.<\/p>\n<p>L&rsquo;Organisation mondiale de la sant\u00e9 (OMS) s&rsquo;est dite mardi \u00ab\u00a0pr\u00e9occup\u00e9e\u00a0\u00bb par la progression de la maladie en Afrique. Le pic de la pand\u00e9mie est \u00e0 venir sur ce continent, a indiqu\u00e9 \u00e0 l&rsquo;AFP Mary Stephens, experte du bureau r\u00e9gional de l&rsquo;OMS en Afrique.<\/p>\n<p><strong>Le virus aime toutes les saisons<\/strong><\/p>\n<p>Selon les chiffres compil\u00e9s par l&rsquo;AFP, quelque 860.000 cas ont \u00e9t\u00e9 enregistr\u00e9s sur l&rsquo;ensemble du continent, avec au moins 18.000 d\u00e9c\u00e8s.<\/p>\n<p>L&rsquo;OMS a \u00e9galement indiqu\u00e9 que le coronavirus n&rsquo;\u00e9tait sans doute pas saisonnier, contrairement \u00e0 d&rsquo;autres virus respiratoires. Ce virus \u00ab\u00a0aime toutes les saisons\u00a0\u00bb, a comment\u00e9 un expert de l&rsquo;Organisation.<\/p>\n<p>Au Maroc, la d\u00e9cision subite du gouvernement d&rsquo;introduire de s\u00e9v\u00e8res restrictions de d\u00e9placements dimanche soir face au risque de propagation du coronavirus, a provoqu\u00e9 des sc\u00e8nes de chaos.<\/p>\n<p>Les Nations Unies ont par ailleurs publi\u00e9 mardi une \u00e9tude selon laquelle pr\u00e8s de 7 millions d&rsquo;enfants suppl\u00e9mentaires dans le monde pourraient souffrir des effets de la malnutrition \u00e0 cause de la crise \u00e9conomique et sociale caus\u00e9e par la pand\u00e9mie. (AFP)<\/p>\n","protected":false},"excerpt":{"rendered":"<p>Restrictions de voyage en Europe, \u00ab\u00a0bulle de contact\u00a0\u00bb r\u00e9tr\u00e9cie en Belgique, plages ferm\u00e9es le soir en France, d\u00e9placements restreints au Maroc : de nombreux pays durcissent leurs mesures sanitaires pour tenter de freiner la pand\u00e9mie, qui a co\u00fbt\u00e9 depuis janvier 320 milliards de dollars au tourisme mondial. Face \u00e0 une \u00e9pid\u00e9mie qui semblait avoir \u00e9t\u00e9 [&hellip;]<\/p>\n","protected":false},"author":1,"featured_media":7302,"comment_status":"open","ping_status":"closed","sticky":false,"template":"","format":"standard","meta":{"footnotes":""},"categories":[30],"tags":[],"class_list":["post-7301","post","type-post","status-publish","format-standard","has-post-thumbnail","hentry","category-actualite"],"aioseo_notices":[],"_links":{"self":[{"href":"https:\/\/www.culturalusa.com\/news\/wp-json\/wp\/v2\/posts\/7301","targetHints":{"allow":["GET"]}}],"collection":[{"href":"https:\/\/www.culturalusa.com\/news\/wp-json\/wp\/v2\/posts"}],"about":[{"href":"https:\/\/www.culturalusa.com\/news\/wp-json\/wp\/v2\/types\/post"}],"author":[{"embeddable":true,"href":"https:\/\/www.culturalusa.com\/news\/wp-json\/wp\/v2\/users\/1"}],"replies":[{"embeddable":true,"href":"https:\/\/www.culturalusa.com\/news\/wp-json\/wp\/v2\/comments?post=7301"}],"version-history":[{"count":0,"href":"https:\/\/www.culturalusa.com\/news\/wp-json\/wp\/v2\/posts\/7301\/revisions"}],"wp:featuredmedia":[{"embeddable":true,"href":"https:\/\/www.culturalusa.com\/news\/wp-json\/wp\/v2\/media\/7302"}],"wp:attachment":[{"href":"https:\/\/www.culturalusa.com\/news\/wp-json\/wp\/v2\/media?parent=7301"}],"wp:term":[{"taxonomy":"category","embeddable":true,"href":"https:\/\/www.culturalusa.com\/news\/wp-json\/wp\/v2\/categories?post=7301"},{"taxonomy":"post_tag","embeddable":true,"href":"https:\/\/www.culturalusa.com\/news\/wp-json\/wp\/v2\/tags?post=7301"}],"curies":[{"name":"wp","href":"https:\/\/api.w.org\/{rel}","templated":true}]}}