{"id":7315,"date":"2020-08-06T01:01:40","date_gmt":"2020-08-05T23:01:40","guid":{"rendered":"https:\/\/www.culturalusa.com\/news\/?p=7315"},"modified":"2020-09-24T14:18:43","modified_gmt":"2020-09-24T12:18:43","slug":"viticulture-jean-castex-annonce-80-millions-deuros-daides-supplementaires","status":"publish","type":"post","link":"https:\/\/www.culturalusa.com\/news\/economie\/viticulture-jean-castex-annonce-80-millions-deuros-daides-supplementaires\/","title":{"rendered":"Viticulture: Jean Castex annonce 80 millions d&rsquo;euros d&rsquo;aides suppl\u00e9mentaires"},"content":{"rendered":"<p>Jean Castex a annonc\u00e9 une enveloppe suppl\u00e9mentaire de 80 millions d&rsquo;euros pour soutenir les viticulteurs, durement frapp\u00e9s par les cons\u00e9quences de la crise du coronavirus, lors d&rsquo;une visite \u00e0 Sancerre.<\/p>\n<p>Cette enveloppe s&rsquo;ajoute au plan d&rsquo;aides de 170 millions d&rsquo;euros d\u00e9bloqu\u00e9 en mai par le pr\u00e9c\u00e9dent gouvernement. \u00ab\u00a0J&rsquo;ai demand\u00e9 \u00e0 ce que ces aides puissent \u00eatre distribu\u00e9es le plus rapidement possible car les besoins en tr\u00e9sorerie (&#8230;) sont forts\u00a0\u00bb, a ajout\u00e9 le Premier ministre.<\/p>\n<p>Sans entrer dans le d\u00e9tail, M. Castex a pr\u00e9cis\u00e9 que ces aides seraient destin\u00e9es \u00e0 am\u00e9liorer le stockage des surplus et accro\u00eetre la distillation des invendus.<\/p>\n<p>\u00ab\u00a0Dans tous les cas, nous avons fait le choix \u00e9videmment de permettre \u00e0 ces entreprises de passer cette crise dans les meilleures conditions possibles\u00a0\u00bb, a assur\u00e9 M. Castex, qui venait d&rsquo;\u00e9changer avec des professionnels locaux \u00e0 la maison des vins de Sancerre.<\/p>\n<p>Le Premier ministre s&rsquo;\u00e9tait rendu auparavant dans un autre domaine du Cher, sur une exploitation bio \u00e0 Menetou-Salon.<\/p>\n<p>\u00ab\u00a0La qualit\u00e9, la qualit\u00e9, la qualit\u00e9, c&rsquo;est \u00e7a qui est le fer de lance de notre viticulture, il faut encourager la qualit\u00e9\u00a0\u00bb, a plaid\u00e9 M. Castex.<\/p>\n<p>\u00ab\u00a0Il faut encourager les politiques de fili\u00e8re pour se pr\u00e9parer \u00e0 cette transition environnementale\u00a0\u00bb, a-t-il aussi soulign\u00e9 en promettant un \u00ab\u00a0accompagnement de l&rsquo;Etat\u00a0\u00bb.<\/p>\n<p>Au total, les viticulteurs estiment que la crise sanitaire a engendr\u00e9 un manque \u00e0 gagner d&rsquo;au moins 1,5 milliard d&rsquo;euros en raison de la mise \u00e0 l&rsquo;arr\u00eat des bars, restaurants, rassemblement festifs et du tourisme.<\/p>\n<p>A la crise du nouveau coronavirus s&rsquo;ajoute aussi l&rsquo;effet des sanctions am\u00e9ricaines prononc\u00e9es fin 2019 sur les vins de moins de 14 degr\u00e9s (hors vins \u00e0 bulles), en repr\u00e9sailles \u00e0 un diff\u00e9rend commercial entre Airbus et Boeing. (AFP)<\/p>\n","protected":false},"excerpt":{"rendered":"<p>Jean Castex a annonc\u00e9 une enveloppe suppl\u00e9mentaire de 80 millions d&rsquo;euros pour soutenir les viticulteurs, durement frapp\u00e9s par les cons\u00e9quences de la crise du coronavirus, lors d&rsquo;une visite \u00e0 Sancerre. Cette enveloppe s&rsquo;ajoute au plan d&rsquo;aides de 170 millions d&rsquo;euros d\u00e9bloqu\u00e9 en mai par le pr\u00e9c\u00e9dent gouvernement. \u00ab\u00a0J&rsquo;ai demand\u00e9 \u00e0 ce que ces aides puissent [&hellip;]<\/p>\n","protected":false},"author":1,"featured_media":7316,"comment_status":"open","ping_status":"closed","sticky":false,"template":"","format":"standard","meta":{"footnotes":""},"categories":[1],"tags":[1303,1323],"class_list":["post-7315","post","type-post","status-publish","format-standard","has-post-thumbnail","hentry","category-economie","tag-jean-castex","tag-viticulture"],"aioseo_notices":[],"_links":{"self":[{"href":"https:\/\/www.culturalusa.com\/news\/wp-json\/wp\/v2\/posts\/7315","targetHints":{"allow":["GET"]}}],"collection":[{"href":"https:\/\/www.culturalusa.com\/news\/wp-json\/wp\/v2\/posts"}],"about":[{"href":"https:\/\/www.culturalusa.com\/news\/wp-json\/wp\/v2\/types\/post"}],"author":[{"embeddable":true,"href":"https:\/\/www.culturalusa.com\/news\/wp-json\/wp\/v2\/users\/1"}],"replies":[{"embeddable":true,"href":"https:\/\/www.culturalusa.com\/news\/wp-json\/wp\/v2\/comments?post=7315"}],"version-history":[{"count":0,"href":"https:\/\/www.culturalusa.com\/news\/wp-json\/wp\/v2\/posts\/7315\/revisions"}],"wp:featuredmedia":[{"embeddable":true,"href":"https:\/\/www.culturalusa.com\/news\/wp-json\/wp\/v2\/media\/7316"}],"wp:attachment":[{"href":"https:\/\/www.culturalusa.com\/news\/wp-json\/wp\/v2\/media?parent=7315"}],"wp:term":[{"taxonomy":"category","embeddable":true,"href":"https:\/\/www.culturalusa.com\/news\/wp-json\/wp\/v2\/categories?post=7315"},{"taxonomy":"post_tag","embeddable":true,"href":"https:\/\/www.culturalusa.com\/news\/wp-json\/wp\/v2\/tags?post=7315"}],"curies":[{"name":"wp","href":"https:\/\/api.w.org\/{rel}","templated":true}]}}