{"id":7324,"date":"2020-08-11T00:32:19","date_gmt":"2020-08-10T22:32:19","guid":{"rendered":"https:\/\/www.culturalusa.com\/news\/?p=7324"},"modified":"2020-09-24T14:17:42","modified_gmt":"2020-09-24T12:17:42","slug":"etats-unis-facebook-amazon-netflix-et-autres-se-mobilisent-contre-le-gel-des-visas","status":"publish","type":"post","link":"https:\/\/www.culturalusa.com\/news\/economie\/etats-unis-facebook-amazon-netflix-et-autres-se-mobilisent-contre-le-gel-des-visas\/","title":{"rendered":"Etats-Unis: Facebook, Amazon, Netflix et autres se mobilisent contre le gel des visas"},"content":{"rendered":"<p>Les entreprises technologiques Facebook, Amazon, Netflix et d&rsquo;autres piliers des technologies tentent de faire valoir leurs arguments contre le gel des visas d\u00e9cid\u00e9 en juin par le pr\u00e9sident Donald Trump, qui nuit selon eux \u00e0 tous les acteurs de l&rsquo;\u00e9conomie am\u00e9ricaine.<\/p>\n<p>Dans un document appuyant une plainte de la Chambre am\u00e9ricaine du Commerce contre le gouvernement, quelque 50 entreprises et organisations affirment que le gel des cartes vertes et de certains visas de travail \u00ab\u00a0va freiner l&rsquo;innovation, entraver la croissance et au final nuire de fa\u00e7on irr\u00e9parable aux travailleurs, aux entreprises et \u00e0 l&rsquo;\u00e9conomie am\u00e9ricaine en g\u00e9n\u00e9ral\u00a0\u00bb.<\/p>\n<p>Les visa H-1B tr\u00e8s utilis\u00e9s dans le secteur des hautes technologies sont particuli\u00e8rement cruciaux, assurent-elles.<\/p>\n<p>Les g\u00e9ants de la tech ont d\u00e9cid\u00e9 de se faire ainsi entendre via un \u00ab\u00a0amicus curiae\u00a0\u00bb, qui permet \u00e0 un acteur non partie d&rsquo;un litige d&rsquo;intervenir dans la proc\u00e9dure pour aider une instance juridique \u00e0 prendre sa d\u00e9cision.<\/p>\n<p>Donald Trump a assur\u00e9 qu&rsquo;il voulait aider les travailleurs am\u00e9ricains, confront\u00e9s \u00e0 la forte hausse du ch\u00f4mage (10,2% de la population active en juillet contre 3,5% en f\u00e9vrier), li\u00e9e \u00e0 la pand\u00e9mie.<\/p>\n<p>Mais la Silicon Valley, berceau de start-up et licornes devenues des leaders plan\u00e9taires, d\u00e9pend lourdement des immigrants qualifi\u00e9s pour r\u00e9pondre \u00e0 la forte demande en ing\u00e9nieurs, sp\u00e9cialistes des donn\u00e9es, d\u00e9veloppeurs informatiques, etc.<\/p>\n<p>\u00ab\u00a0Depuis des d\u00e9cennies, les soci\u00e9t\u00e9s am\u00e9ricaines ont accueilli des milliers de travailleurs motiv\u00e9s et ultra-qualifi\u00e9s venus de l&rsquo;\u00e9tranger via des programmes de visas temporaires\u00a0\u00bb, rappellent les signataires.<\/p>\n<p>Les visas H-1B sont octroy\u00e9s chaque ann\u00e9e \u00e0 85.000 personnes. Le d\u00e9cret sign\u00e9 en juin met aussi en pause les visas L, utilis\u00e9s par les multinationales pour transf\u00e9rer leurs propres employ\u00e9s, la plupart des visas J utilis\u00e9s pour les \u00e9tudiants-chercheurs et d&rsquo;autres visas de travail.<\/p>\n<p>Ces programmes ont permis \u00ab\u00a0d&rsquo;attirer les meilleurs talents, y compris des ing\u00e9nieurs, des docteurs, des banquiers, des chercheurs, des d\u00e9veloppeurs informatiques et des dirigeants dans les technologies &#8211; au moment o\u00f9 la comp\u00e9tition mondiale pour attirer les meilleurs est de plus en plus forte\u00a0\u00bb, font valoir les organisations.<\/p>\n<p>Elles soulignent que des pr\u00e9sidents issus des deux partis politiques ont fait l&rsquo;\u00e9loge de ces visas dans le pass\u00e9.<\/p>\n<p>A l&rsquo;annonce de Donald Trump, de nombreux dirigeants de groupes et filiales de la Silicon Valley eux-m\u00eames issus de l&rsquo;immigration s&rsquo;\u00e9taient indign\u00e9s sur Twitter.<\/p>\n<p>\u00ab\u00a0Dans mon exp\u00e9rience, ces comp\u00e9tences (technologiques) permettent de cr\u00e9er des emplois\u00a0\u00bb, avait ainsi r\u00e9agi Elon Musk, le patron de Tesla n\u00e9 en Afrique du Sud, \u00ab\u00a0pas du tout d&rsquo;accord\u00a0\u00bb avec la d\u00e9cision pr\u00e9sidentielle. (AFP)<\/p>\n","protected":false},"excerpt":{"rendered":"<p>Les entreprises technologiques Facebook, Amazon, Netflix et d&rsquo;autres piliers des technologies tentent de faire valoir leurs arguments contre le gel des visas d\u00e9cid\u00e9 en juin par le pr\u00e9sident Donald Trump, qui nuit selon eux \u00e0 tous les acteurs de l&rsquo;\u00e9conomie am\u00e9ricaine. Dans un document appuyant une plainte de la Chambre am\u00e9ricaine du Commerce contre le [&hellip;]<\/p>\n","protected":false},"author":1,"featured_media":7325,"comment_status":"open","ping_status":"closed","sticky":false,"template":"","format":"standard","meta":{"footnotes":""},"categories":[1],"tags":[364,513,164,1327,1061],"class_list":["post-7324","post","type-post","status-publish","format-standard","has-post-thumbnail","hentry","category-economie","tag-amazon","tag-etats-unis","tag-facebook","tag-gel-des-visas","tag-netflix"],"aioseo_notices":[],"_links":{"self":[{"href":"https:\/\/www.culturalusa.com\/news\/wp-json\/wp\/v2\/posts\/7324","targetHints":{"allow":["GET"]}}],"collection":[{"href":"https:\/\/www.culturalusa.com\/news\/wp-json\/wp\/v2\/posts"}],"about":[{"href":"https:\/\/www.culturalusa.com\/news\/wp-json\/wp\/v2\/types\/post"}],"author":[{"embeddable":true,"href":"https:\/\/www.culturalusa.com\/news\/wp-json\/wp\/v2\/users\/1"}],"replies":[{"embeddable":true,"href":"https:\/\/www.culturalusa.com\/news\/wp-json\/wp\/v2\/comments?post=7324"}],"version-history":[{"count":0,"href":"https:\/\/www.culturalusa.com\/news\/wp-json\/wp\/v2\/posts\/7324\/revisions"}],"wp:featuredmedia":[{"embeddable":true,"href":"https:\/\/www.culturalusa.com\/news\/wp-json\/wp\/v2\/media\/7325"}],"wp:attachment":[{"href":"https:\/\/www.culturalusa.com\/news\/wp-json\/wp\/v2\/media?parent=7324"}],"wp:term":[{"taxonomy":"category","embeddable":true,"href":"https:\/\/www.culturalusa.com\/news\/wp-json\/wp\/v2\/categories?post=7324"},{"taxonomy":"post_tag","embeddable":true,"href":"https:\/\/www.culturalusa.com\/news\/wp-json\/wp\/v2\/tags?post=7324"}],"curies":[{"name":"wp","href":"https:\/\/api.w.org\/{rel}","templated":true}]}}