{"id":733,"date":"2012-09-05T11:34:46","date_gmt":"2012-09-05T09:34:46","guid":{"rendered":"http:\/\/www.culturalusa.com\/news\/?p=733"},"modified":"2012-09-05T11:34:46","modified_gmt":"2012-09-05T09:34:46","slug":"la-troika-prete-a-adapter-le-plan-daide-au-portugal","status":"publish","type":"post","link":"https:\/\/www.culturalusa.com\/news\/portugal\/la-troika-prete-a-adapter-le-plan-daide-au-portugal\/","title":{"rendered":"La tro\u00efka pr\u00eate \u00e0 adapter le plan d&rsquo;aide au Portugal"},"content":{"rendered":"<figure id=\"attachment_734\" aria-describedby=\"caption-attachment-734\" style=\"width: 467px\" class=\"wp-caption aligncenter\"><img loading=\"lazy\" decoding=\"async\" src=\"http:\/\/www.culturalusa.com\/news\/wp-content\/uploads\/2012\/09\/troika-em-portugal.jpeg\" alt=\"\" title=\"troika au portugal\" width=\"467\" height=\"280\" class=\"size-full wp-image-734\" srcset=\"https:\/\/www.culturalusa.com\/news\/wp-content\/uploads\/2012\/09\/troika-em-portugal.jpeg 467w, https:\/\/www.culturalusa.com\/news\/wp-content\/uploads\/2012\/09\/troika-em-portugal-275x165.jpeg 275w\" sizes=\"auto, (max-width: 467px) 100vw, 467px\" \/><figcaption id=\"caption-attachment-734\" class=\"wp-caption-text\">La Troika au Portugal<\/figcaption><\/figure>Les cr\u00e9anciers du Portugal ont manifest\u00e9 leur disponibilit\u00e9 pour adapter le plan de sauvetage du pays \u00e0 la conjoncture \u00e9conomique, a indiqu\u00e9 un d\u00e9put\u00e9 de la majorit\u00e9 gouvernementale \u00e0 l&rsquo;issue d&rsquo;une rencontre avec la tro\u00efka repr\u00e9sentant les bailleurs de fonds du pays&#8230;.<\/p>\n<p>\u00ab\u00a0La tro\u00efka a manifest\u00e9 sa flexibilit\u00e9 pour que le programme soit adapt\u00e9 aux conditions de l&rsquo;\u00e9conomie et \u00e0 son \u00e9volution depuis que le m\u00e9morandum a \u00e9t\u00e9 sign\u00e9 en mai 2011\u00a0\u00bb, a d\u00e9clar\u00e9 le d\u00e9put\u00e9 Miguel Frasquilho, vice-pr\u00e9sident du groupe parlementaire du PSD (Parti social d\u00e9mocrate centre-droit).<\/p>\n<p>De son c\u00f4t\u00e9, le d\u00e9put\u00e9 Adolfo Mesquita Nunes du parti de droite CDS, partenaire dans la coalition gouvernementale de centre-droit, a affirm\u00e9 que son parti avait expliqu\u00e9 \u00e0 la tro\u00efka (Banque centrale europ\u00e9enne, Union europ\u00e9enne et Fonds mon\u00e9taire international) que le pays ne pouvait plus supporter une \u00ab\u00a0aggravation de la charge fiscale\u00a0\u00bb.<\/p>\n<p>Le CDS n&rsquo;a toutefois pas \u00ab\u00a0demand\u00e9 plus de temps ou plus d&rsquo;argent\u00a0\u00bb, car il estim\u00e9 n\u00e9cessaire de suivre le plan de sauvetage actuel \u00ab\u00a0afin d&rsquo;\u00e9viter de prolonger le programme\u00a0\u00bb, a-t-il ajout\u00e9.<\/p>\n<p>A Bruxelles, la Commission europ\u00e9enne n&rsquo;a pas souhait\u00e9 commenter ces d\u00e9clarations \u00ab\u00a0tant que la mission (de la tro\u00efka) est en cours\u00a0\u00bb.<\/p>\n<p>Cette cinqui\u00e8me mission d&rsquo;\u00e9valuation du plan d&rsquo;aide au Portugal, commenc\u00e9 mardi doit durer environ deux semaines. Elle intervient alors que le gouvernement, qui s&rsquo;\u00e9tait engag\u00e9 \u00e0 ramener le d\u00e9ficit public \u00e0 4,5% du PIB \u00e0 la fin de l&rsquo;ann\u00e9e et \u00e0 3% l&rsquo;ann\u00e9e prochaine, peine \u00e0 respecter ses engagements en raison notamment d&rsquo;une chute des recettes fiscales.<\/p>\n<p>Face \u00e0 cette situation, de nombreux analystes et les partis de l&rsquo;opposition de gauche ont r\u00e9clam\u00e9 plus de souplesse dans l&rsquo;application du plan de sauvetage.<\/p>\n<p style=\"text-align:center;\"><script type=\"text\/javascript\"><!--\ngoogle_ad_client = \"ca-pub-2727717456356200\";\n\/* CulturaLusa 468x60 *\/\ngoogle_ad_slot = \"2785499263\";\ngoogle_ad_width = 468;\ngoogle_ad_height = 60;\n\/\/-->\n<\/script><br \/>\n<script type=\"text\/javascript\"\nsrc=\"http:\/\/pagead2.googlesyndication.com\/pagead\/show_ads.js\">\n<\/script><\/p>\n<p>\u00ab\u00a0Nous avons dit \u00e0 la tro\u00efka que les choses ne se passent pas bien et l&rsquo;avons interrog\u00e9e sur la possibilit\u00e9 d&rsquo;apporter des ajustements\u00a0\u00bb ax\u00e9s sur des mesures destin\u00e9es \u00e0 favoriser la croissance, a affirm\u00e9 de son c\u00f4t\u00e9 le d\u00e9put\u00e9 socialiste Pedro Marques qui a particip\u00e9 avec tous les partis repr\u00e9sent\u00e9s au parlement \u00e0 la rencontre.<\/p>\n<p>\u00ab\u00a0Le Portugal a besoin d&rsquo;interrompre cette spirale d&rsquo;aust\u00e9rit\u00e9, qui p\u00e8se sur les gens avec des mesures qui plombent l&rsquo;\u00e9conomie et nous \u00e9loignent de nos objectifs budg\u00e9taires\u00a0\u00bb, a-t-il ajout\u00e9.<\/p>\n<p>Jusqu&rsquo;\u00e0 pr\u00e9sent, le gouvernement de centre-droit a toujours indiqu\u00e9 qu&rsquo;il ne demanderait \u00ab\u00a0ni plus de temps, ni plus d&rsquo;argent\u00a0\u00bb pour mettre en oeuvre le programme d&rsquo;aide.<\/p>\n<p>En \u00e9change d&rsquo;un pr\u00eat de 78 milliards d&rsquo;euros, le Portugal s&rsquo;\u00e9tait engag\u00e9 \u00e0 appliquer une s\u00e9v\u00e8re cure de rigueur afin de relancer son \u00e9conomie et assainir ses finances.<\/p>\n<p>Mais ce programme d&rsquo;aust\u00e9rit\u00e9 a plong\u00e9 le pays dans la r\u00e9cession, avec une contraction de 3% du PIB pr\u00e9vue cette ann\u00e9e, et un ch\u00f4mage record, \u00e0 plus de 15%.<\/p>\n<p>La Conf\u00e9d\u00e9ration europ\u00e9enne des syndicats (CES) a pour sa part demand\u00e9 \u00e0 la tro\u00efka de \u00ab\u00a0changer radicalement d&rsquo;approche\u00a0\u00bb, dans un communiqu\u00e9 publi\u00e9 mardi \u00e0 Bruxelles, estimant que \u00ab\u00a0l&rsquo;aust\u00e9rit\u00e9 et les coupes d&rsquo;aust\u00e9rit\u00e9 \u00e0 r\u00e9p\u00e9tition\u00a0\u00bb au Portugal avaient r\u00e9v\u00e9l\u00e9 leur \u00ab\u00a0inefficacit\u00e9\u00a0\u00bb. (AFP)<\/p>\n","protected":false},"excerpt":{"rendered":"<p>Les cr\u00e9anciers du Portugal ont manifest\u00e9 leur disponibilit\u00e9 pour adapter le plan de sauvetage du pays \u00e0 la conjoncture \u00e9conomique, a indiqu\u00e9 un d\u00e9put\u00e9 de la majorit\u00e9 gouvernementale \u00e0 l&rsquo;issue d&rsquo;une rencontre avec la tro\u00efka repr\u00e9sentant les bailleurs de fonds du pays&#8230;. \u00ab\u00a0La tro\u00efka a manifest\u00e9 sa flexibilit\u00e9 pour que le programme soit adapt\u00e9 aux [&hellip;]<\/p>\n","protected":false},"author":1,"featured_media":0,"comment_status":"open","ping_status":"closed","sticky":false,"template":"","format":"standard","meta":{"footnotes":""},"categories":[3],"tags":[],"class_list":["post-733","post","type-post","status-publish","format-standard","hentry","category-portugal"],"aioseo_notices":[],"_links":{"self":[{"href":"https:\/\/www.culturalusa.com\/news\/wp-json\/wp\/v2\/posts\/733","targetHints":{"allow":["GET"]}}],"collection":[{"href":"https:\/\/www.culturalusa.com\/news\/wp-json\/wp\/v2\/posts"}],"about":[{"href":"https:\/\/www.culturalusa.com\/news\/wp-json\/wp\/v2\/types\/post"}],"author":[{"embeddable":true,"href":"https:\/\/www.culturalusa.com\/news\/wp-json\/wp\/v2\/users\/1"}],"replies":[{"embeddable":true,"href":"https:\/\/www.culturalusa.com\/news\/wp-json\/wp\/v2\/comments?post=733"}],"version-history":[{"count":0,"href":"https:\/\/www.culturalusa.com\/news\/wp-json\/wp\/v2\/posts\/733\/revisions"}],"wp:attachment":[{"href":"https:\/\/www.culturalusa.com\/news\/wp-json\/wp\/v2\/media?parent=733"}],"wp:term":[{"taxonomy":"category","embeddable":true,"href":"https:\/\/www.culturalusa.com\/news\/wp-json\/wp\/v2\/categories?post=733"},{"taxonomy":"post_tag","embeddable":true,"href":"https:\/\/www.culturalusa.com\/news\/wp-json\/wp\/v2\/tags?post=733"}],"curies":[{"name":"wp","href":"https:\/\/api.w.org\/{rel}","templated":true}]}}