{"id":7333,"date":"2020-08-14T19:19:47","date_gmt":"2020-08-14T17:19:47","guid":{"rendered":"https:\/\/www.culturalusa.com\/news\/?p=7333"},"modified":"2020-09-24T14:16:57","modified_gmt":"2020-09-24T12:16:57","slug":"le-masque-dans-lentreprise-et-en-classe-une-question-de-coherence-defendent-des-medecins","status":"publish","type":"post","link":"https:\/\/www.culturalusa.com\/news\/economie\/le-masque-dans-lentreprise-et-en-classe-une-question-de-coherence-defendent-des-medecins\/","title":{"rendered":"Le masque dans l&rsquo;entreprise et en classe \u00ab\u00a0une question de coh\u00e9rence\u00a0\u00bb, d\u00e9fendent des m\u00e9decins"},"content":{"rendered":"<p>Rendre le port du masque obligatoire dans tous les lieux collectifs clos, y compris les bureaux et les salles de classes, \u00ab\u00a0est une question de coh\u00e9rence\u00a0\u00bb, estime vendredi un collectif de m\u00e9decins, appelant \u00e0 une \u00ab\u00a0prise de conscience\u00a0\u00bb urgente avant la rentr\u00e9e.<\/p>\n<p>Alors que le masque est obligatoire depuis le 20 juillet dans les lieux publics clos (services publics, commerces, etc.) et que le gouvernement plaide pour \u00e9tendre son utilisation \u00e0 l&rsquo;ext\u00e9rieur, ces professionnels de sant\u00e9 d\u00e9plorent que les protocoles de s\u00e9curit\u00e9 actuels pour les lieux de travail \u00ab\u00a0ne prennent pas suffisamment en compte\u00a0\u00bb le risque de propagation du Covid-19 par a\u00e9rosols en suspension dans l&rsquo;air, selon leur tribune publi\u00e9e en ligne par Lib\u00e9ration.<\/p>\n<p>\u00ab\u00a0Dans un commerce ou au travail, \u00e0 La Poste ou en cours&#8230; l&rsquo;air circule de la m\u00eame mani\u00e8re autour de nous, et s&rsquo;il n&rsquo;est pas souvent renouvel\u00e9, le virus se propage et s&rsquo;accumule&#8230; <\/p>\n<p>Si la fum\u00e9e d&rsquo;une cigarette peut nous atteindre, alors le Sars-CoV-2 le peut tout autant\u00a0\u00bb, font valoir ses signataires, dont l&rsquo;infectiologue Karine Lacombe, le pr\u00e9sident du syndicat de m\u00e9decins lib\u00e9raux UFMLS J\u00e9r\u00f4me Marty et les cr\u00e9ateurs du collectif Stop-Postillons, qui pr\u00e9conise depuis des mois de renforcer le r\u00f4le du masque dans la lutte contre le coronavirus.<\/p>\n<p>\u00ab\u00a0On ne peut imposer le port de masque en ext\u00e9rieur dans certaines situations \u00e0 risque marginal tout en le laissant optionnel dans des lieux clairement identifi\u00e9s comme moteurs de cette \u00e9pid\u00e9mie\u00a0\u00bb, ajoutent-ils.<\/p>\n<p>Selon le minist\u00e8re de la sant\u00e9, 49 % des foyers de cas group\u00e9s enregistr\u00e9s se situent \u00ab\u00a0en milieu professionnel\u00a0\u00bb.<\/p>\n<p>Aussi, \u00ab\u00a0il est urgent de rendre obligatoire le port du masque dans tous les espaces clos, dans tous les bureaux, dans toutes les salles de classe et amphith\u00e9\u00e2tres, et aussi d&rsquo;encourager sans ambigu\u00eft\u00e9 le t\u00e9l\u00e9travail, les cours \u00e0 distance et la r\u00e9organisation de classes avec des effectifs moins nombreux, comme l&rsquo;a d\u00e9cid\u00e9, par exemple, le gouvernement italien\u00a0\u00bb, r\u00e9clament-ils.<\/p>\n<p>Une telle mesure permettra aussi de \u00ab\u00a0limiter les infections virales et les syndromes f\u00e9briles\u00a0\u00bb, \u00e9vitant ainsi que de nombreux salari\u00e9s soient mis en quarantaine pour rien en attendant les r\u00e9sultats de leur test de d\u00e9pistage du Covid-19, font-ils valoir.<\/p>\n<p>Ils mettent enfin en garde contre la tentation de \u00ab\u00a0sous-estimer le risque de transmission dans les \u00e9coles\u00a0\u00bb, citant une r\u00e9cente prise de position de la soci\u00e9t\u00e9 allemande de virologie.<\/p>\n<p>Des r\u00e9unions sont pr\u00e9vues vendredi et mardi au minist\u00e8re du Travail avec les dirigeants syndicaux et patronaux pour adapter le protocole de d\u00e9confinement s&rsquo;appliquant aux entreprises, selon une invitation dont l&rsquo;AFP a obtenu copie. (AFP)<\/p>\n","protected":false},"excerpt":{"rendered":"<p>Rendre le port du masque obligatoire dans tous les lieux collectifs clos, y compris les bureaux et les salles de classes, \u00ab\u00a0est une question de coh\u00e9rence\u00a0\u00bb, estime vendredi un collectif de m\u00e9decins, appelant \u00e0 une \u00ab\u00a0prise de conscience\u00a0\u00bb urgente avant la rentr\u00e9e. Alors que le masque est obligatoire depuis le 20 juillet dans les lieux [&hellip;]<\/p>\n","protected":false},"author":1,"featured_media":7334,"comment_status":"open","ping_status":"closed","sticky":false,"template":"","format":"standard","meta":{"footnotes":""},"categories":[1],"tags":[1330,1329,1331],"class_list":["post-7333","post","type-post","status-publish","format-standard","has-post-thumbnail","hentry","category-economie","tag-masque-classe","tag-masque-entreprise","tag-medecins"],"aioseo_notices":[],"_links":{"self":[{"href":"https:\/\/www.culturalusa.com\/news\/wp-json\/wp\/v2\/posts\/7333","targetHints":{"allow":["GET"]}}],"collection":[{"href":"https:\/\/www.culturalusa.com\/news\/wp-json\/wp\/v2\/posts"}],"about":[{"href":"https:\/\/www.culturalusa.com\/news\/wp-json\/wp\/v2\/types\/post"}],"author":[{"embeddable":true,"href":"https:\/\/www.culturalusa.com\/news\/wp-json\/wp\/v2\/users\/1"}],"replies":[{"embeddable":true,"href":"https:\/\/www.culturalusa.com\/news\/wp-json\/wp\/v2\/comments?post=7333"}],"version-history":[{"count":0,"href":"https:\/\/www.culturalusa.com\/news\/wp-json\/wp\/v2\/posts\/7333\/revisions"}],"wp:featuredmedia":[{"embeddable":true,"href":"https:\/\/www.culturalusa.com\/news\/wp-json\/wp\/v2\/media\/7334"}],"wp:attachment":[{"href":"https:\/\/www.culturalusa.com\/news\/wp-json\/wp\/v2\/media?parent=7333"}],"wp:term":[{"taxonomy":"category","embeddable":true,"href":"https:\/\/www.culturalusa.com\/news\/wp-json\/wp\/v2\/categories?post=7333"},{"taxonomy":"post_tag","embeddable":true,"href":"https:\/\/www.culturalusa.com\/news\/wp-json\/wp\/v2\/tags?post=7333"}],"curies":[{"name":"wp","href":"https:\/\/api.w.org\/{rel}","templated":true}]}}