{"id":7338,"date":"2020-08-14T19:41:39","date_gmt":"2020-08-14T17:41:39","guid":{"rendered":"https:\/\/www.culturalusa.com\/news\/?p=7338"},"modified":"2020-09-24T14:16:22","modified_gmt":"2020-09-24T12:16:22","slug":"la-cineaste-maimouna-doucoure-qui-veut-effacer-les-barrieres-mentales-des-jeunes-filles-noires","status":"publish","type":"post","link":"https:\/\/www.culturalusa.com\/news\/culture\/la-cineaste-maimouna-doucoure-qui-veut-effacer-les-barrieres-mentales-des-jeunes-filles-noires\/","title":{"rendered":"La cin\u00e9aste Ma\u00efmouna Doucour\u00e9, qui veut effacer \u00ab\u00a0les barri\u00e8res mentales\u00a0\u00bb des jeunes filles noires"},"content":{"rendered":"<p>Des quartiers populaires de Paris aux festivals internationaux: remarqu\u00e9e pour son premier long-m\u00e9trage qui sort en salles mercredi, \u00ab\u00a0Mignonnes\u00a0\u00bb, la r\u00e9alisatrice Ma\u00efmouna Doucour\u00e9 exhorte les jeunes femmes noires \u00e0 \u00ab\u00a0faire tomber les barri\u00e8res mentales\u00a0\u00bb dans leur vie professionnelle.<\/p>\n<p>Le film, dont la sortie a \u00e9t\u00e9 report\u00e9e \u00e0 cause de la crise sanitaire, dresse le portrait profond et sensible d&rsquo;une petite parisienne de onze ans, tiraill\u00e9e entre les r\u00e8gles d&rsquo;une famille s\u00e9n\u00e9galaise polygame et la tyrannie des r\u00e9seaux sociaux et des selfies.<\/p>\n<p>Comme un \u00e9cho au propre parcours de la r\u00e9alisatrice de 35 ans, qui a grandi avec sa m\u00e8re, femme de m\u00e9nage et commer\u00e7ante, son p\u00e8re \u00e9boueur, et l&rsquo;autre \u00e9pouse de celui-ci, entour\u00e9e de neuf fr\u00e8res et soeurs, dans un quartier populaire du 19e arrondissement de la capitale.<\/p>\n<p>Le cin\u00e9ma, elle ne le d\u00e9couvre pas en salles, mais devant les films d&rsquo;horreur des ann\u00e9es 1990 qui passent sur le petit \u00e9cran et qu&rsquo;elle regarde, fascin\u00e9e, avec ses fr\u00e8res.<\/p>\n<p>\u00ab\u00a0Petite, je me suis clairement interdite de r\u00eaver\u00a0\u00bb, dit aujourd&rsquo;hui Ma\u00efmouna Doucour\u00e9, dont la m\u00e8re avait expliqu\u00e9 que le cin\u00e9ma, ce n&rsquo;\u00e9tait pas pour elle, puisqu&rsquo;on n&rsquo;y voyait jamais de gens qui lui ressemblait. C&rsquo;est \u00e0 dire des femmes noires.<\/p>\n<p>\u00ab\u00a0Dans mon enfance, je manquais terriblement de mod\u00e8les\u00a0\u00bb, poursuit-elle. \u00ab\u00a0La t\u00e9l\u00e9vision c&rsquo;est une sorte de miroir de la soci\u00e9t\u00e9, mais moi, j&rsquo;avais l&rsquo;impression de ne jamais y voir mon reflet. C&rsquo;est difficile ensuite pour ouvrir le champ des possibles et des imaginaires\u00a0\u00bb.<\/p>\n<p>Trois d\u00e9cennies plus tard, apr\u00e8s un crochet par des \u00e9tudes de biologie, Ma\u00efmouna Doucour\u00e9 donne tort \u00e0 sa m\u00e8re, et commence \u00e0 se croire \u00ab\u00a0\u00e0 (sa) place\u00a0\u00bb: Elle sort son premier long-m\u00e9trage, un film qui a recueilli un accueil chaleureux dans des festivals internationaux.<\/p>\n<p>Bilan: un prix \u00e0 Berlin, apr\u00e8s une premi\u00e8re distinction pour sa r\u00e9alisation \u00e0 Sundance. Cerise sur le g\u00e2teau, Netflix le distribuera hors de France. En recevant son prix aux Etats-Unis, Ma\u00efmouna Doucour\u00e9, longs cheveux noirs d\u00e9tach\u00e9s, regard assur\u00e9 et franc, se dit \u00ab\u00a0plus f\u00e9minine que jamais\u00a0\u00bb et cite Oprah Winfrey: \u00ab\u00a0On devient ce en quoi l&rsquo;on croit\u00a0\u00bb. Et de lancer: \u00ab\u00a0Mesdames, croyons-y !\u00a0\u00bb.<\/p>\n<p><strong>Des femmes astronautes<\/strong><\/p>\n<p>Alors que les questions de la diversit\u00e9 et de l&rsquo;\u00e9galit\u00e9 hommes-femmes est plus br\u00fblante que jamais dans le cin\u00e9ma hexagonal, Ma\u00efmouna Doucour\u00e9, n\u00e9e en France de parents arriv\u00e9s dans les ann\u00e9es 1970 du S\u00e9n\u00e9gal, se consid\u00e8re comme \u00ab\u00a0une r\u00e9alisatrice fran\u00e7aise avant tout.\u00a0\u00bb<\/p>\n<p>\u00ab\u00a0Les choses avancent, j&rsquo;ai cette sensation d&rsquo;arriver au bon moment\u00a0\u00bb, se r\u00e9jouit-elle, heureuse du \u00ab\u00a0carton\u00a0\u00bb de la com\u00e9die \u00ab\u00a0Tout simplement noir\u00a0\u00bb, ou de voir les institutions du cin\u00e9ma se mettre \u00e0 oeuvrer pour la diversit\u00e9 &#8211; m\u00eame s&rsquo;il reste beaucoup \u00e0 faire.<\/p>\n<p>Se d\u00e9fendant d&rsquo;avoir voulu faire \u00ab\u00a0un pamphlet social\u00a0\u00bb, cette fan du Britannique Ken Loach ou de l&rsquo;Iranien Asghar Farhadi admire l&rsquo;engagement de l&rsquo;actrice Ad\u00e8le Haenel et de la r\u00e9alisatrice C\u00e9line Sciamma. Elle garde le souvenir d&rsquo;une manifestation \u00e0 leurs c\u00f4t\u00e9s, avec les proches d&rsquo;Adama Traor\u00e9, ce jeune homme mort en 2016 apr\u00e8s son interpellation par des gendarmes du Val d&rsquo;Oise.<\/p>\n<p>\u00ab\u00a0On a besoin de mod\u00e8les diff\u00e9rents, de faire sauter les barri\u00e8res gr\u00e2ce \u00e0 la fiction. A partir du moment o\u00f9 on ouvre les imaginaires, dans la r\u00e9alit\u00e9, tout devient possible\u00a0\u00bb, juge Ma\u00efmouna Doucour\u00e9, qui a pr\u00e9par\u00e9 \u00ab\u00a0Mignonnes\u00a0\u00bb enceinte de sa petite fille, et a fait \u00ab\u00a0tout le casting avec elle en \u00e9charpe de portage\u00a0\u00bb.<\/p>\n<p>Ma\u00efmouna Doucour\u00e9 \u00ab\u00a0vient de nulle part\u00a0\u00bb, c&rsquo;est \u00ab\u00a0un symbole de la d\u00e9mocratisation du cin\u00e9ma, elle n&rsquo;avait pas du tout de pr\u00e9disposition dans ce monde qui est avant tout un sport de riche\u00a0\u00bb, salue son producteur, Zangro, qui l&rsquo;accompagne depuis le d\u00e9but, s\u00e9duit par sa direction d&rsquo;acteurs et \u00ab\u00a0sa fa\u00e7on de parler la m\u00eame langue que les enfants\u00a0\u00bb.<\/p>\n<p>La r\u00e9alisatrice est aujourd&rsquo;hui lanc\u00e9e dans l&rsquo;\u00e9criture de deux autres films, dont l&rsquo;un devrait rapidement entrer en tournage. \u00ab\u00a0Quand les jeunes filles voient qu&rsquo;on r\u00e9colte 400.000 likes en faisant des selfies sexy, elles entrent dans un mim\u00e9tisme sans vraiment en comprendre le m\u00e9canisme, il faut leur proposer d&rsquo;autres parcours.<br \/>\nDes femmes astronautes, pr\u00e9sidentes de la R\u00e9publique, ing\u00e9nieures&#8230;\u00a0\u00bb Ou bien cin\u00e9astes. (AFP)<\/p>\n","protected":false},"excerpt":{"rendered":"<p>Des quartiers populaires de Paris aux festivals internationaux: remarqu\u00e9e pour son premier long-m\u00e9trage qui sort en salles mercredi, \u00ab\u00a0Mignonnes\u00a0\u00bb, la r\u00e9alisatrice Ma\u00efmouna Doucour\u00e9 exhorte les jeunes femmes noires \u00e0 \u00ab\u00a0faire tomber les barri\u00e8res mentales\u00a0\u00bb dans leur vie professionnelle. Le film, dont la sortie a \u00e9t\u00e9 report\u00e9e \u00e0 cause de la crise sanitaire, dresse le portrait [&hellip;]<\/p>\n","protected":false},"author":1,"featured_media":7339,"comment_status":"open","ping_status":"closed","sticky":false,"template":"","format":"standard","meta":{"footnotes":""},"categories":[4],"tags":[413,1332,1333],"class_list":["post-7338","post","type-post","status-publish","format-standard","has-post-thumbnail","hentry","category-culture","tag-cinema","tag-jeunes-filles-noires","tag-maimouna-doucoure"],"aioseo_notices":[],"_links":{"self":[{"href":"https:\/\/www.culturalusa.com\/news\/wp-json\/wp\/v2\/posts\/7338","targetHints":{"allow":["GET"]}}],"collection":[{"href":"https:\/\/www.culturalusa.com\/news\/wp-json\/wp\/v2\/posts"}],"about":[{"href":"https:\/\/www.culturalusa.com\/news\/wp-json\/wp\/v2\/types\/post"}],"author":[{"embeddable":true,"href":"https:\/\/www.culturalusa.com\/news\/wp-json\/wp\/v2\/users\/1"}],"replies":[{"embeddable":true,"href":"https:\/\/www.culturalusa.com\/news\/wp-json\/wp\/v2\/comments?post=7338"}],"version-history":[{"count":0,"href":"https:\/\/www.culturalusa.com\/news\/wp-json\/wp\/v2\/posts\/7338\/revisions"}],"wp:featuredmedia":[{"embeddable":true,"href":"https:\/\/www.culturalusa.com\/news\/wp-json\/wp\/v2\/media\/7339"}],"wp:attachment":[{"href":"https:\/\/www.culturalusa.com\/news\/wp-json\/wp\/v2\/media?parent=7338"}],"wp:term":[{"taxonomy":"category","embeddable":true,"href":"https:\/\/www.culturalusa.com\/news\/wp-json\/wp\/v2\/categories?post=7338"},{"taxonomy":"post_tag","embeddable":true,"href":"https:\/\/www.culturalusa.com\/news\/wp-json\/wp\/v2\/tags?post=7338"}],"curies":[{"name":"wp","href":"https:\/\/api.w.org\/{rel}","templated":true}]}}