{"id":7344,"date":"2020-08-15T00:01:16","date_gmt":"2020-08-14T22:01:16","guid":{"rendered":"https:\/\/www.culturalusa.com\/news\/?p=7344"},"modified":"2020-09-24T14:01:27","modified_gmt":"2020-09-24T12:01:27","slug":"leurope-a-signe-avec-astrazeneca-pour-acheter-300-millions-de-doses-du-futur-vaccin-contre-le-covid-19","status":"publish","type":"post","link":"https:\/\/www.culturalusa.com\/news\/actualite\/leurope-a-signe-avec-astrazeneca-pour-acheter-300-millions-de-doses-du-futur-vaccin-contre-le-covid-19\/","title":{"rendered":"L&rsquo;Europe a sign\u00e9 avec AstraZeneca pour acheter 300 millions de doses du futur vaccin contre le Covid-19"},"content":{"rendered":"<p>C&rsquo;est officiel, le premier contrat d&rsquo;achat de l&rsquo;Union europ\u00e9enne pour le futur vaccin contre le Covid-19, la Commission europ\u00e9enne a annonc\u00e9 le 14 ao\u00fbt un accord avec AstraZeneca sur au moins 300 millions de doses. <\/p>\n<p>Les tractations entre l&rsquo;Europe et les laboratoires pharmaceutiques commencent \u00e0 porter leurs fruits. Vendredi 14 ao\u00fbt, la Commission europ\u00e9enne a annonc\u00e9 un nouvel accord avec AstraZeneca. <\/p>\n<p>Ce dernier pr\u00e9voit l&rsquo;achat de 300 millions de doses du vaccin que tente de d\u00e9velopper le groupe anglo-su\u00e9dois. Une option d&rsquo;achat a \u00e9t\u00e9 pos\u00e9e sur 100 millions de vaccins suppl\u00e9mentaires.<\/p>\n<p>L&rsquo;accord \u00e9tait dans les tiroirs depuis plusieurs semaines. D\u00e9j\u00e0 en juin, la France, l&rsquo;Allemagne, l&rsquo;Italie et les Pays-Bas s&rsquo;entendaient avec AstraZeneca pour la fourniture de son potentiel vaccin. <\/p>\n<p>La Commission europ\u00e9enne pr\u00e9sente tout de m\u00eame son accord comme le premier contrat d&rsquo;achat anticip\u00e9 de l&rsquo;Union europ\u00e9enne pour un candidat vaccin.<\/p>\n<p>L&rsquo;Europe travaille sur d&rsquo;autres accords similaires<\/p>\n<p>\u00ab\u00a0La Commission poursuit les discussions pour conclure des accords similaires avec d\u2019autres fabricants de vaccins\u00a0\u00bb, indique l&rsquo;ex\u00e9cutif europ\u00e9en dans un communiqu\u00e9. <\/p>\n<p>Des discussions pr\u00e9liminaires ont ainsi \u00e9t\u00e9 men\u00e9es \u00e0 leur terme jeudi 13 ao\u00fbt avec Johnson &#038; Johnson sur l&rsquo;achat anticip\u00e9 de 200 millions de doses d&rsquo;un vaccin potentiel ainsi qu&rsquo;avec Sanofi et GlaxoSmithKline le 31 juillet pour la fourniture de 300 millions de doses.<\/p>\n<p>L&rsquo;Europe n\u00e9gocie \u00e9galement avec Pfizer et Moderna, d\u00e9claraient en juillet \u00e0 Reuters des sources europ\u00e9ennes.<br \/>\nL&rsquo;ex\u00e9cutif communautaire veut disposer d&rsquo;un cadre contractuel d\u00e8s lors qu&rsquo;un ou plusieurs vaccins auront d\u00e9montr\u00e9 leur efficacit\u00e9 et leur innocuit\u00e9 face au Covid-19. <\/p>\n<p>L&rsquo;objectif est d&rsquo;assurer la protection des 450 millions d&rsquo;Europ\u00e9ens d\u00e8s la mise sur le march\u00e9 des potentiels vaccins. Un fonds europ\u00e9en de 2,4 milliards d&rsquo;euros a \u00e9t\u00e9 constitu\u00e9 pour financer ces achats. (Reuters)<\/p>\n","protected":false},"excerpt":{"rendered":"<p>C&rsquo;est officiel, le premier contrat d&rsquo;achat de l&rsquo;Union europ\u00e9enne pour le futur vaccin contre le Covid-19, la Commission europ\u00e9enne a annonc\u00e9 le 14 ao\u00fbt un accord avec AstraZeneca sur au moins 300 millions de doses. Les tractations entre l&rsquo;Europe et les laboratoires pharmaceutiques commencent \u00e0 porter leurs fruits. Vendredi 14 ao\u00fbt, la Commission europ\u00e9enne a [&hellip;]<\/p>\n","protected":false},"author":1,"featured_media":7346,"comment_status":"open","ping_status":"closed","sticky":false,"template":"","format":"standard","meta":{"footnotes":""},"categories":[30],"tags":[1336,180,1269],"class_list":["post-7344","post","type-post","status-publish","format-standard","has-post-thumbnail","hentry","category-actualite","tag-astrazeneca","tag-commission-europeenne","tag-vaccin-anti-covid-19"],"aioseo_notices":[],"_links":{"self":[{"href":"https:\/\/www.culturalusa.com\/news\/wp-json\/wp\/v2\/posts\/7344","targetHints":{"allow":["GET"]}}],"collection":[{"href":"https:\/\/www.culturalusa.com\/news\/wp-json\/wp\/v2\/posts"}],"about":[{"href":"https:\/\/www.culturalusa.com\/news\/wp-json\/wp\/v2\/types\/post"}],"author":[{"embeddable":true,"href":"https:\/\/www.culturalusa.com\/news\/wp-json\/wp\/v2\/users\/1"}],"replies":[{"embeddable":true,"href":"https:\/\/www.culturalusa.com\/news\/wp-json\/wp\/v2\/comments?post=7344"}],"version-history":[{"count":0,"href":"https:\/\/www.culturalusa.com\/news\/wp-json\/wp\/v2\/posts\/7344\/revisions"}],"wp:featuredmedia":[{"embeddable":true,"href":"https:\/\/www.culturalusa.com\/news\/wp-json\/wp\/v2\/media\/7346"}],"wp:attachment":[{"href":"https:\/\/www.culturalusa.com\/news\/wp-json\/wp\/v2\/media?parent=7344"}],"wp:term":[{"taxonomy":"category","embeddable":true,"href":"https:\/\/www.culturalusa.com\/news\/wp-json\/wp\/v2\/categories?post=7344"},{"taxonomy":"post_tag","embeddable":true,"href":"https:\/\/www.culturalusa.com\/news\/wp-json\/wp\/v2\/tags?post=7344"}],"curies":[{"name":"wp","href":"https:\/\/api.w.org\/{rel}","templated":true}]}}