{"id":7362,"date":"2020-08-18T22:45:59","date_gmt":"2020-08-18T20:45:59","guid":{"rendered":"https:\/\/www.culturalusa.com\/news\/?p=7362"},"modified":"2020-09-24T14:00:24","modified_gmt":"2020-09-24T12:00:24","slug":"le-port-du-masque-obligatoire-en-entreprise-des-le-1er-septembre","status":"publish","type":"post","link":"https:\/\/www.culturalusa.com\/news\/economie\/le-port-du-masque-obligatoire-en-entreprise-des-le-1er-septembre\/","title":{"rendered":"Le port du masque obligatoire en entreprise d\u00e8s le 1er septembre"},"content":{"rendered":"<p>\u00c9lisabeth Borne, ministre du Travail, a pr\u00e9sent\u00e9 ce les mesures sanitaires susceptibles d&rsquo;\u00eatre appliqu\u00e9es dans les entreprises d\u00e8s septembre.<\/p>\n<p>Dans les entreprises, le port du masque sera de rigueur d\u00e8s le 1er septembre. Rejoignant les appels r\u00e9cents \u00e9mis par plusieurs infectiologues, le minist\u00e8re du Travail annonce, la mise en place du \u00ab port du masque syst\u00e9matis\u00e9 \u00bb dans tous les espaces clos et partag\u00e9s en entreprise.<br \/>\nCela concerne donc les bureaux collectifs et les \u00ab open spaces \u00bb, mais pas les bureaux individuels.<\/p>\n<p>\u00ab Il est n\u00e9cessaire de syst\u00e9matiser, comme l&rsquo;a pr\u00e9conis\u00e9 le Haut Conseil de la sant\u00e9 publique (HCSP), le port du masque dans tous les espaces de travail qui sont clos et partag\u00e9s \u00bb, comme les \u00ab salles de r\u00e9union, couloirs, vestiaires, open space \u00bb, a d\u00e9clar\u00e9 la ministre \u00c9lisabeth Borne \u00e0 l&rsquo;issue d&rsquo;une r\u00e9union avec les partenaires sociaux.<\/p>\n<p><strong>Le masque sera \u00e0 la charge de l&#8217;employeur<\/strong><\/p>\n<p>Apr\u00e8s avoir \u00e9chang\u00e9 avec le patronat et les syndicats en fin de semaine derni\u00e8re, la ministre a pr\u00e9sent\u00e9 mardi matin, lors d&rsquo;une r\u00e9union en visioconf\u00e9rence, les mesures susceptibles d&rsquo;\u00eatre appliqu\u00e9es \u00e0 la rentr\u00e9e. <\/p>\n<p>Le masque, \u00e9quipement de protection individuel, ne sera pas \u00e0 la charge du salari\u00e9 mais de l&#8217;employeur. Jusqu&rsquo;alors, il ne s&rsquo;agissait que d&rsquo;une recommandation. Le minist\u00e8re du Travail encourage \u00e9galement une nouvelle fois les entreprises \u00e0 favoriser le t\u00e9l\u00e9travail.<\/p>\n<p>\u00ab Si le port du masque doit \u00eatre plus syst\u00e9matique, dans quelle condition et comment faut-il porter le masque ? Peut-on r\u00e9utiliser le m\u00eame masque ?<br \/>\nIl y a plein de questions auxquelles les pouvoirs publics doivent apporter des r\u00e9ponses \u00bb, s&rsquo;inqui\u00e9tait, mardi, Yves Veyrier, le secr\u00e9taire g\u00e9n\u00e9ral de FO, sur CNews, juste avant la rencontre. V\u00e9ronique Martin, de la CGT, pointe aussi des questions \u00ab en termes d&rsquo;organisation du travail, du temps de travail et des locaux de travail \u00bb.<\/p>\n<p><strong>La crainte d&rsquo;une deuxi\u00e8me vague au retour des vacances<\/strong><\/p>\n<p>Le minist\u00e8re avait demand\u00e9 au Haut Conseil de la sant\u00e9 publique de plancher sur les open spaces. La derni\u00e8re version du protocole de d\u00e9confinement en entreprises, guide pratique pour faire face \u00e0 la crise sanitaire, remonte \u00e0 d\u00e9but ao\u00fbt, mais en r\u00e9alit\u00e9 la derni\u00e8re grosse mise \u00e0 jour date de fin juin. Depuis, les Fran\u00e7ais qui le peuvent sont partis en vacances et le coronavirus a continu\u00e9 de circuler. <\/p>\n<p>Les indicateurs statistiques de contaminations sont repartis \u00e0 la hausse et inqui\u00e8tent autorit\u00e9s sanitaires et gouvernement, qui craignent une deuxi\u00e8me vague susceptible de faire tanguer de nouveau le syst\u00e8me hospitalier et l&rsquo;\u00e9conomie.<\/p>\n<p>Devant les obligations de porter le masque \u00e0 l&rsquo;ext\u00e9rieur prises dans certaines villes, comme Paris et Marseille, plusieurs m\u00e9decins militaient pour qu&rsquo;il devienne obligatoire dans les espaces clos que sont les entreprises.<\/p>\n<p><strong>Des foyers \u00e9pid\u00e9miques situ\u00e9s en entreprise<\/strong><\/p>\n<p>Selon les derniers chiffres de Sant\u00e9 publique France, 24 % des \u00ab clusters \u00bb, foyers de contamination, sont situ\u00e9s en entreprise (hors \u00e9tablissements m\u00e9dicaux). \u00ab D&rsquo;apr\u00e8s les chiffres qu&rsquo;on nous a pr\u00e9sent\u00e9s, la moiti\u00e9 des clusters d&rsquo;entreprises sont des abattoirs ou des exploitations agricoles \u00bb, a expliqu\u00e9 Michel Beaugas, de FO. <\/p>\n<p>Ainsi, au d\u00e9but de l&rsquo;\u00e9t\u00e9, le coronavirus a circul\u00e9 parmi les saisonniers agricoles en Provence mais aussi en Mayenne via les abattoirs. Pour les activit\u00e9s de bureau plus traditionnelles, \u00c9lisabeth Borne ne voit \u00ab pas de raison \u00bb de remettre en cause la r\u00e8gle actuelle \u00ab imposant un m\u00e8tre carr\u00e9 par poste de travail, r\u00e8gle \u00e9tablie fin juin, ni d&rsquo;imposer le masque dans les bureaux individuels \u00bb.<\/p>\n<p>Le pr\u00e9sident de la CPME (Conf\u00e9d\u00e9ration des petites et moyennes entreprises), Fran\u00e7ois Asselin y voit \u00ab du bon sens \u00bb. \u00ab Si vous \u00eates tout seul dans votre espace de travail, pourquoi vous imposer le port du masque ? Par contre, si vous sortez de votre espace de travail et que vous empruntez un couloir ou une salle de r\u00e9union o\u00f9 il y a du monde, ce n&rsquo;est pas un probl\u00e8me de vous demander de porter un masque. \u00bb <\/p>\n<p>L&rsquo;ex\u00e9cutif est sur \u00ab une ligne de cr\u00eate pas \u00e9vidente \u00e0 tenir \u00bb, dit-il \u00e0 l&rsquo;Agence France-Presse, car \u00ab il faut avoir un message de sensibilisation \u00bb et \u00ab en m\u00eame temps \u00e9viter d&rsquo;envoyer des messages trop anxiog\u00e8nes qui viendraient gripper l&rsquo;activit\u00e9 dont tout le monde a besoin \u00bb. (AFP)<\/p>\n","protected":false},"excerpt":{"rendered":"<p>\u00c9lisabeth Borne, ministre du Travail, a pr\u00e9sent\u00e9 ce les mesures sanitaires susceptibles d&rsquo;\u00eatre appliqu\u00e9es dans les entreprises d\u00e8s septembre. Dans les entreprises, le port du masque sera de rigueur d\u00e8s le 1er septembre. Rejoignant les appels r\u00e9cents \u00e9mis par plusieurs infectiologues, le minist\u00e8re du Travail annonce, la mise en place du \u00ab port du masque [&hellip;]<\/p>\n","protected":false},"author":1,"featured_media":7363,"comment_status":"open","ping_status":"closed","sticky":false,"template":"","format":"standard","meta":{"footnotes":""},"categories":[1],"tags":[1342,1341],"class_list":["post-7362","post","type-post","status-publish","format-standard","has-post-thumbnail","hentry","category-economie","tag-entreprise","tag-port-du-masque-obligatoire"],"aioseo_notices":[],"_links":{"self":[{"href":"https:\/\/www.culturalusa.com\/news\/wp-json\/wp\/v2\/posts\/7362","targetHints":{"allow":["GET"]}}],"collection":[{"href":"https:\/\/www.culturalusa.com\/news\/wp-json\/wp\/v2\/posts"}],"about":[{"href":"https:\/\/www.culturalusa.com\/news\/wp-json\/wp\/v2\/types\/post"}],"author":[{"embeddable":true,"href":"https:\/\/www.culturalusa.com\/news\/wp-json\/wp\/v2\/users\/1"}],"replies":[{"embeddable":true,"href":"https:\/\/www.culturalusa.com\/news\/wp-json\/wp\/v2\/comments?post=7362"}],"version-history":[{"count":0,"href":"https:\/\/www.culturalusa.com\/news\/wp-json\/wp\/v2\/posts\/7362\/revisions"}],"wp:featuredmedia":[{"embeddable":true,"href":"https:\/\/www.culturalusa.com\/news\/wp-json\/wp\/v2\/media\/7363"}],"wp:attachment":[{"href":"https:\/\/www.culturalusa.com\/news\/wp-json\/wp\/v2\/media?parent=7362"}],"wp:term":[{"taxonomy":"category","embeddable":true,"href":"https:\/\/www.culturalusa.com\/news\/wp-json\/wp\/v2\/categories?post=7362"},{"taxonomy":"post_tag","embeddable":true,"href":"https:\/\/www.culturalusa.com\/news\/wp-json\/wp\/v2\/tags?post=7362"}],"curies":[{"name":"wp","href":"https:\/\/api.w.org\/{rel}","templated":true}]}}