{"id":7379,"date":"2020-08-27T12:08:07","date_gmt":"2020-08-27T10:08:07","guid":{"rendered":"https:\/\/www.culturalusa.com\/news\/?p=7379"},"modified":"2020-09-24T13:58:57","modified_gmt":"2020-09-24T11:58:57","slug":"le-masque-est-obligatoire-des-11-ans-y-compris-a-la-recreation","status":"publish","type":"post","link":"https:\/\/www.culturalusa.com\/news\/actualite\/le-masque-est-obligatoire-des-11-ans-y-compris-a-la-recreation\/","title":{"rendered":"Le masque est obligatoire d\u00e8s 11 ans, y compris \u00e0 la r\u00e9cr\u00e9ation"},"content":{"rendered":"<p>Le ministre de l&rsquo;Education nationale Jean-Michel Blanquer a pr\u00e9cis\u00e9 jeudi que le port du masque serait obligatoire \u00e0 partir du coll\u00e8ge y compris \u00e0 la r\u00e9cr\u00e9ation pour cette rentr\u00e9e scolaire.<\/p>\n<p>\u00ab\u00a0C&rsquo;est ce qu&rsquo;on a fix\u00e9 comme r\u00e8gle\u00a0\u00bb, a-t-il dit sur France inter. Un protocole sanitaire actualis\u00e9 publi\u00e9 jeudi sur le site du minist\u00e8re souligne que \u00ab\u00a0pour les coll\u00e9giens et les lyc\u00e9ens, le port du masque +grand public+ est obligatoire dans les espaces clos ainsi que dans les espaces ext\u00e9rieurs\u00a0\u00bb.<\/p>\n<p>Pour r\u00e9agir face \u00e0 la nouvelle pouss\u00e9e r\u00e9cente du coronavirus, le ministre avait annonc\u00e9 la semaine derni\u00e8re que le port du masque serait d\u00e9sormais obligatoire pour les \u00e9l\u00e8ves de plus de 11 ans.<\/p>\n<p>Dans le nouveau protocole sanitaire, il est pr\u00e9cis\u00e9 qu&rsquo;il n&rsquo;est \u00ab\u00a0pas obligatoire lorsqu&rsquo;il est incompatible avec l&rsquo;activit\u00e9 (prise de repas, nuit en internat, pratiques sportives, etc.)\u00a0\u00bb.<\/p>\n<p>Dans ces situations, une \u00ab\u00a0attention particuli\u00e8re\u00a0\u00bb devra \u00eatre port\u00e9e \u00e0 la \u00ab\u00a0limitation du brassage et\/ou au respect de la distanciation\u00a0\u00bb. Lors de sa conf\u00e9rence de presse de rentr\u00e9e mercredi, Jean-Michel Blanquer a indiqu\u00e9 que tous les enseignants, y compris ceux de maternelle, seraient aussi tenus de porter un masque.<\/p>\n<p>Interrog\u00e9 sur France inter par un enseignant de grande section et CP sur la difficult\u00e9 d&rsquo;inculquer l&rsquo;apprentissage de la langue avec un masque, le ministre a r\u00e9pondu que des \u00ab\u00a0masques transparents\u00a0\u00bb seraient distribu\u00e9s au cours des prochains jours, \u00ab\u00a0quand c&rsquo;est n\u00e9cessaire\u00a0\u00bb.<\/p>\n<p>En maternelle, \u00ab\u00a0cela peut se justifier fortement\u00a0\u00bb ainsi que pour pour les professeurs en charge d&rsquo;enfants malentendants \u00ab\u00a0qui ont besoin de lire sur les l\u00e8vres\u00a0\u00bb, a pr\u00e9cis\u00e9 M. Blanquer.<\/p>\n<p>Et quant aux craintes d&rsquo;une forte circulation du virus dans des classes bond\u00e9es, \u00e0 plus de 30 ou 35 \u00e9l\u00e8ves, \u00ab\u00a0aujourd&rsquo;hui on consid\u00e8re que le port du masque compense (l&rsquo;absence de) la distanciation physique\u00a0\u00bb, a-t-il soulign\u00e9. (AFP)<\/p>\n","protected":false},"excerpt":{"rendered":"<p>Le ministre de l&rsquo;Education nationale Jean-Michel Blanquer a pr\u00e9cis\u00e9 jeudi que le port du masque serait obligatoire \u00e0 partir du coll\u00e8ge y compris \u00e0 la r\u00e9cr\u00e9ation pour cette rentr\u00e9e scolaire. \u00ab\u00a0C&rsquo;est ce qu&rsquo;on a fix\u00e9 comme r\u00e8gle\u00a0\u00bb, a-t-il dit sur France inter. Un protocole sanitaire actualis\u00e9 publi\u00e9 jeudi sur le site du minist\u00e8re souligne que [&hellip;]<\/p>\n","protected":false},"author":1,"featured_media":7380,"comment_status":"open","ping_status":"closed","sticky":false,"template":"","format":"standard","meta":{"footnotes":""},"categories":[30],"tags":[1344,1313],"class_list":["post-7379","post","type-post","status-publish","format-standard","has-post-thumbnail","hentry","category-actualite","tag-education-nationale","tag-masque-obligatoire"],"aioseo_notices":[],"_links":{"self":[{"href":"https:\/\/www.culturalusa.com\/news\/wp-json\/wp\/v2\/posts\/7379","targetHints":{"allow":["GET"]}}],"collection":[{"href":"https:\/\/www.culturalusa.com\/news\/wp-json\/wp\/v2\/posts"}],"about":[{"href":"https:\/\/www.culturalusa.com\/news\/wp-json\/wp\/v2\/types\/post"}],"author":[{"embeddable":true,"href":"https:\/\/www.culturalusa.com\/news\/wp-json\/wp\/v2\/users\/1"}],"replies":[{"embeddable":true,"href":"https:\/\/www.culturalusa.com\/news\/wp-json\/wp\/v2\/comments?post=7379"}],"version-history":[{"count":0,"href":"https:\/\/www.culturalusa.com\/news\/wp-json\/wp\/v2\/posts\/7379\/revisions"}],"wp:featuredmedia":[{"embeddable":true,"href":"https:\/\/www.culturalusa.com\/news\/wp-json\/wp\/v2\/media\/7380"}],"wp:attachment":[{"href":"https:\/\/www.culturalusa.com\/news\/wp-json\/wp\/v2\/media?parent=7379"}],"wp:term":[{"taxonomy":"category","embeddable":true,"href":"https:\/\/www.culturalusa.com\/news\/wp-json\/wp\/v2\/categories?post=7379"},{"taxonomy":"post_tag","embeddable":true,"href":"https:\/\/www.culturalusa.com\/news\/wp-json\/wp\/v2\/tags?post=7379"}],"curies":[{"name":"wp","href":"https:\/\/api.w.org\/{rel}","templated":true}]}}