{"id":7392,"date":"2020-09-04T18:33:47","date_gmt":"2020-09-04T16:33:47","guid":{"rendered":"https:\/\/www.culturalusa.com\/news\/?p=7392"},"modified":"2020-09-24T13:57:20","modified_gmt":"2020-09-24T11:57:20","slug":"emmanuel-macron-appelle-a-proteger-une-republique-fragile","status":"publish","type":"post","link":"https:\/\/www.culturalusa.com\/news\/economie\/emmanuel-macron-appelle-a-proteger-une-republique-fragile\/","title":{"rendered":"Emmanuel Macron appelle \u00e0 \u00ab\u00a0prot\u00e9ger\u00a0\u00bb une R\u00e9publique \u00ab\u00a0fragile\u00a0\u00bb"},"content":{"rendered":"<p>Le Pr\u00e9sident a averti que la R\u00e9publique est \u00ab\u00a0toujours \u00e0 prot\u00e9ger\u00a0\u00bb car elle est \u00ab\u00a0fragile et \u00ab\u00a0pr\u00e9caire\u00a0\u00bb, en pronon\u00e7ant un \u00e9loge de ce r\u00e9gime politique qui ne doit, parce qu&rsquo;il est \u00ab\u00a0indivisible\u00a0\u00bb, admettre \u00ab\u00a0aucune aventure s\u00e9paratiste\u00a0\u00bb.<\/p>\n<p>Dans un discours au Panth\u00e9on \u00e0 l&rsquo;occasion des 150 ans de la proclamation de la R\u00e9publique, le chef de l&rsquo;Etat a d\u00e9fendu la notion de \u00ab\u00a0patriotisme r\u00e9publicain\u00a0\u00bb qu&rsquo;il a d\u00e9velopp\u00e9e ces derniers mois.<\/p>\n<p>Cette allocution, prononc\u00e9e d&rsquo;un ton grave, est le pr\u00e9lude \u00e0 une s\u00e9rie d&rsquo;initiatives dans les domaines r\u00e9galiens, en particulier sur la s\u00e9curit\u00e9, le s\u00e9paratisme et l&rsquo;\u00e9galit\u00e9 des chances. Elles seront notamment au menu du s\u00e9minaire gouvernemental de rentr\u00e9e, mercredi 9 septembre.<\/p>\n<p>Dans le cadre tr\u00e8s solennel du Panth\u00e9on, o\u00f9 reposent les h\u00e9ros fran\u00e7ais, Emmanuel Macron a symboliquement remis leur d\u00e9cret de naturalisations \u00e0 cinq nouveaux citoyens &#8211; Matthew, Noura, Patricia, Catherine et Rana &#8211; originaires du Cameroun, du P\u00e9rou ou encore du Liban et r\u00e9sidents en France parfois depuis tr\u00e8s longtemps.<\/p>\n<p>\u00ab\u00a0Devenir Fran\u00e7ais, c&rsquo;est avoir ancr\u00e9 en soi-m\u00eame la conscience que, parce que la R\u00e9publique est toujours fragile, toujours pr\u00e9caire, elle doit \u00eatre une conqu\u00eate de chaque jour\u00a0\u00bb, leur a-t-il dit.<\/p>\n<p>\u00ab\u00a0Quand on a chant\u00e9 la Marseillaise, quand il m&rsquo;a remis mon d\u00e9cret, j&rsquo;\u00e9tais \u00e9mue\u00a0\u00bb, a t\u00e9moign\u00e9 Catherine, quadrag\u00e9naire n\u00e9e au Cameroun. \u00ab\u00a0Je suis arriv\u00e9e en 2000, \u00e7a fait 20 ans que je contribue, que je travaille\u00a0\u00bb.<\/p>\n<p>Pour Emmanuel Macron, \u00ab\u00a0\u00eatre Fran\u00e7ais\u00a0\u00bb c&rsquo;est aussi \u00ab\u00a0\u00eatre du c\u00f4t\u00e9 des combattants de la libert\u00e9. Et plus encore quand les renoncements prosp\u00e8rent, quand la censure progresse\u00a0\u00bb.<\/p>\n<p>Au moment o\u00f9 se tient le proc\u00e8s des attentats de janvier 2015, dont celui de Charlie Hebdo, il a insist\u00e9 sur le fait que la la\u00efcit\u00e9, \u00ab\u00a0qui garantit la libert\u00e9 de croire ou de ne pas croire\u00a0\u00bb, n&rsquo;\u00e9tait \u00ab\u00a0pas s\u00e9parable d\u2019une libert\u00e9 d\u2019expression allant jusqu\u2019au droit au blasph\u00e8me\u00a0\u00bb.<\/p>\n<p>\u00ab\u00a0Il n&rsquo;y aura jamais de place en France pour ceux qui, souvent au nom d\u2019un Dieu, parfois avec l\u2019aide de puissances \u00e9trang\u00e8res, entendent imposer la loi d\u2019un groupe\u00a0\u00bb, a-t-il pr\u00e9venu. En pr\u00e9cisant qu'\u00a0\u00bbun projet de loi de lutte contre les s\u00e9paratismes sera pr\u00e9sent\u00e9 d\u00e8s cet automne\u00a0\u00bb.<\/p>\n<p>Emmanuel Macron remet ainsi en chantier un dossier lanc\u00e9 en f\u00e9vrier, interrompu par la crise sanitaire. Il avait alors annonc\u00e9, dans un quartier populaire de Mulhouse, un plan contre le \u00ab\u00a0s\u00e9paratisme islamiste\u00a0\u00bb comprenant la fin des imams \u00e9trangers d\u00e9tach\u00e9s et un contr\u00f4le du financement des mosqu\u00e9es.<\/p>\n<p><strong>Repentance<\/strong><\/p>\n<p>En pr\u00e9sence du ministre de l&rsquo;Int\u00e9rieur G\u00e9rald Darmanin et de la ministre d\u00e9l\u00e9gu\u00e9e \u00e0 la Citoyennet\u00e9 Marl\u00e8ne Schiappa, le chef de l&rsquo;Etat a par ailleurs promis d&rsquo;aller \u00ab\u00a0plus loin, plus fort, dans les semaines qui viennent\u00a0\u00bb pour promouvoir \u00ab\u00a0l&rsquo;\u00e9galit\u00e9 des chances\u00a0\u00bb, qui est \u00ab\u00a0une priorit\u00e9 du quinquennat\u00a0\u00bb.<\/p>\n<p>\u00ab\u00a0Chaque citoyen, quel que soit le lieu o\u00f9 il vit, le milieu d&rsquo;o\u00f9 il vient, doit pouvoir construire sa vie par son travail, par son m\u00e9rite. Nous sommes encore loin, trop loin de cet id\u00e9al\u00a0\u00bb, a-t-il regrett\u00e9.<\/p>\n<p>Alors que l&rsquo;actualit\u00e9 r\u00e9cente a \u00e9t\u00e9 rythm\u00e9e par une s\u00e9rie d&rsquo;agressions violentes contre des forces de l&rsquo;ordre ou des \u00e9lus, Emmanuel Macron a assur\u00e9 que leurs agresseurs, ainsi que ceux de magistrats, \u00ab\u00a0ne passeront pas\u00a0\u00bb et devaient \u00ab\u00a0\u00eatre lourdement condamn\u00e9s\u00a0\u00bb.<\/p>\n<p>Voyant l&rsquo;ins\u00e9curit\u00e9 comme le talon d&rsquo;Achille de la majorit\u00e9, le Rassemblement national et la droite multiplient les attaques \u00e0 moins de deux ans de la pr\u00e9sidentielle.<\/p>\n<p>Val\u00e9rie Boyer, des R\u00e9publicains, a regrett\u00e9 qu&rsquo;Emmanuel Macron soit \u00ab\u00a0dans la repentance perp\u00e9tuelle\u00a0\u00bb alors que \u00ab\u00a0l&rsquo;identit\u00e9 fran\u00e7aise ne doit pas nous faire honte mais nous rendre fiers\u00a0\u00bb.<\/p>\n<p>\u00ab\u00a0Il para\u00eet que les islamistes sont en panique depuis ce matin : Emmanuel Macron compte leur faire signer une CHARTE. Cette d\u00e9connexion devient effrayante\u00a0\u00bb, a r\u00e9agi Jordan Bardella (RN) sur Twitter apr\u00e8s le discours.<\/p>\n<p>A gauche, Jean-Luc M\u00e9lenchon (LFI), a annonc\u00e9 qu&rsquo;il r\u00e9pondrait au pr\u00e9sident solennellement \u00ab\u00a0le 21 septembre, vrai anniversaire de la fondation de la R\u00e9publique en France\u00a0\u00bb, en faisant allusion au 21 septembre 1792, date de la premi\u00e8re R\u00e9publique. \u00ab\u00a0Non, monsieur le pr\u00e9sident, la R\u00e9publique fran\u00e7aise n&rsquo;est pas ce que vous en dites\u00a0\u00bb, a-t-il ajout\u00e9. (AFP)<\/p>\n","protected":false},"excerpt":{"rendered":"<p>Le Pr\u00e9sident a averti que la R\u00e9publique est \u00ab\u00a0toujours \u00e0 prot\u00e9ger\u00a0\u00bb car elle est \u00ab\u00a0fragile et \u00ab\u00a0pr\u00e9caire\u00a0\u00bb, en pronon\u00e7ant un \u00e9loge de ce r\u00e9gime politique qui ne doit, parce qu&rsquo;il est \u00ab\u00a0indivisible\u00a0\u00bb, admettre \u00ab\u00a0aucune aventure s\u00e9paratiste\u00a0\u00bb. Dans un discours au Panth\u00e9on \u00e0 l&rsquo;occasion des 150 ans de la proclamation de la R\u00e9publique, le chef de [&hellip;]<\/p>\n","protected":false},"author":1,"featured_media":7393,"comment_status":"open","ping_status":"closed","sticky":false,"template":"","format":"standard","meta":{"footnotes":""},"categories":[1],"tags":[642,1350],"class_list":["post-7392","post","type-post","status-publish","format-standard","has-post-thumbnail","hentry","category-economie","tag-emmanuel-macron","tag-proteger-republique"],"aioseo_notices":[],"_links":{"self":[{"href":"https:\/\/www.culturalusa.com\/news\/wp-json\/wp\/v2\/posts\/7392","targetHints":{"allow":["GET"]}}],"collection":[{"href":"https:\/\/www.culturalusa.com\/news\/wp-json\/wp\/v2\/posts"}],"about":[{"href":"https:\/\/www.culturalusa.com\/news\/wp-json\/wp\/v2\/types\/post"}],"author":[{"embeddable":true,"href":"https:\/\/www.culturalusa.com\/news\/wp-json\/wp\/v2\/users\/1"}],"replies":[{"embeddable":true,"href":"https:\/\/www.culturalusa.com\/news\/wp-json\/wp\/v2\/comments?post=7392"}],"version-history":[{"count":0,"href":"https:\/\/www.culturalusa.com\/news\/wp-json\/wp\/v2\/posts\/7392\/revisions"}],"wp:featuredmedia":[{"embeddable":true,"href":"https:\/\/www.culturalusa.com\/news\/wp-json\/wp\/v2\/media\/7393"}],"wp:attachment":[{"href":"https:\/\/www.culturalusa.com\/news\/wp-json\/wp\/v2\/media?parent=7392"}],"wp:term":[{"taxonomy":"category","embeddable":true,"href":"https:\/\/www.culturalusa.com\/news\/wp-json\/wp\/v2\/categories?post=7392"},{"taxonomy":"post_tag","embeddable":true,"href":"https:\/\/www.culturalusa.com\/news\/wp-json\/wp\/v2\/tags?post=7392"}],"curies":[{"name":"wp","href":"https:\/\/api.w.org\/{rel}","templated":true}]}}