{"id":7398,"date":"2020-09-10T20:14:19","date_gmt":"2020-09-10T18:14:19","guid":{"rendered":"https:\/\/www.culturalusa.com\/news\/?p=7398"},"modified":"2020-09-24T13:56:24","modified_gmt":"2020-09-24T11:56:24","slug":"le-covid-19-bouscule-leurope-mais-la-chine-se-felicite-davoir-surmonte-la-crise","status":"publish","type":"post","link":"https:\/\/www.culturalusa.com\/news\/actualite\/le-covid-19-bouscule-leurope-mais-la-chine-se-felicite-davoir-surmonte-la-crise\/","title":{"rendered":"Le covid-19 bouscule l&rsquo;Europe, mais la Chine se f\u00e9licite d&rsquo;avoir surmont\u00e9 la crise"},"content":{"rendered":"<p>Le coronavirus contraint le <strong>Parlement europ\u00e9en<\/strong> \u00e0 annuler sa session \u00e0 Strasbourg (France) la semaine prochaine et a atteint m\u00eame l&rsquo;un des n\u00e9gociateurs charg\u00e9s de former le gouvernement belge, tandis que la Chine se targue d&rsquo;avoir pass\u00e9 avec succ\u00e8s le test de la lutte.<\/p>\n<p>La session du Parlement europ\u00e9en pr\u00e9vue la semaine prochaine \u00e0 Strasbourg est annul\u00e9e en raison du risque sanitaire trop \u00e9lev\u00e9 li\u00e9 \u00e0 la pand\u00e9mie de Covid-19 et se tiendra \u00e0 Bruxelles.<\/p>\n<p>\u00ab\u00a0La d\u00e9cision adopt\u00e9e hier par les autorit\u00e9s fran\u00e7aises de classer l&rsquo;ensemble du d\u00e9partement du Bas-Rhin dans la zone rouge nous oblige \u00e0 reconsid\u00e9rer le d\u00e9placement \u00e0 Strasbourg\u00a0\u00bb, a d\u00e9clar\u00e9 le pr\u00e9sident du Parlement europ\u00e9en, David Sassoli.<\/p>\n<p>La rentr\u00e9e s&rsquo;accompagne en Europe d&rsquo;un rebond de cas du Covid-19 qui inqui\u00e8te fortement.<\/p>\n<p><strong>Le roi des Belges va \u00ab\u00a0se faire tester\u00a0\u00bb<\/strong><\/p>\n<p>Le virus s&rsquo;est m\u00eame invit\u00e9 dans les n\u00e9gociations pour former le gouvernement belge: un des deux responsables politiques charg\u00e9s par le roi de piloter ces n\u00e9gociations, Egbert Lachaert, a \u00e9t\u00e9 test\u00e9 positif mardi et il est contraint \u00e0 l&rsquo;isolement, a annonc\u00e9 son parti.<\/p>\n<p>Quant au roi Philippe, il va lui-m\u00eame \u00ab\u00a0se faire tester\u00a0\u00bb \u00e0 son tour, a indiqu\u00e9 le palais royal.<\/p>\n<p>En France, plus de 6.500 cas nouveaux de Covid-19 ont \u00e9t\u00e9 comptabilis\u00e9s au cours des derni\u00e8res 24 heures, la Direction g\u00e9n\u00e9rale de la sant\u00e9 (DGS) alertant sur \u00ab\u00a0une nette d\u00e9gradation de la situation\u00a0\u00bb.<\/p>\n<p><strong>L&rsquo;Espagne<\/strong>, pays europ\u00e9en parmi les plus touch\u00e9s par la pand\u00e9mie, a d\u00e9pass\u00e9 la barre des 500.000 cas diagnostiqu\u00e9s. Les \u00e9coles ont rouvert, mais de nombreux parents refusent de renvoyer leurs enfants en classe, en d\u00e9pit de la menace de sanctions.<\/p>\n<p>Pour le pr\u00e9sident chinois, Xi Jinping, en revanche, l&rsquo;heure \u00e9tait venue de remettre des m\u00e9dailles \u00e0 quatre \u00ab\u00a0h\u00e9ros\u00a0\u00bb du personnel m\u00e9dical, devant des centaines d&rsquo;invit\u00e9s masqu\u00e9s qui avaient pris place dans l&rsquo;imposant Palais du Peuple, au bord de la place Tiananmen, \u00e0 P\u00e9kin.<\/p>\n<p>\u00ab\u00a0Nous avons men\u00e9 contre l&rsquo;\u00e9pid\u00e9mie une grande bataille qui s&rsquo;est r\u00e9v\u00e9l\u00e9e bouleversante pour nous tous. Nous avons travers\u00e9 une \u00e9preuve historique et extr\u00eamement ardue\u00a0\u00bb, a d\u00e9clar\u00e9 le pr\u00e9sident chinois.<\/p>\n<p><strong>La Chine<\/strong> ne compte officiellement que 4.634 morts du Covid-19 et les autorit\u00e9s ont largement endigu\u00e9 la maladie dans le pays. Seuls une poign\u00e9e de nouveaux cas journaliers sont d\u00e9sormais recens\u00e9s.<\/p>\n<p>Le pays est n\u00e9anmoins dans le collimateur des Etats-Unis, qui d\u00e9noncent sa gestion de l&rsquo;\u00e9pid\u00e9mie et l&rsquo;accusent d&rsquo;avoir cach\u00e9 la s\u00e9v\u00e9rit\u00e9 du nouveau coronavirus, d\u00e9couvert fin 2019 dans la ville de Wuhan (centre).<\/p>\n<p><strong>Aux Etats-Unis<\/strong>, qui comptent le plus grand nombre de cas (plus de 6,3 millions) et de morts (pr\u00e8s de 190.000) de Covid-19 dans le monde, la pand\u00e9mie prend un tour de plus en plus politique.<\/p>\n<p>Nombre d&rsquo;experts craignent que le pr\u00e9sident am\u00e9ricain Donald Trump fasse pression pour faire autoriser un vaccin contre le coronavirus avant la pr\u00e9sidentielle du 3 novembre, les scientifiques estimant improbable, mais pas impossible, que les essais cliniques donnent des r\u00e9sultats int\u00e9rimaires dans les deux prochains mois.<\/p>\n<p>Joe Biden a expliqu\u00e9 lundi qu&rsquo;il voudrait \u00ab\u00a0voir ce qu&rsquo;en disent les scientifiques\u00a0\u00bb. \u00ab\u00a0Je veux une transparence totale sur ce vaccin\u00a0\u00bb, a-t-il ajout\u00e9, accusant le milliardaire r\u00e9publicain de \u00ab\u00a0saper la confiance du public\u00a0\u00bb en politisant des questions de sant\u00e9 publique.<\/p>\n<p><strong>Le Taj Mahal va rouvrir<\/strong><\/p>\n<p>Apr\u00e8s les Etats-Unis, <strong>l&rsquo;Inde<\/strong> est d\u00e9sormais le deuxi\u00e8me pays du monde recensant le plus grand nombre de cas de Covid-19 (pr\u00e8s de 4,3 millions) et d\u00e9passe le Br\u00e9sil.<\/p>\n<p>Ce qui n&rsquo;a pas emp\u00each\u00e9 les autorit\u00e9s indiennes d&rsquo;annoncer mardi la r\u00e9ouverture, le 21 septembre, du Taj Mahal, principale attraction touristique du pays, avec de strictes restrictions sanitaires.<\/p>\n<p>L&rsquo;Inde, qui enregistre depuis ao\u00fbt des records mondiaux quotidiens de hausse du nombre de cas de Covid-19, tente de relancer ses activit\u00e9s alors que son \u00e9conomie a durement souffert de la crise sanitaire.<\/p>\n<p><strong>L&rsquo;Afrique du Sud<\/strong> a \u00e9galement vu son \u00e9conomie, la plus industrialis\u00e9e d&rsquo;Afrique, d\u00e9vast\u00e9e par le confinement li\u00e9 \u00e0 la pand\u00e9mie: son PIB s&rsquo;est effondr\u00e9 de 51% au deuxi\u00e8me trimestre, selon le gouvernement.<\/p>\n<p><strong>Les JO de Tokyo \u00ab\u00a0\u00e0 tout prix\u00a0\u00bb<\/strong><\/p>\n<p>Le regain de la pand\u00e9mie de Covid-19, qui a fait pr\u00e8s de 900.000 morts, continue aussi de perturber le monde du sport.<\/p>\n<p>Le directeur du Tour de France Christian Prudhomme a \u00e9t\u00e9 test\u00e9 positif au Covid-19 et doit s&rsquo;\u00e9carter de l&rsquo;\u00e9preuve pendant une semaine.<\/p>\n<p><strong>En Belgique<\/strong>, l&rsquo;ensemble de la s\u00e9lection nationale de football, staff y compris, doit subir des tests apr\u00e8s qu&rsquo;un joueur, le d\u00e9fenseur Brandon Mechele, a \u00e9t\u00e9 infect\u00e9.<\/p>\n<p>Toujours en football, l&rsquo;international fran\u00e7ais Kylian Mbapp\u00e9, test\u00e9 positif, a d\u00e9clar\u00e9 forfait pour le match \u00e0 huis clos contre la Croatie pr\u00e9vu mardi soir pr\u00e8s de Paris. Ses co\u00e9quipiers Paul Pogba et Houssem Aouar, contamin\u00e9s fin ao\u00fbt, seront \u00e9galement absents.<\/p>\n<p>Apr\u00e8s avoir d\u00e9j\u00e0 d\u00e9clar\u00e9 forfait pour l&rsquo;US Open \u00e0 cause de l&rsquo;\u00e9pid\u00e9mie, l&rsquo;Australienne Ashleigh Barty, num\u00e9ro un mondial du tennis, qui avait remport\u00e9 Roland Garros l&rsquo;an dernier, a renonc\u00e9 lundi \u00e0 se rendre \u00e0 Paris, \u00e9voquant \u00ab\u00a0les risques sanitaires\u00a0\u00bb.<\/p>\n<p>Report\u00e9 en raison de la pand\u00e9mie, le tournoi doit d\u00e9marrer le 27 septembre avec un public r\u00e9duit et masqu\u00e9, et des joueurs cantonn\u00e9s dans deux h\u00f4tels des environs et r\u00e9guli\u00e8rement test\u00e9s.<\/p>\n<p>Quant aux Jeux de Tokyo 2020, report\u00e9s en raison du coronavirus, ils doivent malgr\u00e9 les incertitudes avoir lieu l&rsquo;an prochain \u00ab\u00a0\u00e0 tout prix\u00a0\u00bb, \u00e9tant donn\u00e9 les efforts d\u00e9ploy\u00e9s par les athl\u00e8tes pour \u00eatre pr\u00eats, a d\u00e9clar\u00e9 mardi la ministre japonaise des Jeux olympiques Seiko Hashimoto. (AFP)<\/p>\n<div><\/div>\n","protected":false},"excerpt":{"rendered":"<p>Le coronavirus contraint le Parlement europ\u00e9en \u00e0 annuler sa session \u00e0 Strasbourg (France) la semaine prochaine et a atteint m\u00eame l&rsquo;un des n\u00e9gociateurs charg\u00e9s de former le gouvernement belge, tandis que la Chine se targue d&rsquo;avoir pass\u00e9 avec succ\u00e8s le test de la lutte. La session du Parlement europ\u00e9en pr\u00e9vue la semaine prochaine \u00e0 Strasbourg [&hellip;]<\/p>\n","protected":false},"author":1,"featured_media":7399,"comment_status":"open","ping_status":"closed","sticky":false,"template":"","format":"standard","meta":{"footnotes":""},"categories":[30],"tags":[152,1214,252],"class_list":["post-7398","post","type-post","status-publish","format-standard","has-post-thumbnail","hentry","category-actualite","tag-chine","tag-covid-19","tag-parlement-europeen"],"aioseo_notices":[],"_links":{"self":[{"href":"https:\/\/www.culturalusa.com\/news\/wp-json\/wp\/v2\/posts\/7398","targetHints":{"allow":["GET"]}}],"collection":[{"href":"https:\/\/www.culturalusa.com\/news\/wp-json\/wp\/v2\/posts"}],"about":[{"href":"https:\/\/www.culturalusa.com\/news\/wp-json\/wp\/v2\/types\/post"}],"author":[{"embeddable":true,"href":"https:\/\/www.culturalusa.com\/news\/wp-json\/wp\/v2\/users\/1"}],"replies":[{"embeddable":true,"href":"https:\/\/www.culturalusa.com\/news\/wp-json\/wp\/v2\/comments?post=7398"}],"version-history":[{"count":0,"href":"https:\/\/www.culturalusa.com\/news\/wp-json\/wp\/v2\/posts\/7398\/revisions"}],"wp:featuredmedia":[{"embeddable":true,"href":"https:\/\/www.culturalusa.com\/news\/wp-json\/wp\/v2\/media\/7399"}],"wp:attachment":[{"href":"https:\/\/www.culturalusa.com\/news\/wp-json\/wp\/v2\/media?parent=7398"}],"wp:term":[{"taxonomy":"category","embeddable":true,"href":"https:\/\/www.culturalusa.com\/news\/wp-json\/wp\/v2\/categories?post=7398"},{"taxonomy":"post_tag","embeddable":true,"href":"https:\/\/www.culturalusa.com\/news\/wp-json\/wp\/v2\/tags?post=7398"}],"curies":[{"name":"wp","href":"https:\/\/api.w.org\/{rel}","templated":true}]}}