{"id":7407,"date":"2020-09-11T00:01:15","date_gmt":"2020-09-10T22:01:15","guid":{"rendered":"https:\/\/www.culturalusa.com\/news\/?p=7407"},"modified":"2020-09-24T13:55:39","modified_gmt":"2020-09-24T11:55:39","slug":"portugal-presidentielles-de-andre-ventura-a-tino-de-rans-il-y-a-deja-huit-pre-candidats-pour-belem","status":"publish","type":"post","link":"https:\/\/www.culturalusa.com\/news\/portugal\/portugal-presidentielles-de-andre-ventura-a-tino-de-rans-il-y-a-deja-huit-pre-candidats-pour-belem\/","title":{"rendered":"Portugal Pr\u00e9sidentielles: de Andr\u00e9 Ventura \u00e0 Tino de Rans, il y a d\u00e9j\u00e0 huit pr\u00e9-candidats pour Bel\u00e9m"},"content":{"rendered":"<p>\u00c0 six mois de la fin du mandat de l&rsquo;actuel pr\u00e9sident de la R\u00e9publique du Portugal, il y a d\u00e9j\u00e0 huit pr\u00e9-candidats \u00e0 la place de <strong>Marcelo Rebelo de Sousa<\/strong>, m\u00eame si le nom de l&rsquo;un d&rsquo;entre eux est encore inconnu.<\/p>\n<p>Les candidatures \u00e0 la pr\u00e9sidence de la R\u00e9publique ne sont valables qu&rsquo;apr\u00e8s acceptation formelle par la Cour constitutionnelle, et apr\u00e8s pr\u00e9sentation et v\u00e9rification d&rsquo;un minimum de 7500 et d&rsquo;un maximum de 15000 signatures d&rsquo;\u00e9lecteurs, jusqu&rsquo;\u00e0 trente jours avant la date de l&rsquo;\u00e9lection, qui doit \u00eatre effectu\u00e9e \u00e0 la fin de janvier de l\u2019ann\u00e9e prochaine.<\/p>\n<p>Chronologiquement, il a \u00e9t\u00e9 le chef et l&rsquo;unique adjoint du <strong>parti CHEGA<\/strong>, Andr\u00e9 Ventura, le premier \u00e0 pr\u00e9senter publiquement son intention de se pr\u00e9senter \u00e0 la plus haute fonction du pays, le 29 f\u00e9vrier, \u00e0 Portalegre.<\/p>\n<p>Fin juillet, il y a eu des manifestations de volont\u00e9 de se pr\u00e9senter \u00e0 Bel\u00e9m de la part de l&rsquo;avocat et fondateur du <strong>parti Iniciativa Liberal<\/strong> (Initiative Lib\u00e9rale), Tiago Mayan Gon\u00e7alves, et du pr\u00e9sident du Parti r\u00e9publicain d\u00e9mocrate (PDR), Bruno Fialho.<\/p>\n<p>Mais c&rsquo;est dans la semaine que l&rsquo;actuel chef de l&rsquo;Etat est entr\u00e9 dans le dernier semestre de son quinquennat (mercredi 9 septembre) et que, aux termes de la Constitution, il perd le pouvoir de dissolution de l&rsquo;Assembl\u00e9e de la R\u00e9publique que la question les \u00e9lections pr\u00e9sidentielles sont entr\u00e9es dans l&rsquo;agenda politique.<\/p>\n<p>Samedi, l&rsquo;eurod\u00e9put\u00e9e et la dirigeante du Bloco de Esquerda (BE) <strong>Marisa Matias<\/strong> ont annonc\u00e9 qu&rsquo;elle se pr\u00e9senterait \u00e0 nouveau aux \u00e9lections pr\u00e9sidentielles de l&rsquo;ann\u00e9e prochaine, avec une pr\u00e9sentation pr\u00e9vue au Largo do Carmo, \u00e0 Lisbonne.<\/p>\n<p>Marisa Matias est, parmi les noms connus jusqu&rsquo;\u00e0 pr\u00e9sent, la seule \u00abr\u00e9p\u00e9tition\u00bb dans la course \u00e0 Bel\u00e9m, apr\u00e8s avoir obtenu en 2016 le meilleur r\u00e9sultat jamais obtenu d&rsquo;un candidat de la zone de blocage politique, \u00e9tant \u00e0 la troisi\u00e8me place, avec 10,12% des v\u0153ux.<\/p>\n<p>Le lendemain, ce sera au tour de l&rsquo;ancienne eurod\u00e9put\u00e9e socialiste <strong>Ana Gomes<\/strong> de pr\u00e9senter sa candidature \u00e0 la pr\u00e9sidence de la R\u00e9publique \u00e0 la Casa da Imprensa, \u00e0 Lisbonne, apr\u00e8s avoir confirm\u00e9 ce mardi matin qu&rsquo;elle avancerait.<\/p>\n<p>Bien qu&rsquo;il b\u00e9n\u00e9ficie d\u00e9j\u00e0 d&rsquo;un soutien au sein du PS, l&rsquo;ancien leader parlementaire et ancien eurod\u00e9put\u00e9 socialiste <strong>Francisco Assis<\/strong>, et le leader de la tendance minoritaire au sein de la commission politique du PS, Daniel Adri\u00e3o, le diplomate n&rsquo;a pas garanti le soutien formel des socialistes, apr\u00e8s qu&rsquo;Ant\u00f3nio Costa ait d\u00e9clar\u00e9 r\u00e9cemment qu&rsquo;il aurait une attitude de &lsquo;modestie&rsquo; lors des \u00e9lections pr\u00e9sidentielles et de renvoyer la d\u00e9cision aux organes du parti.<\/p>\n<p>Le m\u00eame jour, \u00e0 Porto, une autre pr\u00e9-candidature \u00e0 Bel\u00e9m sera pr\u00e9sent\u00e9e: celle de l&rsquo;ex-activiste du <strong>parti CDS<\/strong> Orlando Cruz, qui a fait cette annonce \u00e0 trois reprises dans le pass\u00e9, mais qui n&rsquo;a jamais officialis\u00e9 le processus devant la Cour constitutionnelle. .<\/p>\n<p>Outre ces noms, <strong>Vitorino Silva<\/strong>, \u00e9galement connu sous le nom de &lsquo;Tino de Rans&rsquo;, a confirm\u00e9 au \u00ab\u00a0jornal Observateur\u00a0\u00bb qu&rsquo;il allait \u00eatre candidat. Les pav\u00e9s naturels de Penafiel disent vouloir lutter contre le \u00abpopulisme\u00bb.<\/p>\n<p>Enfin, pour samedi la r\u00e9union du Comit\u00e9 central du <strong>PCP<\/strong> est pr\u00e9vue pour d\u00e9cider du candidat aux candidats \u00e0 la pr\u00e9sidentielle soutenu par le parti, dont le nom n&rsquo;a pas encore \u00e9t\u00e9 r\u00e9v\u00e9l\u00e9, mais avec le secr\u00e9taire g\u00e9n\u00e9ral communiste, <strong>Jer\u00f3nimo de Sousa<\/strong>, de s&rsquo;exclure du conflit \u00e0 Bel\u00e9m qui a d\u00e9j\u00e0 combattu en 1996 et 2006.<\/p>\n<p>C&rsquo;est seulement \u00abl\u00e0 pour novembre\u00bb, selon ses propres mots, que Marcelo Rebelo de Sousa annoncera sa d\u00e9cision concernant une \u00e9ventuelle r\u00e9\u00e9lection aux \u00e9lections pr\u00e9sidentielles de 2021, qu&rsquo;il a gard\u00e9es ouvertes tout au long de son mandat, et toujours apr\u00e8s avoir d\u00e9clench\u00e9 les \u00e9lections (ce que vous devez faire au moins 60 jours \u00e0 l&rsquo;avance, conform\u00e9ment \u00e0 la loi).<\/p>\n<p>Au centre-droit, les dirigeants du <strong>PSD<\/strong> et du <strong>CDS-PP<\/strong>, Rui Rio et Francisco Rodrigues dos Santos, ont \u00e9voqu\u00e9 la tenue de r\u00e9unions du parti apr\u00e8s cette annonce pour d\u00e9cider de soutenir Marcelo Rebelo de Sousa (il y a cinq ans, les deux partis ont fait des recommandations pour voter sur l&rsquo;ancien pr\u00e9sident social-d\u00e9mocrate).<\/p>\n<p>Le pr\u00e9sident du gouvernement r\u00e9gional de Mad\u00e8re, le social-d\u00e9mocrate <strong>Miguel Albuquerque<\/strong>, est venu admettre en mai sa propre candidature, et n&rsquo;a pas encore donn\u00e9 cette hypoth\u00e8se comme totalement close, affirmant que \u00abcela d\u00e9pendra des positions et des programmes que les candidats, dont le professeur Marcelo Rebelo de Sousa, prenez en relation avec Mad\u00e8re et la d\u00e9fense de ses principales propositions \u00bb.<\/p>\n<p>Il y a cinq ans, la Cour constitutionnelle a admis les dix candidatures officielles aux \u00e9lections pr\u00e9sidentielles, ce qui \u00e9tait un nombre record.<\/p>\n<p>Les dix candidats \u00e0 l&rsquo;\u00e9lection pr\u00e9sidentielle du 24 janvier 2016 \u00e9taient: Henrique Neto, Ant\u00f3nio Sampaio da N\u00f3voa, C\u00e2ndido Ferreira, Edgar Silva, Jorge Sequeira, Vitorino Silva (Tino de Rans), Marisa Matias, Maria de Bel\u00e9m Roseira, Marcelo Rebelo de Sousa (qui a remport\u00e9 le premier tour avec 52% des voix) et Paulo de Morais.<\/p>\n<p>Avant, il y avait eu au maximum six candidatures aux \u00e9lections pr\u00e9sidentielles, en 1980, en 2006 et 2011.<\/p>\n","protected":false},"excerpt":{"rendered":"<p>\u00c0 six mois de la fin du mandat de l&rsquo;actuel pr\u00e9sident de la R\u00e9publique du Portugal, il y a d\u00e9j\u00e0 huit pr\u00e9-candidats \u00e0 la place de Marcelo Rebelo de Sousa, m\u00eame si le nom de l&rsquo;un d&rsquo;entre eux est encore inconnu. Les candidatures \u00e0 la pr\u00e9sidence de la R\u00e9publique ne sont valables qu&rsquo;apr\u00e8s acceptation formelle [&hellip;]<\/p>\n","protected":false},"author":1,"featured_media":7409,"comment_status":"open","ping_status":"closed","sticky":false,"template":"","format":"standard","meta":{"footnotes":""},"categories":[3],"tags":[1355],"class_list":["post-7407","post","type-post","status-publish","format-standard","has-post-thumbnail","hentry","category-portugal","tag-portugal-presidentielles"],"aioseo_notices":[],"_links":{"self":[{"href":"https:\/\/www.culturalusa.com\/news\/wp-json\/wp\/v2\/posts\/7407","targetHints":{"allow":["GET"]}}],"collection":[{"href":"https:\/\/www.culturalusa.com\/news\/wp-json\/wp\/v2\/posts"}],"about":[{"href":"https:\/\/www.culturalusa.com\/news\/wp-json\/wp\/v2\/types\/post"}],"author":[{"embeddable":true,"href":"https:\/\/www.culturalusa.com\/news\/wp-json\/wp\/v2\/users\/1"}],"replies":[{"embeddable":true,"href":"https:\/\/www.culturalusa.com\/news\/wp-json\/wp\/v2\/comments?post=7407"}],"version-history":[{"count":0,"href":"https:\/\/www.culturalusa.com\/news\/wp-json\/wp\/v2\/posts\/7407\/revisions"}],"wp:featuredmedia":[{"embeddable":true,"href":"https:\/\/www.culturalusa.com\/news\/wp-json\/wp\/v2\/media\/7409"}],"wp:attachment":[{"href":"https:\/\/www.culturalusa.com\/news\/wp-json\/wp\/v2\/media?parent=7407"}],"wp:term":[{"taxonomy":"category","embeddable":true,"href":"https:\/\/www.culturalusa.com\/news\/wp-json\/wp\/v2\/categories?post=7407"},{"taxonomy":"post_tag","embeddable":true,"href":"https:\/\/www.culturalusa.com\/news\/wp-json\/wp\/v2\/tags?post=7407"}],"curies":[{"name":"wp","href":"https:\/\/api.w.org\/{rel}","templated":true}]}}