{"id":7424,"date":"2020-09-23T19:31:34","date_gmt":"2020-09-23T17:31:34","guid":{"rendered":"https:\/\/www.culturalusa.com\/news\/?p=7424"},"modified":"2020-09-24T13:52:45","modified_gmt":"2020-09-24T11:52:45","slug":"ue-reforme-de-durcissement-sur-les-renvois-des-migrants-irreguliers","status":"publish","type":"post","link":"https:\/\/www.culturalusa.com\/news\/economie\/ue-reforme-de-durcissement-sur-les-renvois-des-migrants-irreguliers\/","title":{"rendered":"UE: r\u00e9forme de durcissement sur les renvois des migrants irr\u00e9guliers"},"content":{"rendered":"<p>Une r\u00e9forme de l&rsquo;asile sous le feu des critiques, <strong>durcissement sur les renvois des migrants irr\u00e9guliers<\/strong>, contr\u00f4les accrus aux fronti\u00e8res ext\u00e9rieures, <strong>acc\u00e9l\u00e9ration des proc\u00e9dures<\/strong>: Bruxelles a d\u00e9voil\u00e9 une r\u00e9forme de l&rsquo;asile, critiqu\u00e9e par les ONG qui l&rsquo;accusent de c\u00e9der aux pays les plus hostiles \u00e0 l&rsquo;accueil des r\u00e9fugi\u00e9s.<\/p>\n<p>La pr\u00e9sidente de la Commission Ursula von der Leyen a d\u00e9fendu un \u00e9quilibre \u00ab\u00a0juste et raisonnable\u00a0\u00bb entre \u00ab\u00a0responsabilit\u00e9 et solidarit\u00e9\u00a0\u00bb entre les 27. \u00ab\u00a0Nous devons trouver des solutions p\u00e9rennes sur la migration\u00a0\u00bb, a-t-elle plaid\u00e9, soulignant que l&rsquo;incendie du camp grec de Moria \u00e9tait \u00ab\u00a0un rappel brutal\u00a0\u00bb.<\/p>\n<p>Cinq ans apr\u00e8s la crise de 2015, ce nouveau \u00ab\u00a0Pacte europ\u00e9en sur la migration et l&rsquo;asile\u00a0\u00bb pr\u00e9voit que les pays de l&rsquo;UE qui ne veulent pas prendre des demandeurs d&rsquo;asile en cas d&rsquo;afflux devront en revanche participer au renvoi des d\u00e9bout\u00e9s du droit d&rsquo;asile depuis le pays europ\u00e9en o\u00f9 ils sont arriv\u00e9s vers leur Etat d&rsquo;origine.<\/p>\n<p>Une fa\u00e7on de mettre tous les Etats \u00e0 contribution en contournant le refus persistant de plusieurs pays, notamment ceux du groupe de Visegrad (Pologne, Hongrie, R\u00e9publique tch\u00e8que, Slovaquie) d&rsquo;accueillir des migrants.<\/p>\n<p>Bruxelles tire les le\u00e7ons de l&rsquo;\u00e9chec des quotas de relocalisation d\u00e9cid\u00e9s apr\u00e8s 2015 en abandonnant le principe d&rsquo;une r\u00e9partition contraignante des migrants.<\/p>\n<p>Tr\u00e8s attendu et plusieurs fois repouss\u00e9, ce pacte pr\u00e9voit de \u00ab\u00a0rigoureux contr\u00f4les\u00a0\u00bb aux fronti\u00e8res ext\u00e9rieures, de mani\u00e8re \u00e0 \u00e9carter plus rapidement les migrants jug\u00e9s peu susceptibles d&rsquo;obtenir une protection internationale, dont le traitement sera acc\u00e9l\u00e9r\u00e9, a affirm\u00e9 le vice-pr\u00e9sident de la Commission Margaritis Schinas.<\/p>\n<p><strong>Dublin revisit\u00e9<\/strong><\/p>\n<p>Surtout, le pacte r\u00e9vise la r\u00e8gle consistant \u00e0 confier au premier pays d&rsquo;entr\u00e9e d&rsquo;un migrant dans l&rsquo;UE la responsabilit\u00e9 de traiter sa demande d&rsquo;asile.<\/p>\n<p>Ce \u00ab\u00a0r\u00e8glement Dublin\u00a0\u00bb, pilier actuel du syst\u00e8me d&rsquo;asile europ\u00e9en, n&rsquo;a cess\u00e9 d&rsquo;alimenter les tensions entre les 27, en raison de la charge qu&rsquo;il fait porter aux pays g\u00e9ographiquement en premi\u00e8re ligne comme la Gr\u00e8ce et l&rsquo;Italie.<\/p>\n<p>Selon la proposition de la Commission, le pays responsable de la demande pourra \u00eatre celui o\u00f9 un migrant a des liens familiaux, o\u00f9 il a travaill\u00e9 ou \u00e9tudi\u00e9, ou alors le pays lui ayant d\u00e9livr\u00e9 un visa.<\/p>\n<p>Sinon, les pays de premi\u00e8re arriv\u00e9e resteront charg\u00e9s de la demande et un Etat soumis \u00e0 une \u00ab\u00a0pression\u00a0\u00bb migratoire pourra demander l&rsquo;activation d&rsquo;un \u00ab\u00a0m\u00e9canisme de solidarit\u00e9 obligatoire\u00a0\u00bb.<\/p>\n<p>En cas de \u00ab\u00a0crise\u00a0\u00bb similaire \u00e0 celle de 2015, lorsque plus d&rsquo;un million de r\u00e9fugi\u00e9s avaient pris l&rsquo;Europe de court, un Etat devra prendre en charge la relocalisation des r\u00e9fugi\u00e9s ou le renvoi des migrants d\u00e9bout\u00e9s. Et s&rsquo;il \u00e9choue \u00e0 renvoyer des migrants dans leur pays d&rsquo;origine dans les huit mois, il doit les accueillir.<\/p>\n<p>Des alternatives jug\u00e9es irr\u00e9alisables pour les petits pays, qui n&rsquo;en ont pas les moyens, fait valoir une source europ\u00e9enne.<\/p>\n<p>Du coup, l&rsquo;UE veut augmenter les retours de migrants en \u00ab\u00a0intensifiant les n\u00e9gociations\u00a0\u00bb avec les Etats d&rsquo;origine ou de transit. Seulement un tiers des migrants d\u00e9bout\u00e9s quittent effectivement l&rsquo;UE.<\/p>\n<p>La situation est tr\u00e8s diff\u00e9rente de 2015, le nombre d&rsquo;arriv\u00e9es irr\u00e9guli\u00e8res dans l&rsquo;UE ayant chut\u00e9 en 2019 \u00e0 140.000. Et si en 2015, 90 % des migrants ont eu le statut de r\u00e9fugi\u00e9, aujourd&rsquo;hui les deux tiers n&rsquo;ont pas droit \u00e0 une protection internationale<\/p>\n<p>\u00ab\u00a0<strong>Honte institutionnalis\u00e9e<\/strong>\u00a0\u00bb<br \/>\nUn m\u00e9canisme de solidarit\u00e9 concernant les sauvetages en mer est aussi pr\u00e9vu par le nouveau pacte, qui propose d&rsquo;\u00e9pargner de poursuites judiciaires les ONG impliqu\u00e9es.<\/p>\n<p>Si le constat d&rsquo;un syst\u00e8me europ\u00e9en gripp\u00e9 fait l&rsquo;unanimit\u00e9, le nouveau \u00ab\u00a0pacte\u00a0\u00bb suscitait des r\u00e9actions tr\u00e8s contrast\u00e9es.<\/p>\n<p>La Commission \u00ab\u00a0a beaucoup boug\u00e9 vers notre proposition\u00a0\u00bb, s&rsquo;est f\u00e9licit\u00e9 le ministre autrichien de l&rsquo;Int\u00e9rieur, Karl Nehammer.<\/p>\n<p>C&rsquo;est \u00ab\u00a0un pas important\u00a0\u00bb mais insuffisant vers une approche \u00ab\u00a0vraiment europ\u00e9enne\u00a0\u00bb, a jug\u00e9 le chef du gouvernement italien Giuseppe Conte, r\u00e9clamant \u00ab\u00a0des certitudes\u00a0\u00bb sur son application.<\/p>\n<p>La Hongrie, elle, r\u00e9affirmait ses exigences: \u00ab\u00a0Nous devons nous assurer que les fronti\u00e8res ext\u00e9rieures demeurent parfaitement \u00e9tanches sur toute leur longueur\u00a0\u00bb, a r\u00e9agi le porte-parole du gouvernement Zoltan Kovacs.<\/p>\n<p>\u00ab\u00a0Nous avons maintenant une grande possibilit\u00e9 de montrer au monde que sur ce th\u00e8me difficile, l&rsquo;Europe se serre les coudes\u00a0\u00bb, a r\u00e9agi le ministre allemand de l&rsquo;Int\u00e9rieur, Horst Seehofer, dont le pays occupe actuellement la pr\u00e9sidence de l&rsquo;UE.<\/p>\n<p>Experts, eurod\u00e9put\u00e9s et ONG \u00e9taient en revanche tr\u00e8s critiques. La Commission \u00ab\u00a0rapi\u00e8ce un ensemble sans v\u00e9ritable patron, sans structure, sans ossature\u00a0\u00bb, indique \u00e0 l&rsquo;AFP le sp\u00e9cialiste des questions migratoires Yves Pascouau, tandis que le chercheur belge Fran\u00e7ois Gemenne fustigeait \u00ab\u00a0un compromis entre la l\u00e2chet\u00e9 et la x\u00e9nophobie\u00a0\u00bb.<\/p>\n<p>Pour l&rsquo;ONG Oxfam, la Commission \u00ab\u00a0s&rsquo;incline devant les gouvernements anti-immigration\u00a0\u00bb. \u00ab\u00a0Ce nouveau pacte institutionnalise la honte (&#8230;) il n&#8217;emp\u00eachera pas le maintien de camps indignes. La Commission s&rsquo;est couch\u00e9e devant Orban et consorts\u00a0\u00bb, abonde l&rsquo;eurod\u00e9put\u00e9 Damien Car\u00eame (Verts).<\/p>\n<p>\u00ab\u00a0L&rsquo;UE a externalis\u00e9 sa politique migratoire \u00e0 la Turquie et en a pay\u00e9 le prix g\u00e9opolitique. Nous ne pouvons pas fonder nos politiques sur l&rsquo;extr\u00e9misme hongrois et polonais, malheureusement c&rsquo;est ce que fait la Commission\u00a0\u00bb, cinglait l&rsquo;eurod\u00e9put\u00e9 Guy Verhofstadt (Renew, centre).<br \/>\n(AFP)<\/p>\n","protected":false},"excerpt":{"rendered":"<p>Une r\u00e9forme de l&rsquo;asile sous le feu des critiques, durcissement sur les renvois des migrants irr\u00e9guliers, contr\u00f4les accrus aux fronti\u00e8res ext\u00e9rieures, acc\u00e9l\u00e9ration des proc\u00e9dures: Bruxelles a d\u00e9voil\u00e9 une r\u00e9forme de l&rsquo;asile, critiqu\u00e9e par les ONG qui l&rsquo;accusent de c\u00e9der aux pays les plus hostiles \u00e0 l&rsquo;accueil des r\u00e9fugi\u00e9s. La pr\u00e9sidente de la Commission Ursula von [&hellip;]<\/p>\n","protected":false},"author":1,"featured_media":6937,"comment_status":"open","ping_status":"closed","sticky":false,"template":"","format":"standard","meta":{"footnotes":""},"categories":[1],"tags":[1360,1359,173],"class_list":["post-7424","post","type-post","status-publish","format-standard","has-post-thumbnail","hentry","category-economie","tag-controles-frontieres","tag-migrants-irreguliers","tag-union-europeenne"],"aioseo_notices":[],"_links":{"self":[{"href":"https:\/\/www.culturalusa.com\/news\/wp-json\/wp\/v2\/posts\/7424","targetHints":{"allow":["GET"]}}],"collection":[{"href":"https:\/\/www.culturalusa.com\/news\/wp-json\/wp\/v2\/posts"}],"about":[{"href":"https:\/\/www.culturalusa.com\/news\/wp-json\/wp\/v2\/types\/post"}],"author":[{"embeddable":true,"href":"https:\/\/www.culturalusa.com\/news\/wp-json\/wp\/v2\/users\/1"}],"replies":[{"embeddable":true,"href":"https:\/\/www.culturalusa.com\/news\/wp-json\/wp\/v2\/comments?post=7424"}],"version-history":[{"count":0,"href":"https:\/\/www.culturalusa.com\/news\/wp-json\/wp\/v2\/posts\/7424\/revisions"}],"wp:featuredmedia":[{"embeddable":true,"href":"https:\/\/www.culturalusa.com\/news\/wp-json\/wp\/v2\/media\/6937"}],"wp:attachment":[{"href":"https:\/\/www.culturalusa.com\/news\/wp-json\/wp\/v2\/media?parent=7424"}],"wp:term":[{"taxonomy":"category","embeddable":true,"href":"https:\/\/www.culturalusa.com\/news\/wp-json\/wp\/v2\/categories?post=7424"},{"taxonomy":"post_tag","embeddable":true,"href":"https:\/\/www.culturalusa.com\/news\/wp-json\/wp\/v2\/tags?post=7424"}],"curies":[{"name":"wp","href":"https:\/\/api.w.org\/{rel}","templated":true}]}}