{"id":753,"date":"2012-09-25T12:48:16","date_gmt":"2012-09-25T10:48:16","guid":{"rendered":"http:\/\/www.culturalusa.com\/news\/?p=753"},"modified":"2012-09-25T12:48:16","modified_gmt":"2012-09-25T10:48:16","slug":"lisbonne-etudie-des-alternatives-aux-mesures-dausterite-fortement-contestees","status":"publish","type":"post","link":"https:\/\/www.culturalusa.com\/news\/portugal\/lisbonne-etudie-des-alternatives-aux-mesures-dausterite-fortement-contestees\/","title":{"rendered":"Lisbonne \u00e9tudie des alternatives aux mesures d&rsquo;aust\u00e9rit\u00e9 fortement contest\u00e9es"},"content":{"rendered":"<figure id=\"attachment_754\" aria-describedby=\"caption-attachment-754\" style=\"width: 467px\" class=\"wp-caption aligncenter\"><img loading=\"lazy\" decoding=\"async\" src=\"http:\/\/www.culturalusa.com\/news\/wp-content\/uploads\/2012\/09\/manif-palacio-belem092012.jpg\" alt=\"\" title=\"manif palacio de belem\" width=\"467\" height=\"280\" class=\"size-full wp-image-754\" srcset=\"https:\/\/www.culturalusa.com\/news\/wp-content\/uploads\/2012\/09\/manif-palacio-belem092012.jpg 467w, https:\/\/www.culturalusa.com\/news\/wp-content\/uploads\/2012\/09\/manif-palacio-belem092012-275x165.jpg 275w\" sizes=\"auto, (max-width: 467px) 100vw, 467px\" \/><figcaption id=\"caption-attachment-754\" class=\"wp-caption-text\">Manif au palacio de bel\u00e9m<\/figcaption><\/figure>Apr\u00e8s des mois de cure d&rsquo;aust\u00e9rit\u00e9, les Portugais qui, jusqu&rsquo;ici, avaient accept\u00e9 leur sort sans se rebeller, ont manifest\u00e9 leur exasp\u00e9ration. Jusqu&rsquo;\u00e0 pousser le gouvernement \u00e0 reculer sur des mesures jug\u00e9es des plus injustes.<\/p>\n<p>Le Premier ministre portugais a indiqu\u00e9 lundi que le gouvernement \u00e9tudiait de nouvelles mesures pour remplacer celles qui ont provoqu\u00e9 une vague de contestation et qu&rsquo;elles devraient recevoir l&rsquo;accord des cr\u00e9anciers du pays sous assistance financi\u00e8re.<\/p>\n<p>\u00ab\u00a0Je suis dispos\u00e9 \u00e0 trouver des alternatives\u00a0\u00bb aux mesures contest\u00e9es, mais \u00ab\u00a0il est indispensable qu&rsquo;elles soient accept\u00e9es par la BCE, le FMI et l&rsquo;UE\u00a0\u00bb, a d\u00e9clar\u00e9 M. Pedro Passos Coelho, \u00e0 l&rsquo;issue d&rsquo;une rencontre avec des repr\u00e9sentants des syndicats et du patronat.<\/p>\n<p>Le gouvernement, qui peine a r\u00e9duire ses d\u00e9ficits, a d\u00e9j\u00e0 obtenu de la \u00ab\u00a0tro\u00efka\u00a0\u00bb (UE-FMI-BCE), repr\u00e9sentant les bailleurs de fonds du Portugal, un d\u00e9lai pour y parvenir alors que le renforcement de l&rsquo;aust\u00e9rit\u00e9, pr\u00e9vue par M. Passos Coelho, \u00e9tait \u00e9galement destin\u00e9e \u00e0 rassurer les cr\u00e9anciers.<\/p>\n<p>La rencontre avec les partenaires sociaux a fait suite \u00e0 un recul du gouvernement sur l&rsquo;adoption de mesures d&rsquo;aust\u00e9rit\u00e9 qui ont provoqu\u00e9 une vague de contestation sans pr\u00e9c\u00e9dent depuis que le Portugal a re\u00e7u en mai 2011 une assistance financi\u00e8re de 78 milliards d&rsquo;euros en \u00e9change d&rsquo;un programme de r\u00e9formes et de rigueur.<\/p>\n<p>M. Passos Coelho avait d\u00e9cid\u00e9 le 7 septembre d&rsquo;augmenter l&rsquo;ann\u00e9e prochaine les cotisations sociales des salari\u00e9s de 11% \u00e0 18% et de r\u00e9duire dans le m\u00eame temps les cotisations patronales de 23,75% \u00e0 18%.<\/p>\n<p style=\"text-align:center;\"><script type=\"text\/javascript\"><!--\ngoogle_ad_client = \"ca-pub-2727717456356200\";\n\/* CulturaLusa 468x60 *\/\ngoogle_ad_slot = \"2785499263\";\ngoogle_ad_width = 468;\ngoogle_ad_height = 60;\n\/\/-->\n<\/script><br \/>\n<script type=\"text\/javascript\"\nsrc=\"http:\/\/pagead2.googlesyndication.com\/pagead\/show_ads.js\">\n<\/script><\/p>\n<p>\u00ab\u00a0Le gouvernement s&rsquo;engage \u00e0 \u00e9tudier des mesures favorables \u00e0 la lutte contre le ch\u00f4mage et \u00e0 la cr\u00e9ation d&#8217;emplois\u00a0\u00bb, a soulign\u00e9 M. Passos Coelho apr\u00e8s la r\u00e9union avec les partenaires sociaux, alors que le ch\u00f4mage a atteint un taux record de plus de 15%.<\/p>\n<p>Le chef du gouvernement a expliqu\u00e9 en outre que les 13e et 14e mois des fonctionnaires et des retrait\u00e9s, dont la suppression \u00e9tait pr\u00e9vue en 2012 et 2013, seront \u00ab\u00a0partiellement r\u00e9tablis\u00a0\u00bb l&rsquo;ann\u00e9e prochaine, le Tribunal constitutionnel ayant jug\u00e9 la mesure \u00ab\u00a0anticonstitutionnelle\u00a0\u00bb.<\/p>\n<p>Le manque \u00e0 gagner devrait \u00eatre compens\u00e9 par une hausse des imp\u00f4ts sur le revenu des salari\u00e9s du secteur priv\u00e9, ainsi que par de nouvelles taxes sur le capital et le patrimoine, excluant de nouvelles hausses de la TVA, a expliqu\u00e9 M. Passos Coelho.<\/p>\n<p>De leur c\u00f4t\u00e9, les partenaires sociaux ont notamment plaid\u00e9 pour une \u00ab\u00a0baisse s\u00e9lective\u00a0\u00bb des cotisations patronales pour les entreprises qui recrutent ou exportent.<\/p>\n<p>\u00ab\u00a0Il n&rsquo;y a pas eu de consensus parmi les partenaires sociaux\u00a0\u00bb, a toutefois d\u00e9clar\u00e9 M. Passos Coelho, pr\u00e9cisant que le gouvernement les consultations seraient poursuivies pour \u00e9tudier les diff\u00e9rentes propositions.(AFP)<\/p>\n","protected":false},"excerpt":{"rendered":"<p>Apr\u00e8s des mois de cure d&rsquo;aust\u00e9rit\u00e9, les Portugais qui, jusqu&rsquo;ici, avaient accept\u00e9 leur sort sans se rebeller, ont manifest\u00e9 leur exasp\u00e9ration. Jusqu&rsquo;\u00e0 pousser le gouvernement \u00e0 reculer sur des mesures jug\u00e9es des plus injustes. Le Premier ministre portugais a indiqu\u00e9 lundi que le gouvernement \u00e9tudiait de nouvelles mesures pour remplacer celles qui ont provoqu\u00e9 une [&hellip;]<\/p>\n","protected":false},"author":1,"featured_media":0,"comment_status":"open","ping_status":"closed","sticky":false,"template":"","format":"standard","meta":{"footnotes":""},"categories":[3],"tags":[],"class_list":["post-753","post","type-post","status-publish","format-standard","hentry","category-portugal"],"aioseo_notices":[],"_links":{"self":[{"href":"https:\/\/www.culturalusa.com\/news\/wp-json\/wp\/v2\/posts\/753","targetHints":{"allow":["GET"]}}],"collection":[{"href":"https:\/\/www.culturalusa.com\/news\/wp-json\/wp\/v2\/posts"}],"about":[{"href":"https:\/\/www.culturalusa.com\/news\/wp-json\/wp\/v2\/types\/post"}],"author":[{"embeddable":true,"href":"https:\/\/www.culturalusa.com\/news\/wp-json\/wp\/v2\/users\/1"}],"replies":[{"embeddable":true,"href":"https:\/\/www.culturalusa.com\/news\/wp-json\/wp\/v2\/comments?post=753"}],"version-history":[{"count":0,"href":"https:\/\/www.culturalusa.com\/news\/wp-json\/wp\/v2\/posts\/753\/revisions"}],"wp:attachment":[{"href":"https:\/\/www.culturalusa.com\/news\/wp-json\/wp\/v2\/media?parent=753"}],"wp:term":[{"taxonomy":"category","embeddable":true,"href":"https:\/\/www.culturalusa.com\/news\/wp-json\/wp\/v2\/categories?post=753"},{"taxonomy":"post_tag","embeddable":true,"href":"https:\/\/www.culturalusa.com\/news\/wp-json\/wp\/v2\/tags?post=753"}],"curies":[{"name":"wp","href":"https:\/\/api.w.org\/{rel}","templated":true}]}}