{"id":773,"date":"2012-10-17T14:46:36","date_gmt":"2012-10-17T12:46:36","guid":{"rendered":"http:\/\/www.culturalusa.com\/news\/?p=773"},"modified":"2012-10-17T14:46:36","modified_gmt":"2012-10-17T12:46:36","slug":"berlin-revise-ses-previsions-de-croissance-en-hausse-pour-2012-en-baisse-pour-2013","status":"publish","type":"post","link":"https:\/\/www.culturalusa.com\/news\/economie\/berlin-revise-ses-previsions-de-croissance-en-hausse-pour-2012-en-baisse-pour-2013\/","title":{"rendered":"Berlin r\u00e9vise ses pr\u00e9visions de croissance, en hausse pour 2012, en baisse pour 2013"},"content":{"rendered":"<figure id=\"attachment_774\" aria-describedby=\"caption-attachment-774\" style=\"width: 238px\" class=\"wp-caption alignleft\"><img loading=\"lazy\" decoding=\"async\" src=\"http:\/\/www.culturalusa.com\/news\/wp-content\/uploads\/2012\/10\/Merkel-et-Philipp-Rosler.jpg\" alt=\"\" title=\"Merkel et Philipp-Rosler\" width=\"238\" height=\"179\" class=\"size-full wp-image-774\" \/><figcaption id=\"caption-attachment-774\" class=\"wp-caption-text\">La chanceli\u00e8re Angela Merkel et le ministre de l&#039;Economie Philipp R\u00f6sler<\/figcaption><\/figure>Le gouvernement allemand a r\u00e9vis\u00e9 mercredi \u00e0 la hausse sa pr\u00e9vision de croissance pour 2012 \u00e0 0,8% mais l&rsquo;a abaiss\u00e9e pour 2013 \u00e0 1%, sous l&rsquo;effet conjugu\u00e9 de la crise en zone euro et du ralentissement de l&rsquo;\u00e9conomie dans les pays \u00e9mergents.<\/p>\n<p>Berlin a corrig\u00e9 ses pr\u00e9c\u00e9dentes pr\u00e9visions publi\u00e9es en avril, qui misaient sur une croissance de 0,7% en 2012 et de 1,6% en 2013, apr\u00e8s une forte croissance de 3% l&rsquo;an dernier.<\/p>\n<p>\u00ab\u00a0L&rsquo;\u00e9conomie allemande s&rsquo;est maintenue malgr\u00e9 les turbulences de l&rsquo;\u00e9conomie mondiale et reste en croissance. (&#8230;) Mais l&rsquo;Allemagne traverse un temps orageux, li\u00e9 \u00e0 la crise des dettes souveraines en Europe et le ralentissement des \u00e9conomies \u00e9mergentes en Asie et en Am\u00e9rique latine\u00a0\u00bb, a d\u00e9clar\u00e9 le ministre de l&rsquo;Economie Philipp R\u00f6sler, en pr\u00e9sentant ces estimations \u00e0 la presse.<\/p>\n<p>Le Fonds mon\u00e9taire international (FMI) ainsi que les principaux instituts \u00e9conomiques allemands avaient, eux, d\u00e9cid\u00e9 r\u00e9cemment d&rsquo;abaisser leurs pr\u00e9visions pour la premi\u00e8re \u00e9conomie europ\u00e9enne pour 2013 et \u00e9galement pour l&rsquo;ann\u00e9e en cours.<\/p>\n<p>\u00ab\u00a0Malgr\u00e9 les signes d&rsquo;un ralentissement, il n&rsquo;est pas question pour le moment d&rsquo;un effondrement de la croissance. Au contraire, l&rsquo;\u00e9conomie allemande est dans une forme robuste et reste sur des bases structurelles solides. Beaucoup d&rsquo;indices permettent d&rsquo;envisager que l&rsquo;\u00e9conomie mondiale retrouve son \u00e9lan en 2013\u00a0\u00bb, a ajout\u00e9 M. R\u00f6sler.<\/p>\n<p>Principal pilier de l&rsquo;\u00e9conomie allemande, le march\u00e9 du travail en Allemagne a enregistr\u00e9 une \u00e9volution positive, a-t-il soulign\u00e9.<\/p>\n<p>Comme au printemps, le ministre a profit\u00e9 de cette conf\u00e9rence de presse pour appeler les voisins de l&rsquo;Allemagne en zone euro \u00e0 respecter leurs engagements et \u00e0 entreprendre des r\u00e9formes de leur \u00e9conomie.<\/p>\n<p>\u00ab\u00a0Nos voisins europ\u00e9ens doivent oeuvrer pour un environnement stable, une consolidation de leur budget et prendre des mesures pour renforcer leur comp\u00e9titivit\u00e9. Mais nous devons \u00e9galement remplir nos objectifs et r\u00e9duire les obstacles \u00e0 la croissance\u00a0\u00bb, a-t-il poursuivi.(AFP)<\/p>\n<p style=\"text-align:center;\"><script type=\"text\/javascript\"><!--\ngoogle_ad_client = \"ca-pub-2727717456356200\";\n\/* CulturaLusa 468x60 *\/\ngoogle_ad_slot = \"2785499263\";\ngoogle_ad_width = 468;\ngoogle_ad_height = 60;\n\/\/-->\n<\/script><br \/>\n<script type=\"text\/javascript\"\nsrc=\"http:\/\/pagead2.googlesyndication.com\/pagead\/show_ads.js\">\n<\/script><\/p>\n","protected":false},"excerpt":{"rendered":"<p>Le gouvernement allemand a r\u00e9vis\u00e9 mercredi \u00e0 la hausse sa pr\u00e9vision de croissance pour 2012 \u00e0 0,8% mais l&rsquo;a abaiss\u00e9e pour 2013 \u00e0 1%, sous l&rsquo;effet conjugu\u00e9 de la crise en zone euro et du ralentissement de l&rsquo;\u00e9conomie dans les pays \u00e9mergents. Berlin a corrig\u00e9 ses pr\u00e9c\u00e9dentes pr\u00e9visions publi\u00e9es en avril, qui misaient sur une [&hellip;]<\/p>\n","protected":false},"author":1,"featured_media":0,"comment_status":"open","ping_status":"closed","sticky":false,"template":"","format":"standard","meta":{"footnotes":""},"categories":[1],"tags":[],"class_list":["post-773","post","type-post","status-publish","format-standard","hentry","category-economie"],"aioseo_notices":[],"_links":{"self":[{"href":"https:\/\/www.culturalusa.com\/news\/wp-json\/wp\/v2\/posts\/773","targetHints":{"allow":["GET"]}}],"collection":[{"href":"https:\/\/www.culturalusa.com\/news\/wp-json\/wp\/v2\/posts"}],"about":[{"href":"https:\/\/www.culturalusa.com\/news\/wp-json\/wp\/v2\/types\/post"}],"author":[{"embeddable":true,"href":"https:\/\/www.culturalusa.com\/news\/wp-json\/wp\/v2\/users\/1"}],"replies":[{"embeddable":true,"href":"https:\/\/www.culturalusa.com\/news\/wp-json\/wp\/v2\/comments?post=773"}],"version-history":[{"count":0,"href":"https:\/\/www.culturalusa.com\/news\/wp-json\/wp\/v2\/posts\/773\/revisions"}],"wp:attachment":[{"href":"https:\/\/www.culturalusa.com\/news\/wp-json\/wp\/v2\/media?parent=773"}],"wp:term":[{"taxonomy":"category","embeddable":true,"href":"https:\/\/www.culturalusa.com\/news\/wp-json\/wp\/v2\/categories?post=773"},{"taxonomy":"post_tag","embeddable":true,"href":"https:\/\/www.culturalusa.com\/news\/wp-json\/wp\/v2\/tags?post=773"}],"curies":[{"name":"wp","href":"https:\/\/api.w.org\/{rel}","templated":true}]}}