{"id":788,"date":"2012-11-10T23:18:47","date_gmt":"2012-11-10T22:18:47","guid":{"rendered":"http:\/\/www.culturalusa.com\/news\/?p=788"},"modified":"2021-03-01T11:17:42","modified_gmt":"2021-03-01T10:17:42","slug":"portugal-des-milliers-de-militaires-manifestent-contre-lausterite","status":"publish","type":"post","link":"https:\/\/www.culturalusa.com\/news\/portugal\/portugal-des-milliers-de-militaires-manifestent-contre-lausterite\/","title":{"rendered":"Portugal des milliers de militaires manifestent contre l&rsquo;aust\u00e9rit\u00e9"},"content":{"rendered":"<h3>Au Portugal des milliers de militaires manifestent contre l&rsquo;aust\u00e9rit\u00e9.<\/h3>\n<p>Des milliers de militaires portugais ont manifest\u00e9 samedi dans les rues de Lisbonne pour protester contre les nouvelles mesures de rigueur budg\u00e9taire pr\u00e9vues pour l&rsquo;an prochain.<\/p>\n<blockquote><p>Environ 5.000 manifestants, selon les estimations des m\u00e9dias, ont d\u00e9fil\u00e9 en silence et en civil derri\u00e8re des banderoles appelant au respect de la \u00ab\u00a0dignit\u00e9 de la condition militaire\u00a0\u00bb et de la \u00ab\u00a0souverainet\u00e9 nationale\u00a0\u00bb.<\/p><\/blockquote>\n<p>Sous assistance financi\u00e8re de l&rsquo;Union europ\u00e9enne et du Fonds mon\u00e9taire international depuis mai 2011, le Portugal est tenu d&rsquo;assainir ses finances publiques et le budget du gouvernement pour 2013 pr\u00e9voit de nouvelles hausses d&rsquo;imp\u00f4ts et baisses des prestations sociales.<\/p>\n<p>T\u00e9moignant d&rsquo;une grogne sociale grandissante, quelques milliers de policiers avaient eux aussi manifest\u00e9 mardi dernier \u00e0 Lisbonne et le principal syndicat portugais, la CGTP, a appel\u00e9 \u00e0 une gr\u00e8ve g\u00e9n\u00e9rale mercredi prochain.<\/p>\n<p>\u00ab\u00a0On subi coupe apr\u00e8s coupe et il n&rsquo;y a pas de lumi\u00e8re au fond du tunnel\u00a0\u00bb, a expliqu\u00e9 \u00e0 l&rsquo;AFP un militaire de 40 ans qui d\u00e9filait samedi, et n&rsquo;a pas souhait\u00e9 \u00eatre nomm\u00e9.<\/p>\n<p>\u00ab\u00a0Ces mesures d&rsquo;aust\u00e9rit\u00e9 nous touchent beaucoup et la sp\u00e9cificit\u00e9 de notre statut n&rsquo;est pas sauvegard\u00e9e\u00a0\u00bb, a affirm\u00e9 un officier sup\u00e9rieur de la marine, disant avoir perdu quelque 500 euros depuis 2010 sur un salaire mensuel net aujourd&rsquo;hui r\u00e9duit \u00e0 environ 2.000 euros.<\/p>\n<p>Les militaires s&rsquo;estiment particuli\u00e8rement l\u00e9s\u00e9s par l&rsquo;augmentation de l&rsquo;\u00e2ge de leur passage \u00e0 la r\u00e9serve ou la hausse des cotisations pour leur couverture de sant\u00e9.<\/p>\n<p>Les associations de militaires ont ainsi demand\u00e9 au pr\u00e9sident de la R\u00e9publique, Anibal Cavaco Silva, de saisir la Cour constitutionnelle afin que cette instance v\u00e9rifie si le budget adopt\u00e9 en premi\u00e8re lecture par le Parlement contient des dispositions ill\u00e9gales.<\/p>\n<p>Dans un jugement rendu en juillet, ce tribunal avait retoqu\u00e9 la loi de finances de 2012 arguant que la suppression des 13e et 14e mois de salaire des fonctionnaires violait le principe d&rsquo;\u00e9galit\u00e9 inscrit dans la constitution.<\/p>\n<p>Pour l&rsquo;an prochain, le gouvernement de centre-droit a r\u00e9tabli un de ces deux salaires et d\u00e9cid\u00e9 d&rsquo;appliquer une surtaxe sur les revenus de tous les Portugais.<\/p>\n","protected":false},"excerpt":{"rendered":"<p>Au Portugal des milliers de militaires manifestent contre l&rsquo;aust\u00e9rit\u00e9. Des milliers de militaires portugais ont manifest\u00e9 samedi dans les rues de Lisbonne pour protester contre les nouvelles mesures de rigueur budg\u00e9taire pr\u00e9vues pour l&rsquo;an prochain. Environ 5.000 manifestants, selon les estimations des m\u00e9dias, ont d\u00e9fil\u00e9 en silence et en civil derri\u00e8re des banderoles appelant au [&hellip;]<\/p>\n","protected":false},"author":1,"featured_media":790,"comment_status":"open","ping_status":"closed","sticky":false,"template":"","format":"standard","meta":{"footnotes":""},"categories":[3],"tags":[402,1677,907],"class_list":["post-788","post","type-post","status-publish","format-standard","has-post-thumbnail","hentry","category-portugal","tag-austerite","tag-manif-des-militaires-a-lisbonne","tag-portugal-austerite"],"aioseo_notices":[],"_links":{"self":[{"href":"https:\/\/www.culturalusa.com\/news\/wp-json\/wp\/v2\/posts\/788","targetHints":{"allow":["GET"]}}],"collection":[{"href":"https:\/\/www.culturalusa.com\/news\/wp-json\/wp\/v2\/posts"}],"about":[{"href":"https:\/\/www.culturalusa.com\/news\/wp-json\/wp\/v2\/types\/post"}],"author":[{"embeddable":true,"href":"https:\/\/www.culturalusa.com\/news\/wp-json\/wp\/v2\/users\/1"}],"replies":[{"embeddable":true,"href":"https:\/\/www.culturalusa.com\/news\/wp-json\/wp\/v2\/comments?post=788"}],"version-history":[{"count":0,"href":"https:\/\/www.culturalusa.com\/news\/wp-json\/wp\/v2\/posts\/788\/revisions"}],"wp:featuredmedia":[{"embeddable":true,"href":"https:\/\/www.culturalusa.com\/news\/wp-json\/wp\/v2\/media\/790"}],"wp:attachment":[{"href":"https:\/\/www.culturalusa.com\/news\/wp-json\/wp\/v2\/media?parent=788"}],"wp:term":[{"taxonomy":"category","embeddable":true,"href":"https:\/\/www.culturalusa.com\/news\/wp-json\/wp\/v2\/categories?post=788"},{"taxonomy":"post_tag","embeddable":true,"href":"https:\/\/www.culturalusa.com\/news\/wp-json\/wp\/v2\/tags?post=788"}],"curies":[{"name":"wp","href":"https:\/\/api.w.org\/{rel}","templated":true}]}}