{"id":7926,"date":"2020-09-27T16:53:13","date_gmt":"2020-09-27T14:53:13","guid":{"rendered":"https:\/\/www.culturalusa.com\/news\/?p=7926"},"modified":"2020-09-27T16:57:47","modified_gmt":"2020-09-27T14:57:47","slug":"lambassadeur-americain-dit-que-le-portugal-doit-choisir-entre-les-etats-unis-et-la-chine","status":"publish","type":"post","link":"https:\/\/www.culturalusa.com\/news\/portugal\/lambassadeur-americain-dit-que-le-portugal-doit-choisir-entre-les-etats-unis-et-la-chine\/","title":{"rendered":"L&rsquo;ambassadeur am\u00e9ricain dit que le Portugal doit choisir entre les \u00c9tats-Unis et la Chine"},"content":{"rendered":"<p>L&rsquo;ambassadeur am\u00e9ricain \u00e0 <strong>Lisbonne<\/strong> soutient que <strong>le Portugal doit choisir entre les \u00abamis et alli\u00e9s\u00bb des \u00c9tats-Unis<\/strong> et le \u00abpartenaire \u00e9conomique\u00bb de la <strong>Chine<\/strong>, avertissant que choisir la Chine sur des questions telles que la 5G peut avoir des cons\u00e9quences en termes de d\u00e9fense.<\/p>\n<p><strong>George Glass<\/strong>, l&rsquo;ambassadeur am\u00e9ricain \u00e0 Lisbonne, dans un entretien avec Expresso, a admis les cons\u00e9quences en termes de s\u00e9curit\u00e9 et de d\u00e9fense pour le Portugal si le pays choisit de travailler avec la Chine. Selon le diplomate, les cons\u00e9quences seront d&rsquo;ordre technique, comme l&rsquo;activit\u00e9 de l&rsquo;OTAN ou l&rsquo;\u00e9change d&rsquo;informations classifi\u00e9es, et non politiques, du moins pour l&rsquo;instant.<\/p>\n<p>\u00abIl y a des pays qui travaillent dans un v\u00e9ritable partenariat en tant qu&rsquo;alli\u00e9s. Si nous ne pouvons pas communiquer \u00e0 ce niveau, alors il y aura aussi une r\u00e9flexion sur l&rsquo;atmosph\u00e8re politique et l&rsquo;\u00e9volution des relations politiques. Pour l&rsquo;instant, c&rsquo;est une question de d\u00e9fense nationale et non de politique \u00bb, a d\u00e9clar\u00e9 Glass.<\/p>\n<p><strong>L&rsquo;ambassadeur am\u00e9ricain a r\u00e9p\u00e9t\u00e9 des avertissements de cette nature ces derni\u00e8res ann\u00e9es<\/strong>. Il l&rsquo;avait d\u00e9j\u00e0 fait lors d&rsquo;un entretien avec l&rsquo;Observer en 2018 concernant l&rsquo;offre chinoise sur <strong>EDP<\/strong>.<\/p>\n<p>Aujourd&rsquo;hui, l&rsquo;ambassadeur admet que le Portugal est victime du conflit commercial entre les \u00c9tats-Unis et la Chine dans le cadre du \u00abchamp de bataille\u00bb en Europe, o\u00f9 l&rsquo;un des fronts de conflit est la nouvelle <strong>technologie 5G<\/strong>, dans laquelle le Portugal envisage de travailler avec le chinois <strong>Huawei<\/strong>. , mais pas dans les aspects fondamentaux du r\u00e9seau, mais uniquement dans la distribution du signal radio.<\/p>\n<p>Glass est cat\u00e9gorique en disant que les \u00c9tats-Unis pr\u00e9f\u00e9raient que le Portugal ne dispose d&rsquo;aucun \u00e9quipement Huawei sur le r\u00e9seau 5G.<\/p>\n<blockquote><p>\u00abSi nous n&rsquo;avons pas de partenaires fiables dans le r\u00e9seau de t\u00e9l\u00e9communications portugais, cela changera la fa\u00e7on dont nous interagissons avec le Portugal en termes de s\u00e9curit\u00e9 et de d\u00e9fense. Nous avons envoy\u00e9 ce message haut et fort: la mani\u00e8re dont nous travaillons avec l&rsquo;OTAN ou dont nous \u00e9changeons des informations classifi\u00e9es sera affect\u00e9e. Si nous avons confiance dans les t\u00e9l\u00e9communications, nous pourrons continuer \u00e0 nous relier comme par le pass\u00e9. Sinon, nous devrons changer la fa\u00e7on dont nous communiquons avec le Portugal \u00bb, a d\u00e9clar\u00e9 l&rsquo;ambassadeur.<\/p><\/blockquote>\n<p>Il existe d&rsquo;autres soci\u00e9t\u00e9s chinoises d\u00e9tenant des participations dans des soci\u00e9t\u00e9s portugaises &#8211; comme China Three Gorges \u00e0 EDP et ACPC qui sont r\u00e9cemment entr\u00e9es dans le capital de Mota-Engil, qui a \u00abvendu 30% de la soci\u00e9t\u00e9 pour 30 pi\u00e8ces d&rsquo;argent\u00bb &#8211; rendant la relation plus difficile entre le Portugal et les \u00c9tats-Unis, et \u00e0 propos de Mota-Engil, l&rsquo;ambassadeur am\u00e9ricain admet la possibilit\u00e9 de sanctions.<\/p>\n<p>Cependant, il a renvoy\u00e9 des \u00e9claircissements suppl\u00e9mentaires sur ces questions au sous-secr\u00e9taire nord-am\u00e9ricain \u00e0 l&rsquo;\u00e9conomie, Keith Krach, qui sera \u00e0 Lisbonne la semaine prochaine.<\/p>\n<p>Concernant l&rsquo;importance du port \u00abincroyablement strat\u00e9gique\u00bb de \u00ab\u00a0Sines\u00a0\u00bb pour la distribution de gaz naturel liqu\u00e9fi\u00e9 am\u00e9ricain, Glass a d\u00e9clar\u00e9 qu&rsquo;il esp\u00e9rait que la construction et la gestion du nouveau terminal \u00abn&rsquo;ira pas aux Chinois\u00bb. Si tel est le cas, cela compromet la distribution, a-t-il admis.<\/p>\n<p>\u00abJe pense qu&rsquo;il faut faire des compromis. Si c&rsquo;\u00e9tait pour les Chinois, cela affecterait notre vision de ce que \u00ab\u00a0Sines\u00a0\u00bb peut devenir. Nous avons vu dans le pass\u00e9 que, si les op\u00e9rateurs sont chinois, ils ont la capacit\u00e9 de refuser l&rsquo;acc\u00e8s aux navires am\u00e9ricains. Cela ne peut pas arriver. Surtout si nous consid\u00e9rons le Portugal comme le \u00abhub\u00bb gazier et le centre de la s\u00e9curit\u00e9 \u00e9nerg\u00e9tique europ\u00e9enne \u00bb, a-t-il d\u00e9clar\u00e9.<\/p>\n<p>George Glass a \u00e9galement admis que les \u00c9tats-Unis travaillaient avec le Portugal pour \u00abguider\u00bb les investissements \u00e9trangers dans le pays et pour r\u00e9duire le poids des investissements chinois. \u00abJe pense qu&rsquo;ils sont plus durs avec la Chine maintenant. \u00c0 mon arriv\u00e9e au Portugal, les entit\u00e9s \u00e9tatiques chinoises d\u00e9tenaient 28% de la PDE et en ont maintenant 21%. Cela va dans la bonne direction. Mais cela doit \u00eatre moins \u00bb, a-t-il ajout\u00e9.<\/p>\n","protected":false},"excerpt":{"rendered":"<p>L&rsquo;ambassadeur am\u00e9ricain \u00e0 Lisbonne soutient que le Portugal doit choisir entre les \u00abamis et alli\u00e9s\u00bb des \u00c9tats-Unis et le \u00abpartenaire \u00e9conomique\u00bb de la Chine, avertissant que choisir la Chine sur des questions telles que la 5G peut avoir des cons\u00e9quences en termes de d\u00e9fense. George Glass, l&rsquo;ambassadeur am\u00e9ricain \u00e0 Lisbonne, dans un entretien avec Expresso, [&hellip;]<\/p>\n","protected":false},"author":1,"featured_media":7927,"comment_status":"open","ping_status":"closed","sticky":false,"template":"","format":"standard","meta":{"footnotes":""},"categories":[3],"tags":[1378,152,513,1379,47,321,1380],"class_list":["post-7926","post","type-post","status-publish","format-standard","has-post-thumbnail","hentry","category-portugal","tag-ambassadeur-americain","tag-chine","tag-etats-unis","tag-george-glass","tag-lisbonne","tag-portugal","tag-technologie-5g"],"aioseo_notices":[],"_links":{"self":[{"href":"https:\/\/www.culturalusa.com\/news\/wp-json\/wp\/v2\/posts\/7926","targetHints":{"allow":["GET"]}}],"collection":[{"href":"https:\/\/www.culturalusa.com\/news\/wp-json\/wp\/v2\/posts"}],"about":[{"href":"https:\/\/www.culturalusa.com\/news\/wp-json\/wp\/v2\/types\/post"}],"author":[{"embeddable":true,"href":"https:\/\/www.culturalusa.com\/news\/wp-json\/wp\/v2\/users\/1"}],"replies":[{"embeddable":true,"href":"https:\/\/www.culturalusa.com\/news\/wp-json\/wp\/v2\/comments?post=7926"}],"version-history":[{"count":0,"href":"https:\/\/www.culturalusa.com\/news\/wp-json\/wp\/v2\/posts\/7926\/revisions"}],"wp:featuredmedia":[{"embeddable":true,"href":"https:\/\/www.culturalusa.com\/news\/wp-json\/wp\/v2\/media\/7927"}],"wp:attachment":[{"href":"https:\/\/www.culturalusa.com\/news\/wp-json\/wp\/v2\/media?parent=7926"}],"wp:term":[{"taxonomy":"category","embeddable":true,"href":"https:\/\/www.culturalusa.com\/news\/wp-json\/wp\/v2\/categories?post=7926"},{"taxonomy":"post_tag","embeddable":true,"href":"https:\/\/www.culturalusa.com\/news\/wp-json\/wp\/v2\/tags?post=7926"}],"curies":[{"name":"wp","href":"https:\/\/api.w.org\/{rel}","templated":true}]}}