{"id":7935,"date":"2020-09-28T11:51:54","date_gmt":"2020-09-28T09:51:54","guid":{"rendered":"https:\/\/www.culturalusa.com\/news\/?p=7935"},"modified":"2020-09-28T11:51:54","modified_gmt":"2020-09-28T09:51:54","slug":"5g-la-france-lance-enfin-les-encheres-dans-un-climat-de-defiance","status":"publish","type":"post","link":"https:\/\/www.culturalusa.com\/news\/technologie\/5g-la-france-lance-enfin-les-encheres-dans-un-climat-de-defiance\/","title":{"rendered":"5G: la France lance enfin les ench\u00e8res, dans un climat de d\u00e9fiance"},"content":{"rendered":"<p>Malgr\u00e9 le climat de d\u00e9fiance, le coup d&rsquo;envoi des ench\u00e8res <strong>5G<\/strong> va enfin avoir lieu: la France, \u00ab\u00a0en retard\u00a0\u00bb dans le d\u00e9ploiement du futur <strong>r\u00e9seau mobile<\/strong> au grand dam du gouvernement, lance mardi l&rsquo;attribution des premi\u00e8res fr\u00e9quences, qui devrait rapporter plusieurs milliards d&rsquo;euros \u00e0 l&rsquo;Etat.<\/p>\n<p>Initialement pr\u00e9vues en avril mais repouss\u00e9es en raison de l&rsquo;\u00e9pid\u00e9mie, ces ench\u00e8res doivent permettre aux op\u00e9rateurs (<strong>Orange, SFR, Bouygues Telecom, Free<\/strong>) d&rsquo;acqu\u00e9rir 11 \u00ab\u00a0blocs\u00a0\u00bb de fr\u00e9quences aujourd&rsquo;hui inutilis\u00e9s, et ouvrir la voie aux premi\u00e8res commercialisations de services 5G dans certaines villes \u00e0 la fin de l&rsquo;ann\u00e9e.<\/p>\n<p>La 5G sera lanc\u00e9e en France en utilisant d&rsquo;abord la bande allant de 3,4 \u00e0 3,8 gigahertz (GHz) sur le spectre \u00e9lectromagn\u00e9tique, qui classe les diff\u00e9rentes bandes de fr\u00e9quences.<\/p>\n<p>Les quatre op\u00e9rateurs ont d\u00e9j\u00e0 obtenu chacun un bloc de 50 m\u00e9gahertz (MHz) dans cette bande, au prix fixe de 350 millions d&rsquo;euros. Avec les 110 MHz suppl\u00e9mentaires mis en jeu, l&rsquo;Etat esp\u00e8re encaisser 2,17 milliards d&rsquo;euros au minimum.<\/p>\n<p>L&rsquo;Arcep, r\u00e9gulateur fran\u00e7ais des t\u00e9l\u00e9coms qui encadre les ench\u00e8res, a fix\u00e9 un prix de r\u00e9serve de 70 millions d&rsquo;euros par \u00ab\u00a0bloc\u00a0\u00bb. Un op\u00e9rateur ne pourra pas acqu\u00e9rir plus de 100 MHz \u00ab\u00a0pour donner ses chances \u00e0 chacun\u00a0\u00bb, explique son pr\u00e9sident, S\u00e9bastien Soriano.<\/p>\n<p>L&rsquo;ench\u00e8re principale, qui devrait durer une dizaine de jours, sera suivie d&rsquo;une \u00ab\u00a0ench\u00e8re de positionnement\u00a0\u00bb permettant aux op\u00e9rateurs de choisir s&rsquo;ils pr\u00e9f\u00e8rent se situer au centre de la bande ou \u00e0 ses extr\u00e9mit\u00e9s, plus susceptibles aux interf\u00e9rences avec d&rsquo;autres services.<\/p>\n<p><strong>D\u00e9bat politique<\/strong><\/p>\n<p>Elle ne concerne pas la bande dite des 26 GHz, celle qui doit apporter avec ses fr\u00e9quences dites \u00ab\u00a0millim\u00e9triques\u00a0\u00bb une r\u00e9elle r\u00e9volution avec des d\u00e9bits de donn\u00e9es in\u00e9gal\u00e9s et une latence minimale. Cette bande ne fait pour l&rsquo;instant l&rsquo;objet que d&rsquo;exp\u00e9rimentations car ses effets potentiels sur la sant\u00e9 restent peu connus.<\/p>\n<p>Pourtant, les premiers d\u00e9ploiements \u00e0 venir de la 5G suscite l&rsquo;hostilit\u00e9 d&rsquo;une partie de l&rsquo;opinion et de plusieurs responsables politiques locaux ou d&rsquo;ONG, qui remettent en question l&rsquo;int\u00e9r\u00eat pour la soci\u00e9t\u00e9 de cette nouvelle technologie, en invoquant des risques pour la sant\u00e9 et l&rsquo;environnement.<\/p>\n<p>Pr\u00e8s de 70 \u00e9lus de gauche et \u00e9cologistes, parmi lesquels Jean-Luc M\u00e9lenchon, Yannick Jadot ou la maire de Marseille Mich\u00e8le Rubirola, ont demand\u00e9 mi-septembre dans une tribune un moratoire sur l&rsquo;attribution des fr\u00e9quences.<\/p>\n<p>Mais le gouvernement a souhait\u00e9 maintenir son calendrier sans attendre le prochain rapport de l&rsquo;Agence nationale de s\u00e9curit\u00e9 sanitaire (Anses) pr\u00e9vu en mars 2021, mettant en avant notamment le fait que la plupart des pays avanc\u00e9s ont d\u00e9j\u00e0 attribu\u00e9 ces fr\u00e9quences.<\/p>\n<p>Ce d\u00e9bat politique enflamm\u00e9, marqu\u00e9 par la menace de plusieurs collectivit\u00e9s locales d&rsquo;entraver le futur d\u00e9ploiement de la 5G, peut-il avoir un impact sur le comportement des op\u00e9rateurs lors des ench\u00e8res ?<\/p>\n<p>\u00ab\u00a0Cela va changer un peu le rapport de force\u00a0\u00bb, estime aupr\u00e8s de l&rsquo;AFP Guillaume Vaquero, expert t\u00e9l\u00e9coms pour le cabinet Wavestone.<\/p>\n<p><strong>\u00ab\u00a0Garanties\u00a0\u00bb<\/strong><\/p>\n<p>\u00ab\u00a0On \u00e9tait dans un sch\u00e9ma o\u00f9 l&rsquo;Arcep exigeait des op\u00e9rateurs des engagements dans la couverture. L\u00e0, les op\u00e9rateurs peuvent dire: +On est pr\u00eat \u00e0 d\u00e9ployer mais quelles sont les garanties que vous nous donnez pour qu&rsquo;on puisse le faire dans de bonnes conditions ?+ Car derri\u00e8re, ce sont des investissements colossaux\u00a0\u00bb, ajoute-t-il.<\/p>\n<p>Autre \u00e9l\u00e9ment \u00e0 prendre en compte pour les op\u00e9rateurs, les fortes restrictions sur le g\u00e9ant chinois Huawei, qui vont notamment obliger SFR et Bouygues Telecom \u00e0 changer d&rsquo;\u00e9quipementier (Ericsson, Nokia) pour une grande partie de leur futur r\u00e9seau.<\/p>\n<p>Notifi\u00e9 d\u00e9but juillet, le \u00ab\u00a0timing\u00a0\u00bb de la d\u00e9cision des autorit\u00e9s fran\u00e7aises pose question, selon Guillaume Vaquero. \u00ab\u00a0C&rsquo;est s\u00fbr que cela a mis les op\u00e9rateurs dans une position tr\u00e8s d\u00e9licate car ils ont du revoir leurs plans d&rsquo;investissement qui sont \u00e0 l&rsquo;\u00e9chelle d&rsquo;une d\u00e9cennie\u00a0\u00bb, explique-t-il.<\/p>\n<p>La premi\u00e8re g\u00e9n\u00e9ration de t\u00e9l\u00e9phonie mobile permettait de passer des appels, la 2G d&rsquo;y ajouter du texte, la 3G de commencer \u00e0 envoyer des images et la 4G de d\u00e9velopper l&rsquo;internet mobile et les usages vid\u00e9o. A terme, la 5G doit tout acc\u00e9l\u00e9rer, d\u00e9multiplier la vid\u00e9o, d\u00e9sengorger les r\u00e9seaux mobiles dans certaines zones, et connecter tout ce qui ne l&rsquo;est actuellement pas : usines, transports&#8230; (AFP)<\/p>\n","protected":false},"excerpt":{"rendered":"<p>Malgr\u00e9 le climat de d\u00e9fiance, le coup d&rsquo;envoi des ench\u00e8res 5G va enfin avoir lieu: la France, \u00ab\u00a0en retard\u00a0\u00bb dans le d\u00e9ploiement du futur r\u00e9seau mobile au grand dam du gouvernement, lance mardi l&rsquo;attribution des premi\u00e8res fr\u00e9quences, qui devrait rapporter plusieurs milliards d&rsquo;euros \u00e0 l&rsquo;Etat. Initialement pr\u00e9vues en avril mais repouss\u00e9es en raison de l&rsquo;\u00e9pid\u00e9mie, [&hellip;]<\/p>\n","protected":false},"author":1,"featured_media":7936,"comment_status":"open","ping_status":"closed","sticky":false,"template":"","format":"standard","meta":{"footnotes":""},"categories":[6],"tags":[1156,1384,1385,1382,1381,1383],"class_list":["post-7935","post","type-post","status-publish","format-standard","has-post-thumbnail","hentry","category-technologie","tag-5g","tag-bouygues-telecom","tag-free","tag-orange","tag-reseau-mobile","tag-sfr"],"aioseo_notices":[],"_links":{"self":[{"href":"https:\/\/www.culturalusa.com\/news\/wp-json\/wp\/v2\/posts\/7935","targetHints":{"allow":["GET"]}}],"collection":[{"href":"https:\/\/www.culturalusa.com\/news\/wp-json\/wp\/v2\/posts"}],"about":[{"href":"https:\/\/www.culturalusa.com\/news\/wp-json\/wp\/v2\/types\/post"}],"author":[{"embeddable":true,"href":"https:\/\/www.culturalusa.com\/news\/wp-json\/wp\/v2\/users\/1"}],"replies":[{"embeddable":true,"href":"https:\/\/www.culturalusa.com\/news\/wp-json\/wp\/v2\/comments?post=7935"}],"version-history":[{"count":0,"href":"https:\/\/www.culturalusa.com\/news\/wp-json\/wp\/v2\/posts\/7935\/revisions"}],"wp:featuredmedia":[{"embeddable":true,"href":"https:\/\/www.culturalusa.com\/news\/wp-json\/wp\/v2\/media\/7936"}],"wp:attachment":[{"href":"https:\/\/www.culturalusa.com\/news\/wp-json\/wp\/v2\/media?parent=7935"}],"wp:term":[{"taxonomy":"category","embeddable":true,"href":"https:\/\/www.culturalusa.com\/news\/wp-json\/wp\/v2\/categories?post=7935"},{"taxonomy":"post_tag","embeddable":true,"href":"https:\/\/www.culturalusa.com\/news\/wp-json\/wp\/v2\/tags?post=7935"}],"curies":[{"name":"wp","href":"https:\/\/api.w.org\/{rel}","templated":true}]}}