{"id":801,"date":"2012-11-27T14:36:28","date_gmt":"2012-11-27T13:36:28","guid":{"rendered":"http:\/\/www.culturalusa.com\/news\/?p=801"},"modified":"2012-11-27T14:36:28","modified_gmt":"2012-11-27T13:36:28","slug":"amazon-ouvre-un-4e-centre-de-distribution-en-france","status":"publish","type":"post","link":"https:\/\/www.culturalusa.com\/news\/technologie\/amazon-ouvre-un-4e-centre-de-distribution-en-france\/","title":{"rendered":"Amazon ouvre un 4e centre de distribution en France"},"content":{"rendered":"<figure id=\"attachment_802\" aria-describedby=\"caption-attachment-802\" style=\"width: 467px\" class=\"wp-caption aligncenter\"><img loading=\"lazy\" decoding=\"async\" src=\"http:\/\/www.culturalusa.com\/news\/wp-content\/uploads\/2012\/11\/amazon-fr.jpg\" alt=\"\" title=\"amazon fr\" width=\"467\" height=\"280\" class=\"size-full wp-image-802\" srcset=\"https:\/\/www.culturalusa.com\/news\/wp-content\/uploads\/2012\/11\/amazon-fr.jpg 467w, https:\/\/www.culturalusa.com\/news\/wp-content\/uploads\/2012\/11\/amazon-fr-275x165.jpg 275w\" sizes=\"auto, (max-width: 467px) 100vw, 467px\" \/><figcaption id=\"caption-attachment-802\" class=\"wp-caption-text\">Amazon France<\/figcaption><\/figure>Le distributeur en ligne am\u00e9ricain Amazon.com, stimul\u00e9 par une forte croissance de ses ventes, a confirm\u00e9 lundi dans un communiqu\u00e9 qu&rsquo;il allait ouvrir un quatri\u00e8me centre de distribution en France, devant permettre \u00e0 terme de cr\u00e9er 2.500 emplois.<\/p>\n<p>Ce nouveau centre devrait ouvrir au \u00ab\u00a0deuxi\u00e8me semestre 2013\u00a0\u00bb \u00e0 Lauwin-Planque (Nord). Il viendra s&rsquo;ajouter aux trois autres centres de distribution que poss\u00e8de d\u00e9j\u00e0 le g\u00e9ant am\u00e9ricain \u00e0 Saran (Loiret, centre) ouvert en 2007, Mont\u00e9limar ouvert en 2010 (Dr\u00f4me, sud-est), et Sevrey (Sa\u00f4ne-et-Loire, sud-est), inaugur\u00e9 en septembre.<\/p>\n<p>Ces trois centres emploient chacun jusqu&rsquo;\u00e0 1.400 collaborateurs permanents, pr\u00e9cise le communiqu\u00e9.<\/p>\n<p>Le centre nordiste aura une superficie \u00ab\u00a0pouvant s&rsquo;\u00e9tendre jusqu&rsquo;\u00e0 90.000 m\u00e8tres carr\u00e9s\u00a0\u00bb et int\u00e9grera \u00ab\u00a0au terme de son d\u00e9veloppement, d&rsquo;ici 2015 (&#8230;) jusqu&rsquo;\u00e0 2.500 emplois en p\u00e9riode de haute activit\u00e9, permanents et temporaires\u00a0\u00bb, indique Amazon.<\/p>\n<p>Il devra notamment permettre de \u00ab\u00a0traiter plus facilement les commandes des clients situ\u00e9s dans le Nord de la France, mais \u00e9galement en Europe et dans le monde entier\u00a0\u00bb, est-il ajout\u00e9.<\/p>\n<p>L&rsquo;ouverture de ce nouveau centre avait \u00e9t\u00e9 r\u00e9v\u00e9l\u00e9e jeudi par le Figaro, qui rapportait que les d\u00e9m\u00eal\u00e9s du groupe am\u00e9ricain avec le fisc fran\u00e7ais, qui lui r\u00e9clame 252 millions de dollars d&rsquo;arri\u00e9r\u00e9s d&rsquo;imp\u00f4ts, n&rsquo;\u00e9tait pas susceptibles de remettre en cause le projet.<\/p>\n<p>L&rsquo;entrep\u00f4t sera d\u00e9velopp\u00e9 et g\u00e9r\u00e9 par le groupe d&rsquo;immobilier int\u00e9gr\u00e9 Goodman.<\/p>\n<p style=\"text-align:center;\"><script type=\"text\/javascript\"><!--\ngoogle_ad_client = \"ca-pub-2727717456356200\";\n\/* CulturaLusa 468x60 *\/\ngoogle_ad_slot = \"2785499263\";\ngoogle_ad_width = 468;\ngoogle_ad_height = 60;\n\/\/-->\n<\/script><br \/>\n<script type=\"text\/javascript\"\nsrc=\"http:\/\/pagead2.googlesyndication.com\/pagead\/show_ads.js\">\n<\/script><\/p>\n","protected":false},"excerpt":{"rendered":"<p>Le distributeur en ligne am\u00e9ricain Amazon.com, stimul\u00e9 par une forte croissance de ses ventes, a confirm\u00e9 lundi dans un communiqu\u00e9 qu&rsquo;il allait ouvrir un quatri\u00e8me centre de distribution en France, devant permettre \u00e0 terme de cr\u00e9er 2.500 emplois. Ce nouveau centre devrait ouvrir au \u00ab\u00a0deuxi\u00e8me semestre 2013\u00a0\u00bb \u00e0 Lauwin-Planque (Nord). Il viendra s&rsquo;ajouter aux trois [&hellip;]<\/p>\n","protected":false},"author":1,"featured_media":0,"comment_status":"open","ping_status":"closed","sticky":false,"template":"","format":"standard","meta":{"footnotes":""},"categories":[6],"tags":[],"class_list":["post-801","post","type-post","status-publish","format-standard","hentry","category-technologie"],"aioseo_notices":[],"_links":{"self":[{"href":"https:\/\/www.culturalusa.com\/news\/wp-json\/wp\/v2\/posts\/801","targetHints":{"allow":["GET"]}}],"collection":[{"href":"https:\/\/www.culturalusa.com\/news\/wp-json\/wp\/v2\/posts"}],"about":[{"href":"https:\/\/www.culturalusa.com\/news\/wp-json\/wp\/v2\/types\/post"}],"author":[{"embeddable":true,"href":"https:\/\/www.culturalusa.com\/news\/wp-json\/wp\/v2\/users\/1"}],"replies":[{"embeddable":true,"href":"https:\/\/www.culturalusa.com\/news\/wp-json\/wp\/v2\/comments?post=801"}],"version-history":[{"count":0,"href":"https:\/\/www.culturalusa.com\/news\/wp-json\/wp\/v2\/posts\/801\/revisions"}],"wp:attachment":[{"href":"https:\/\/www.culturalusa.com\/news\/wp-json\/wp\/v2\/media?parent=801"}],"wp:term":[{"taxonomy":"category","embeddable":true,"href":"https:\/\/www.culturalusa.com\/news\/wp-json\/wp\/v2\/categories?post=801"},{"taxonomy":"post_tag","embeddable":true,"href":"https:\/\/www.culturalusa.com\/news\/wp-json\/wp\/v2\/tags?post=801"}],"curies":[{"name":"wp","href":"https:\/\/api.w.org\/{rel}","templated":true}]}}