{"id":8043,"date":"2020-10-13T14:46:00","date_gmt":"2020-10-13T12:46:00","guid":{"rendered":"https:\/\/www.culturalusa.com\/news\/?p=8043"},"modified":"2020-10-13T15:46:29","modified_gmt":"2020-10-13T13:46:29","slug":"fatima-les-pelerins-tenus-de-respecter-la-distanciation-sociale","status":"publish","type":"post","link":"https:\/\/www.culturalusa.com\/news\/portugal\/fatima-les-pelerins-tenus-de-respecter-la-distanciation-sociale\/","title":{"rendered":"Fatima: les p\u00e8lerins tenus de respecter la distanciation sociale"},"content":{"rendered":"<p>Des milliers de p\u00e8lerins se sont rassembl\u00e9s mardi, masqu\u00e9s et clairsem\u00e9s, sur la vaste esplanade du sanctuaire catholique de Fatima, dans le centre du Portugal, dont l&rsquo;acc\u00e8s \u00e9tait limit\u00e9 pour \u00e9viter la foule qui avait afflu\u00e9 le mois dernier.<\/p>\n<p>Pour garantir le respect des gestes barri\u00e8re et \u00e9viter la propagation du nouveau coronavirus, les organisateurs avaient fix\u00e9 l&rsquo;affluence maximale \u00e0 6.000 fid\u00e8les, mais ils n&rsquo;\u00e9taient finalement que 4.000 \u00e0 prendre place dans des cercles peints sur le sol \u00e0 intervalles r\u00e9guliers, a indiqu\u00e9 \u00e0 l&rsquo;AFP une porte-parole du sanctuaire.<\/p>\n<p>Debout, \u00e0 genoux ou assis sur des tabourets pliants, ils ont tout de m\u00eame occup\u00e9 seuls, en couple ou par petits groupes de trois, la quasi totalit\u00e9 de l&rsquo;enceinte \u00e0 ciel ouvert qui, en temps normal, peut accueillir jusqu&rsquo;\u00e0 300.000 personnes.<\/p>\n<p>Selon la tradition catholique, la Vierge Marie serait apparue pr\u00e8s du village de Fatima \u00e0 trois jeunes bergers \u00e0 six reprises au cours de l&rsquo;ann\u00e9e 1917, la premi\u00e8re fois le 13 mai et la derni\u00e8re le 13 octobre.<\/p>\n<p>En mai, pour le premier p\u00e8lerinage de l&rsquo;ann\u00e9e, le sanctuaire avait d\u00fb rester ferm\u00e9 aux p\u00e8lerins, et seule une trentaine de ses employ\u00e9s avait pu assister \u00e0 une c\u00e9r\u00e9monie religieuse r\u00e9duite au strict minimum.<\/p>\n<p>Puis, suite \u00e0 la lev\u00e9e des restrictions sanitaires impos\u00e9es au printemps, les fid\u00e8les avaient afflu\u00e9 en masse pour le p\u00e8lerinage du 13 septembre, rendant impossible le respect de la distanciation sociale et obligeant le sanctuaire \u00e0 fermer ses portes.<\/p>\n<p>Les restrictions mises en place mardi sont le r\u00e9sultat d'\u00a0\u00bbune attitude n\u00e9cessaire et responsable face aux limitations de la pand\u00e9mie venue changer radicalement la vie de toute l&rsquo;humanit\u00e9\u00a0\u00bb, a soulign\u00e9 dans son hom\u00e9lie l&rsquo;\u00e9v\u00eaque de Setubal (sud), Mgr Jos\u00e9 Ornelas, qui pr\u00e9sidait aux c\u00e9l\u00e9brations depuis l&rsquo;autel mont\u00e9 sur le parvis de la basilique de Notre-Dame du Rosaire de Fatima.<\/p>\n<p>\u00ab\u00a0C&rsquo;est rassurant car les distances sont bien d\u00e9limit\u00e9es. (&#8230;) Il y a assez de monde, vu les circonstances\u00a0\u00bb, a comment\u00e9 Delphine Ligan, une Ivoirienne de 60 ans qui se rend touts les ans \u00e0 Fatima depuis une dizaine d&rsquo;ann\u00e9es.<\/p>\n<p>Ricardo Cunha, un Portugais de 27 ans, a fait son p\u00e8lerinage \u00e0 pied et en solitaire, alors que d&rsquo;habitude il fait le d\u00e9placement en mai avec un groupe d&rsquo;amis. \u00ab\u00a0Cette ann\u00e9e c&rsquo;est un p\u00e8lerinage plus troublant, mais au moins les conditions de s\u00e9curit\u00e9 sont garanties\u00a0\u00bb, a-t-il t\u00e9moign\u00e9.<\/p>\n<p>L&rsquo;an dernier, quelque 6,3 millions de p\u00e8lerins et touristes avaient visit\u00e9 le sanctuaire situ\u00e9 \u00e0 130 kilom\u00e8tres au nord de Lisbonne, qui figure parmi les sites mariaux les plus fr\u00e9quent\u00e9s au monde \u00e0 l&rsquo;instar de Lourdes en France. (AFP)<\/p>\n","protected":false},"excerpt":{"rendered":"<p>Des milliers de p\u00e8lerins se sont rassembl\u00e9s mardi, masqu\u00e9s et clairsem\u00e9s, sur la vaste esplanade du sanctuaire catholique de Fatima, dans le centre du Portugal, dont l&rsquo;acc\u00e8s \u00e9tait limit\u00e9 pour \u00e9viter la foule qui avait afflu\u00e9 le mois dernier. Pour garantir le respect des gestes barri\u00e8re et \u00e9viter la propagation du nouveau coronavirus, les organisateurs [&hellip;]<\/p>\n","protected":false},"author":1,"featured_media":8044,"comment_status":"open","ping_status":"closed","sticky":false,"template":"","format":"standard","meta":{"footnotes":""},"categories":[3],"tags":[1414,1413,1140],"class_list":["post-8043","post","type-post","status-publish","format-standard","has-post-thumbnail","hentry","category-portugal","tag-cretiens","tag-fatima","tag-pelerins"],"aioseo_notices":[],"_links":{"self":[{"href":"https:\/\/www.culturalusa.com\/news\/wp-json\/wp\/v2\/posts\/8043","targetHints":{"allow":["GET"]}}],"collection":[{"href":"https:\/\/www.culturalusa.com\/news\/wp-json\/wp\/v2\/posts"}],"about":[{"href":"https:\/\/www.culturalusa.com\/news\/wp-json\/wp\/v2\/types\/post"}],"author":[{"embeddable":true,"href":"https:\/\/www.culturalusa.com\/news\/wp-json\/wp\/v2\/users\/1"}],"replies":[{"embeddable":true,"href":"https:\/\/www.culturalusa.com\/news\/wp-json\/wp\/v2\/comments?post=8043"}],"version-history":[{"count":0,"href":"https:\/\/www.culturalusa.com\/news\/wp-json\/wp\/v2\/posts\/8043\/revisions"}],"wp:featuredmedia":[{"embeddable":true,"href":"https:\/\/www.culturalusa.com\/news\/wp-json\/wp\/v2\/media\/8044"}],"wp:attachment":[{"href":"https:\/\/www.culturalusa.com\/news\/wp-json\/wp\/v2\/media?parent=8043"}],"wp:term":[{"taxonomy":"category","embeddable":true,"href":"https:\/\/www.culturalusa.com\/news\/wp-json\/wp\/v2\/categories?post=8043"},{"taxonomy":"post_tag","embeddable":true,"href":"https:\/\/www.culturalusa.com\/news\/wp-json\/wp\/v2\/tags?post=8043"}],"curies":[{"name":"wp","href":"https:\/\/api.w.org\/{rel}","templated":true}]}}