{"id":8046,"date":"2020-10-15T01:13:18","date_gmt":"2020-10-14T23:13:18","guid":{"rendered":"https:\/\/www.culturalusa.com\/news\/?p=8046"},"modified":"2020-10-15T01:20:47","modified_gmt":"2020-10-14T23:20:47","slug":"emmanuel-macron-impose-un-couvre-feu-en-ile-de-france-et-dans-huit-metropoles","status":"publish","type":"post","link":"https:\/\/www.culturalusa.com\/news\/actualite\/emmanuel-macron-impose-un-couvre-feu-en-ile-de-france-et-dans-huit-metropoles\/","title":{"rendered":"Emmanuel Macron impose un couvre-feu en Ile-de-France et dans huit m\u00e9tropoles"},"content":{"rendered":"<p><strong>Covid-19<\/strong>: Le Pr\u00e9sident Emmanuel Macron a annonc\u00e9 mercredi que des <strong>couvre-feux<\/strong> seraient impos\u00e9s d\u00e8s samedi pour un mois, voire jusqu&rsquo;au 1er d\u00e9cembre, en Ile-de-France et dans huit m\u00e9tropoles de 21H00 \u00e0 06H00 pour faire face \u00e0 la situation sanitaire \u00ab\u00a0pr\u00e9occupante\u00a0\u00bb.<\/p>\n<p>\u00ab\u00a0Il nous faut r\u00e9agir\u00a0\u00bb car \u00ab\u00a0le virus est partout en France\u00a0\u00bb, a d\u00e9clar\u00e9 le chef de l&rsquo;Etat au cours d&rsquo;un interview sur TF1 et France 2. \u00ab\u00a0Nous sommes dans une situation qui est pr\u00e9occupante et qui justifie que nous ne soyons ni inactifs, ni dans la panique\u00a0\u00bb, a-t-il ajout\u00e9.<\/p>\n<p>\u00ab\u00a0Nous devons prendre des mesures plus strictes\u00a0\u00bb car \u00ab\u00a0il n&rsquo;y a pas de r\u00e9serves cach\u00e9es de lits\u00a0\u00bb et \u00ab\u00a0nos soignants sont tr\u00e8s fatigu\u00e9s\u00a0\u00bb, a pr\u00e9cis\u00e9 Emmanuel Macron qui s&rsquo;exprimait dans la salle des f\u00eates de l&rsquo;Elys\u00e9e.<\/p>\n<blockquote><p>La mesure la plus spectaculaire est l&rsquo;imposition du couvre-feu total de 21H00 \u00e0 06H00 pour au moins quatre semaines \u00e0 Paris et dans sa r\u00e9gion, \u00ab\u00a0o\u00f9 le virus circule tr\u00e8s activement\u00a0\u00bb ainsi que dans les m\u00e9tropoles de Lille, Grenoble, Lyon, Aix-Marseille, Montpellier, Rouen, Toulouse et Saint-Etienne.<\/p><\/blockquote>\n<p>Ces villes sont les plus touch\u00e9es par la reprise de l&rsquo;\u00e9pid\u00e9mie depuis la rentr\u00e9e et le gouvernement pr\u00e9voit d&rsquo;\u00e9tendre le couvre-feu jusqu&rsquo;au 1er d\u00e9cembre, si le Parlement l&rsquo;autorisait. Le couvre-feu concerne environ 20 millions de personnes.<\/p>\n<blockquote><p>\u00ab\u00a0L&rsquo;objectif c&rsquo;est de pouvoir continuer \u00e0 avoir une vie \u00e9conomique, \u00e0 ce que les \u00e9coles, les lyc\u00e9es, les universit\u00e9s soient ouvertes, \u00e0 ce que nos concitoyens puissent travailler tout \u00e0 fait normalement et \u00e0 ce qu&rsquo;il puisse y avoir une vie sociale mais en r\u00e9duire les asp\u00e9rit\u00e9s\u00a0\u00bb, a-t-il expliqu\u00e9.<\/p><\/blockquote>\n<p>Au printemps, l&rsquo;actuelle crise sanitaire a donn\u00e9 lieu \u00e0 des couvre-feux locaux, la ville de Nice de Christian Estrosi ayant \u00e9t\u00e9 l&rsquo;une des premi\u00e8res \u00e0 annoncer en mars son instauration. Dans la foul\u00e9e, beaucoup de communes avaient fait de m\u00eame, plus d&rsquo;une centaine selon un d\u00e9compte du Journal du dimanche.<\/p>\n<p>Des amendes de 135 euros seront dress\u00e9es en cas de non respect du couvre-feu et des d\u00e9rogations seront accord\u00e9es, par exemple pour ceux qui \u00ab\u00a0rentrent du travail apr\u00e8s 21H00, ou qui travaillent de nuit\u00a0\u00bb, a indiqu\u00e9 le chef de l&rsquo;Etat.<\/p>\n<h3><strong>Pas plus de six \u00e0 table<\/strong><\/h3>\n<p>En revanche, il n&rsquo;y aura ni restrictions de transport lors du couvre-feu, ni de limites de d\u00e9placements entre les r\u00e9gions, a-t-il pr\u00e9cis\u00e9, en ajoutant que ces mesures n&#8217;emp\u00eacheront pas les gens de partir en vacances de la Toussaint qui d\u00e9butent vendredi soir.<\/p>\n<p>\u00ab\u00a0Nous en avons jusqu&rsquo;\u00e0 l&rsquo;\u00e9t\u00e9 2021 au moins avec ce virus\u00a0\u00bb, tous les scientifiques sont clairs\u00a0\u00bb, a pr\u00e9venu Emmanuel Macron.<\/p>\n<p>\u00ab\u00a0Demander aux gens de rester confin\u00e9s dans un appartement et de ne pas aller dans un lieu de vacances, ce serait disproportionn\u00e9\u00a0\u00bb, a-t-il ajout\u00e9.<\/p>\n<p>L&rsquo;hypoth\u00e8se d&rsquo;un couvre-feu avait divis\u00e9 le gouvernement. Selon une source gouvernementale, au moins quatre ministres, dont des poids lourds, \u00e9taient contre, pointant notamment le risque d&rsquo;une fracture sociale, avec les cols blancs pouvant se r\u00e9fugier en t\u00e9l\u00e9travail \u00e0 la campagne pendant que les caissi\u00e8res et autres travailleurs en premi\u00e8re ligne seraient r\u00e9duits au m\u00e9tro-boulot-dodo.<\/p>\n<p>Les professionnels de l&rsquo;h\u00f4tellerie restauration ind\u00e9pendante ont pr\u00e9venu qu&rsquo;un couvre-feu \u00ab\u00a0condamnerait \u00e0 la faillite des milliers d&rsquo;\u00e9tablissements\u00a0\u00bb.<\/p>\n<p>C&rsquo;est surtout dans la sph\u00e8re priv\u00e9e qu&rsquo;Emmanuel Macron esp\u00e8re voir les mentalit\u00e9s changer, en demandant aux Fran\u00e7ais de \u00ab\u00a0ne pas \u00eatre plus de six \u00e0 table\u00a0\u00bb dans les r\u00e9unions priv\u00e9es. Il faut \u00ab\u00a0mettre au maximum le masque, y compris en famille ou entre amis\u00a0\u00bb.<\/p>\n<p>Il a par ailleurs pr\u00e9conis\u00e9 \u00ab\u00a0deux \u00e0 trois jours de t\u00e9l\u00e9-travail par semaine\u00a0\u00bb dans les entreprises o\u00f9 cela est possible, pour \u00ab\u00a0r\u00e9duire un peu la pression collective\u00a0\u00bb. \u00ab\u00a0Il faut que ce soit aussi n\u00e9goci\u00e9 dans les branches et au plus pr\u00e8s dans l&rsquo;entreprise\u00a0\u00bb, selon lui.<\/p>\n<h3><strong>Etat d&rsquo;urgence<\/strong><\/h3>\n<p>Les derniers chiffres montrent encore une aggravation de la situation avec plus de 100 morts et 193 personnes admises en r\u00e9animation sur 24 heures. Une r\u00e9surgence inqui\u00e9tante de la pand\u00e9mie qui conduit d&rsquo;autres pays europ\u00e9ens \u00e0 durcir aussi les mesures pour \u00e9viter un confinement d\u00e9vastateur pour l&rsquo;\u00e9conomie.<\/p>\n<p>Mercredi, la Catalogne a annonc\u00e9 la fermeture des bars et restaurants pendant 15 jours, alors que la chanceli\u00e8re Angela Merkel veut imposer de nouvelles restrictions en Allemagne.<\/p>\n<p>Le Premier ministre Jean Castex d\u00e9taillera les nouvelles mesures lors d&rsquo;une conf\u00e9rence de presse jeudi apr\u00e8s-midi avec les ministres Bruno Le Maire (Economie), Olivier V\u00e9ran (Sant\u00e9), G\u00e9rald Darmanin (Int\u00e9rieur) et Elisabeth (Travail).<\/p>\n<p>La mairie de Paris a \u00e9galement pr\u00e9vu de se r\u00e9unir jeudi apr\u00e8s-midi avec la pr\u00e9fecture de police pour \u00ab\u00a0organiser la mise en oeuvre des mesures\u00a0\u00bb.<\/p>\n<p>Avant l&rsquo;intervention du pr\u00e9sident, le gouvernement a r\u00e9tabli par d\u00e9cret l&rsquo;\u00e9tat d&rsquo;urgence sanitaire, qui avait pris fin le 10 juillet, \u00e0 partir du 17 octobre \u00e0 0H00 sur l&rsquo;ensemble du territoire national, \u00ab\u00a0afin que les mesures strictement proportionn\u00e9es aux risques sanitaires encourus puissent \u00eatre prises\u00a0\u00bb.<br \/>\nCe r\u00e9gime offre un cadre juridique permettant d&rsquo;encadrer certaines restrictions allant jusqu&rsquo;au confinement. (AFP)<\/p>\n","protected":false},"excerpt":{"rendered":"<p>Covid-19: Le Pr\u00e9sident Emmanuel Macron a annonc\u00e9 mercredi que des couvre-feux seraient impos\u00e9s d\u00e8s samedi pour un mois, voire jusqu&rsquo;au 1er d\u00e9cembre, en Ile-de-France et dans huit m\u00e9tropoles de 21H00 \u00e0 06H00 pour faire face \u00e0 la situation sanitaire \u00ab\u00a0pr\u00e9occupante\u00a0\u00bb. \u00ab\u00a0Il nous faut r\u00e9agir\u00a0\u00bb car \u00ab\u00a0le virus est partout en France\u00a0\u00bb, a d\u00e9clar\u00e9 le chef [&hellip;]<\/p>\n","protected":false},"author":1,"featured_media":8047,"comment_status":"open","ping_status":"closed","sticky":false,"template":"","format":"standard","meta":{"footnotes":""},"categories":[30],"tags":[1415,1214,642,367],"class_list":["post-8046","post","type-post","status-publish","format-standard","has-post-thumbnail","hentry","category-actualite","tag-couvre-feu","tag-covid-19","tag-emmanuel-macron","tag-etat-durgence"],"aioseo_notices":[],"_links":{"self":[{"href":"https:\/\/www.culturalusa.com\/news\/wp-json\/wp\/v2\/posts\/8046","targetHints":{"allow":["GET"]}}],"collection":[{"href":"https:\/\/www.culturalusa.com\/news\/wp-json\/wp\/v2\/posts"}],"about":[{"href":"https:\/\/www.culturalusa.com\/news\/wp-json\/wp\/v2\/types\/post"}],"author":[{"embeddable":true,"href":"https:\/\/www.culturalusa.com\/news\/wp-json\/wp\/v2\/users\/1"}],"replies":[{"embeddable":true,"href":"https:\/\/www.culturalusa.com\/news\/wp-json\/wp\/v2\/comments?post=8046"}],"version-history":[{"count":0,"href":"https:\/\/www.culturalusa.com\/news\/wp-json\/wp\/v2\/posts\/8046\/revisions"}],"wp:featuredmedia":[{"embeddable":true,"href":"https:\/\/www.culturalusa.com\/news\/wp-json\/wp\/v2\/media\/8047"}],"wp:attachment":[{"href":"https:\/\/www.culturalusa.com\/news\/wp-json\/wp\/v2\/media?parent=8046"}],"wp:term":[{"taxonomy":"category","embeddable":true,"href":"https:\/\/www.culturalusa.com\/news\/wp-json\/wp\/v2\/categories?post=8046"},{"taxonomy":"post_tag","embeddable":true,"href":"https:\/\/www.culturalusa.com\/news\/wp-json\/wp\/v2\/tags?post=8046"}],"curies":[{"name":"wp","href":"https:\/\/api.w.org\/{rel}","templated":true}]}}