{"id":8063,"date":"2020-10-17T00:01:20","date_gmt":"2020-10-16T22:01:20","guid":{"rendered":"https:\/\/www.culturalusa.com\/news\/?p=8063"},"modified":"2020-10-17T00:44:17","modified_gmt":"2020-10-16T22:44:17","slug":"belgique-coronavirus-couvre-feu-entre-minuit-et-5-heures-du-matin-dans-toute-la-belgique","status":"publish","type":"post","link":"https:\/\/www.culturalusa.com\/news\/belgique\/belgique-coronavirus-couvre-feu-entre-minuit-et-5-heures-du-matin-dans-toute-la-belgique\/","title":{"rendered":"Belgique Coronavirus: couvre-feu entre minuit et 5 heures du matin dans toute la Belgique"},"content":{"rendered":"<p>\u00c0 la suite du Comit\u00e9 de concertation de ce vendredi 16 octobre, un couvre-feu a \u00e9t\u00e9 d\u00e9cr\u00e9t\u00e9 par le gouvernement f\u00e9d\u00e9ral. <strong>D\u00e8s lundi 19 octobre, il sera interdit de sortir de chez soi entre minuit et 5 heures du matin<\/strong>.<\/p>\n<h3><strong>Les mesures adopt\u00e9es <\/strong><\/h3>\n<p>&#8211; La bulle sociale : notre bulle de contact rapproch\u00e9e devrait \u00eatre r\u00e9duite \u00e0 une seule personne. Cette personne n&rsquo;appartient pas au m\u00e9nage. Quant aux rassemblements priv\u00e9s mais dans le respect des r\u00e8gles sanitaires ( c&rsquo;est-\u00e0-dire avec le port du masque et la distanciation sociale)<\/p>\n<p>&#8211; Le t\u00e9l\u00e9travail devient la norme : lorsqu&rsquo;il n&rsquo;est pas possible il faudra faire le maximum pour prot\u00e9ger les employ\u00e9s<\/p>\n<p>&#8211; Tous les \u00e9tablissement de l&rsquo;Horeca fermeront pour un mois, avec une \u00e9valuation d&rsquo;ici deux semaines pour voir si la mesure doit rester de mise. Un plan de soutien sera propos\u00e9 aux secteurs touch\u00e9s.<\/p>\n<p>&#8211; Les march\u00e9s de petite ampleur pourront rester ouvert avec un maximum de 200 personnes. En revanche, les march\u00e9s de No\u00ebl sont annul\u00e9s.<\/p>\n<p>&#8211; Les ventes d&rsquo;alcool seront interdites d\u00e8s 20h.<br \/>\n&#8211; <strong>Un couvre-feu sera adopt\u00e9 de minuit \u00e0 5h du matin<\/strong><\/p>\n<h3><strong>La bulle de contact r\u00e9duite<\/strong><\/h3>\n<p>Concernant la \u00ab\u00a0bulle\u00a0\u00bb des contacts, chaque citoyen devra r\u00e9duire le nombre de personnes avec lesquelles il peut avoir des contacts rapproch\u00e9s en dehors de son foyer. Et cette limite est fix\u00e9e \u00e0 une personne par mois. Les contacts rapproch\u00e9s sont ceux que l\u2019on a sans respecter la distance de s\u00e9curit\u00e9 d\u20191,5 m\u00e8tre, est sans porter un masque facial. C\u2019est le fait de pouvoir s\u2019embrasser sans prendre de pr\u00e9cautions, par exemple.<\/p>\n<p>Pour ce qui est des contacts plus \u00e9largis, dans le respect des r\u00e8gles sanitaires, ils seront limit\u00e9s \u00e0 4 personnes, les m\u00eames pour une dur\u00e9e de deux semaines. Cela signifie que vous ne pouvez pas inviter plus de 4 personnes chez vous et que la rencontre doit se faire \u00e0 1m50 de distance ou avec le port du masque.<\/p>\n<h3><strong>Les \u00e9tablissements Horeca ferment pour un mois d\u00e8s lundi 23h59<\/strong><\/h3>\n<p>\u00c0 partir du lundi 19 octobre, tous les \u00e9tablissements Horeca devront fermer leurs portes pendant 4 semaines. Une d\u00e9cision forte qui \u00e0 propos de l&rsquo;Horeca qui a mis du temps \u00e0 se dessiner. Les discussions autour de la table ont \u00e9t\u00e9 difficiles, notamment \u00e0 cause des diff\u00e9rences de vues entre le f\u00e9d\u00e9ral et les entit\u00e9s f\u00e9d\u00e9r\u00e9es.<\/p>\n<p>Pour rappel, les caf\u00e9s et les bars de la R\u00e9gion bruxelloises sont ferm\u00e9s 24h\/24 depuis le 8 octobre pour une p\u00e9riode d&rsquo;un mois, les autres r\u00e9gions devront devoir suivre.<\/p>\n<p>Des mesures de soutien tant au niveau f\u00e9d\u00e9ral qu&rsquo;au niveau r\u00e9gional ont \u00e9t\u00e9 annonc\u00e9es pour venir en aide aux secteurs touch\u00e9s. Selon nos informations, on parle d&rsquo;un plan national de 500 millions d&rsquo;euros. \u00ab\u00a0Si il y a fermeture, il doit y avoir soutien \u00e9conomique\u00a0\u00bb, a martel\u00e9 le ministre de la sant\u00e9 Franck Vandenbrouck.<\/p>\n<p>Cette mesure devrait entrer en vigueur d\u00e8s lundi \u00e0 23h59 et pour une dur\u00e9e d&rsquo;un mois avec une \u00e9valuation dans quinze jours.<\/p>\n<p>Le Premier ministre a souhait\u00e9 touch\u00e9 un mot au secteur : \u00ab\u00a0les personnes qui travaillent dans l&rsquo;Horeca le font avec conviction. Et ces mesures ont pour but d&rsquo;\u00e9viter le pire. Mais je me rends compte que pour ces entreprises, ces mesures sont injustes.<\/p>\n<p>Pour ces entreprises, nous allons pr\u00e9voir de doubler le droit de passerelle pour ceux qui sont oblig\u00e9s de fermer leur portes, nous pr\u00e9voyons les reports de paiements et une exon\u00e9ration provisoire aux cotisations ONSS\u00a0\u00bb.<\/p>\n<h3><strong>Le t\u00e9l\u00e9travail devient la norme<\/strong><\/h3>\n<p>Parmi les mesures prises \u00e0 l\u2019issue du comit\u00e9 de concertation qui s\u2019est r\u00e9uni ce vendredi, l\u2019obligation de recourir au au t\u00e9l\u00e9travail figure en bonne place.<\/p>\n<p>C\u2019est l\u2019une des solutions fortes mises en avant par les autorit\u00e9s pour tenter d\u2019enrayer la progression du Coronavirus. D\u00e9sormais, les entreprises sont oblig\u00e9es de g\u00e9n\u00e9raliser le t\u00e9l\u00e9travail partout o\u00f9 c\u2019est envisageable.<\/p>\n<h3><strong>Le barom\u00e8tre de la situation \u00e9pid\u00e9miologique n&rsquo;est pas encore fini<\/strong><\/h3>\n<p>Il y a \u00e9galement le barom\u00e8tre de la situation \u00e9pid\u00e9miologique en Belgique. Au d\u00e9part, il \u00e9tait pr\u00e9vu qu&rsquo;il soit repr\u00e9sent\u00e9 par des codes \u00ab\u00a0couleur\u00a0\u00bb avec une phase verte, jaune, orange et rouge.<\/p>\n<p>Mais finalement, il devrait s&rsquo;agir de niveaux de un \u00e0 quatre. Chaque niveau aura son lot de mesures. Vu la situation actuelle, nous serions probablement dans le niveau 4, le plus critique.<\/p>\n<p>Pour l&rsquo;heure ce barom\u00e8tre n&rsquo;est pas d\u00e9finitif, d&rsquo;autres \u00e9l\u00e9ments doivent entrer en compte. Le barom\u00e8tre devrait \u00eatre pr\u00e9sent\u00e9 d&rsquo;ici une semaine, vendredi prochain.<\/p>\n<p>Pour ce niveau quatre, il devrait donc y avoir des mesures plus strictes pour tenter d\u2019endiguer la deuxi\u00e8me vague. Pour l\u2019\u00e9pid\u00e9miologiste Marius Gilbert, cela serait d\u00fb au laxisme de certaines personnes ces derni\u00e8res semaines.<\/p>\n<p>Selon la VRT, les couleurs ont \u00e9t\u00e9 abandonn\u00e9es afin de ne pas cr\u00e9er de confusion avec les codes de couleur dans l&rsquo;enseignement.<\/p>\n<h3><strong>Le statut quo reste d&rsquo;application pour le secteur \u00e9v\u00e9nementiel<\/strong><\/h3>\n<p>Pour le secteur \u00e9v\u00e9nementiel, le statu quo reste \u00e9galement d&rsquo;application.<\/p>\n<p>Les activit\u00e9s non couvertes par les protocoles sont limit\u00e9es \u00e0 40 personnes. La consommations de boissons et de nourriture sur place est interdite.<\/p>\n<p>Les march\u00e9s et petites foires (maximum 200 personnes) resteront ouverts conform\u00e9ment aux r\u00e8gles existantes. Les march\u00e9s aux puces, brocantes, march\u00e9s annuels, march\u00e9s de No\u00ebl et les villages d&rsquo;hiver seront interdits. (RTBF)<\/p>\n","protected":false},"excerpt":{"rendered":"<p>\u00c0 la suite du Comit\u00e9 de concertation de ce vendredi 16 octobre, un couvre-feu a \u00e9t\u00e9 d\u00e9cr\u00e9t\u00e9 par le gouvernement f\u00e9d\u00e9ral. D\u00e8s lundi 19 octobre, il sera interdit de sortir de chez soi entre minuit et 5 heures du matin. Les mesures adopt\u00e9es &#8211; La bulle sociale : notre bulle de contact rapproch\u00e9e devrait \u00eatre [&hellip;]<\/p>\n","protected":false},"author":1,"featured_media":8064,"comment_status":"open","ping_status":"closed","sticky":false,"template":"","format":"standard","meta":{"footnotes":""},"categories":[1177],"tags":[1179,1419,1415],"class_list":["post-8063","post","type-post","status-publish","format-standard","has-post-thumbnail","hentry","category-belgique","tag-belgique","tag-belgique-coronavirus","tag-couvre-feu"],"aioseo_notices":[],"_links":{"self":[{"href":"https:\/\/www.culturalusa.com\/news\/wp-json\/wp\/v2\/posts\/8063","targetHints":{"allow":["GET"]}}],"collection":[{"href":"https:\/\/www.culturalusa.com\/news\/wp-json\/wp\/v2\/posts"}],"about":[{"href":"https:\/\/www.culturalusa.com\/news\/wp-json\/wp\/v2\/types\/post"}],"author":[{"embeddable":true,"href":"https:\/\/www.culturalusa.com\/news\/wp-json\/wp\/v2\/users\/1"}],"replies":[{"embeddable":true,"href":"https:\/\/www.culturalusa.com\/news\/wp-json\/wp\/v2\/comments?post=8063"}],"version-history":[{"count":0,"href":"https:\/\/www.culturalusa.com\/news\/wp-json\/wp\/v2\/posts\/8063\/revisions"}],"wp:featuredmedia":[{"embeddable":true,"href":"https:\/\/www.culturalusa.com\/news\/wp-json\/wp\/v2\/media\/8064"}],"wp:attachment":[{"href":"https:\/\/www.culturalusa.com\/news\/wp-json\/wp\/v2\/media?parent=8063"}],"wp:term":[{"taxonomy":"category","embeddable":true,"href":"https:\/\/www.culturalusa.com\/news\/wp-json\/wp\/v2\/categories?post=8063"},{"taxonomy":"post_tag","embeddable":true,"href":"https:\/\/www.culturalusa.com\/news\/wp-json\/wp\/v2\/tags?post=8063"}],"curies":[{"name":"wp","href":"https:\/\/api.w.org\/{rel}","templated":true}]}}