{"id":807,"date":"2012-12-01T12:43:28","date_gmt":"2012-12-01T11:43:28","guid":{"rendered":"http:\/\/www.culturalusa.com\/news\/?p=807"},"modified":"2012-12-03T12:33:11","modified_gmt":"2012-12-03T11:33:11","slug":"la-banque-centrale-dabu-dhabi-veut-acheter-de-la-dette-publique-du-portugal","status":"publish","type":"post","link":"https:\/\/www.culturalusa.com\/news\/portugal\/la-banque-centrale-dabu-dhabi-veut-acheter-de-la-dette-publique-du-portugal\/","title":{"rendered":"La banque centrale d&rsquo;Abu Dhabi veut acheter de la dette publique du Portugal"},"content":{"rendered":"<figure id=\"attachment_808\" aria-describedby=\"caption-attachment-808\" style=\"width: 467px\" class=\"wp-caption aligncenter\"><img loading=\"lazy\" decoding=\"async\" src=\"http:\/\/www.culturalusa.com\/news\/wp-content\/uploads\/2012\/12\/Banque-Abu-Dhabi.jpg\" alt=\"\" title=\"Banque Abu Dhabi\" width=\"467\" height=\"280\" class=\"size-full wp-image-808\" srcset=\"https:\/\/www.culturalusa.com\/news\/wp-content\/uploads\/2012\/12\/Banque-Abu-Dhabi.jpg 467w, https:\/\/www.culturalusa.com\/news\/wp-content\/uploads\/2012\/12\/Banque-Abu-Dhabi-275x165.jpg 275w\" sizes=\"auto, (max-width: 467px) 100vw, 467px\" \/><figcaption id=\"caption-attachment-808\" class=\"wp-caption-text\">La banque centrale d&rsquo;Abu Dhabi veut acheter de la dette du Portugal<\/figcaption><\/figure>La banque centrale d&rsquo;Abu Dhabi a l&rsquo;intention d&rsquo;acheter de la dette publique du Portugal, pays sous assistance internationale cens\u00e9 se financer normalement \u00e0 partir de l&rsquo;an prochain, a indiqu\u00e9 le gouverneur Nasser Al Suwaidi dans un entretien paru vendredi.<\/p>\n<p>\u00ab\u00a0Le Portugal a fait des pas vers son redressement. L&rsquo;Irlande a d\u00e9j\u00e0 r\u00e9ussi \u00e0 surmonter la crise et, maintenant, le deuxi\u00e8me pays \u00e0 le faire en Europe sera le Portugal. Nous avons donc l&rsquo;intention d&rsquo;acheter de la dette publique portugaise\u00a0\u00bb, a d\u00e9clar\u00e9 M. Al Suwaidi au quotidien \u00e9conomique portugais Diario Economico.<\/p>\n<p>\u00ab\u00a0J&rsquo;ai confiance que l&rsquo;Europe va surmonter la crise financi\u00e8re\u00a0\u00bb, a ajout\u00e9 le gouverneur, en marge d&rsquo;une conf\u00e9rence aux Emirats Arabes Unis, estimant en outre que, \u00ab\u00a0comme le Portugal, l&rsquo;Italie aussi est sur la bonne voie\u00a0\u00bb.<\/p>\n<p>Apr\u00e8s la Gr\u00e8ce et l&rsquo;Irlande, le Portugal a \u00e9t\u00e9 le troisi\u00e8me pays de la zone euro \u00e0 demander une aide financi\u00e8re \u00e0 l&rsquo;Union europ\u00e9enne et au Fonds mon\u00e9taire international.<\/p>\n<p>En \u00e9change d&rsquo;un pr\u00eat de 78 milliards d&rsquo;euros accord\u00e9 en mai 2011, Lisbonne s&rsquo;est engag\u00e9 \u00e0 mettre en oeuvre un programme de rigueur et de r\u00e9formes qui doit lui permettre de revenir sur les march\u00e9s priv\u00e9s de la dette \u00e0 moyen et long terme en septembre 2013.<\/p>\n<p>Si le pays peine \u00e0 r\u00e9duire ses d\u00e9ficits alors que son \u00e9conomie s&rsquo;enfonce dans la r\u00e9cession, le Tr\u00e9sor portugais parvient r\u00e9guli\u00e8rement \u00e0 emprunter \u00e0 court terme.<\/p>\n<p>T\u00e9moignant \u00e9galement d&rsquo;un regain de confiance des investisseurs, les taux d&rsquo;int\u00e9r\u00eat de la dette portugaise \u00e0 deux ans \u00e9voluaient sous la barre des 4% sur le march\u00e9 secondaire, o\u00f9 s&rsquo;\u00e9changent les titres d\u00e9j\u00e0 \u00e9mis.<\/p>\n<p>Par ailleurs, plusieurs grandes entreprises portugaises sont parvenues ces derniers mois \u00e0 emprunter sur les march\u00e9s, auxquels elles n&rsquo;avaient plus acc\u00e8s depuis le d\u00e9but de la crise de dette.<\/p>\n<p>Mardi, la banque publique Caixa geral de depositos a \u00e9mis des obligations \u00e0 trois ans pour un montant de 500 millions d&rsquo;euros, une premi\u00e8re pour une institution d\u00e9tenue par l&rsquo;Etat portugais depuis pr\u00e8s de trois ans. (AFP)<\/p>\n<p style=\"text-align:center;\"><script type=\"text\/javascript\"><!--\ngoogle_ad_client = \"ca-pub-2727717456356200\";\n\/* CulturaLusa 468x60 *\/\ngoogle_ad_slot = \"2785499263\";\ngoogle_ad_width = 468;\ngoogle_ad_height = 60;\n\/\/-->\n<\/script><br \/>\n<script type=\"text\/javascript\"\nsrc=\"http:\/\/pagead2.googlesyndication.com\/pagead\/show_ads.js\">\n<\/script><\/p>\n","protected":false},"excerpt":{"rendered":"<p>La banque centrale d&rsquo;Abu Dhabi a l&rsquo;intention d&rsquo;acheter de la dette publique du Portugal, pays sous assistance internationale cens\u00e9 se financer normalement \u00e0 partir de l&rsquo;an prochain, a indiqu\u00e9 le gouverneur Nasser Al Suwaidi dans un entretien paru vendredi. \u00ab\u00a0Le Portugal a fait des pas vers son redressement. L&rsquo;Irlande a d\u00e9j\u00e0 r\u00e9ussi \u00e0 surmonter la [&hellip;]<\/p>\n","protected":false},"author":1,"featured_media":0,"comment_status":"open","ping_status":"closed","sticky":false,"template":"","format":"standard","meta":{"footnotes":""},"categories":[3],"tags":[],"class_list":["post-807","post","type-post","status-publish","format-standard","hentry","category-portugal"],"aioseo_notices":[],"_links":{"self":[{"href":"https:\/\/www.culturalusa.com\/news\/wp-json\/wp\/v2\/posts\/807","targetHints":{"allow":["GET"]}}],"collection":[{"href":"https:\/\/www.culturalusa.com\/news\/wp-json\/wp\/v2\/posts"}],"about":[{"href":"https:\/\/www.culturalusa.com\/news\/wp-json\/wp\/v2\/types\/post"}],"author":[{"embeddable":true,"href":"https:\/\/www.culturalusa.com\/news\/wp-json\/wp\/v2\/users\/1"}],"replies":[{"embeddable":true,"href":"https:\/\/www.culturalusa.com\/news\/wp-json\/wp\/v2\/comments?post=807"}],"version-history":[{"count":0,"href":"https:\/\/www.culturalusa.com\/news\/wp-json\/wp\/v2\/posts\/807\/revisions"}],"wp:attachment":[{"href":"https:\/\/www.culturalusa.com\/news\/wp-json\/wp\/v2\/media?parent=807"}],"wp:term":[{"taxonomy":"category","embeddable":true,"href":"https:\/\/www.culturalusa.com\/news\/wp-json\/wp\/v2\/categories?post=807"},{"taxonomy":"post_tag","embeddable":true,"href":"https:\/\/www.culturalusa.com\/news\/wp-json\/wp\/v2\/tags?post=807"}],"curies":[{"name":"wp","href":"https:\/\/api.w.org\/{rel}","templated":true}]}}